{"id":9983,"date":"2023-05-15T14:36:22","date_gmt":"2023-05-15T17:36:22","guid":{"rendered":"https:\/\/sincomavi.org.br\/?p=9983"},"modified":"2023-05-15T14:36:43","modified_gmt":"2023-05-15T17:36:43","slug":"participe-da-campanha-unidos-pelo-senac-unidos-pelo-sesc","status":"publish","type":"post","link":"https:\/\/sincomavi.org.br\/?p=9983","title":{"rendered":"Participe da campanha: Unidos pelo Senac. Unidos pelo Sesc."},"content":{"rendered":"<style>.wp-block-kadence-spacer.kt-block-spacer-_98af48-41 .kt-block-spacer{height:60px;}.wp-block-kadence-spacer.kt-block-spacer-_98af48-41 .kt-divider{border-top-width:1px;height:1px;border-top-color:#eee;width:80%;border-top-style:solid;}<\/style>\n<div class=\"wp-block-kadence-spacer aligncenter kt-block-spacer-_98af48-41\"><div class=\"kt-block-spacer kt-block-spacer-halign-center\"><hr class=\"kt-divider\"\/><\/div><\/div>\n\n\n\n<p>O Senado Federal analisa atualmente os artigos 11 e 12 do Projeto de Lei de Convers\u00e3o (PLV 9\/2023), que prev\u00ea o repasse de 5% dos recursos da Uni\u00e3o reservados ao Sesc e Senac para a Ag\u00eancia Brasileira de Promo\u00e7\u00e3o Internacional do Turismo (Embratur). Essa altera\u00e7\u00e3o representar\u00e1 um impacto muito grande n\u00e3o s\u00f3 para os profissionais do com\u00e9rcio, mas tamb\u00e9m para a popula\u00e7\u00e3o brasileira.<\/p>\n\n\n\n<p>Estimativas iniciais da Confedera\u00e7\u00e3o do Com\u00e9rcio de Bens, Servi\u00e7os e Turismo (CNC) mostram que, no caso do Sesc, deixar\u00e3o de ser aplicados cerca de 120 milh\u00f5es em atendimentos gratuitos. Haver\u00e1 ainda redu\u00e7\u00e3o de 2,6 milh\u00f5es de quilos de alimentos distribu\u00eddos e diminui\u00e7\u00e3o na realiza\u00e7\u00e3o de 2,6 mil exames cl\u00ednicos. Al\u00e9m disso, 36 unidades dos Sesc dever\u00e3o encerrar suas atividades. J\u00e1 o Senac contar\u00e1 com uma queda de 7 milh\u00f5es de horas-aula gratuitas e a perda da possibilidade de oferecimento de 31.115 matr\u00edculas gratuitas. Outros impactos previstos: finaliza\u00e7\u00e3o do funcionamento de 29 centros de forma\u00e7\u00e3o profissional, fechamento de 23 laborat\u00f3rios em turismo, corte de 1.623 postos de trabalho e encerramento de atividades em 95 munic\u00edpios.<\/p>\n\n\n\n<p>Diante de tal realidade, todo o sistema de representa\u00e7\u00e3o do com\u00e9rcio est\u00e1 se mobilizando para defender os interesses dos profissionais que trabalham no setor e da sociedade brasileira.<\/p>\n\n\n\n<p>Participe voc\u00ea tamb\u00e9m por meio de peti\u00e7\u00e3o p\u00fablica no formato de abaixo-assinado.<\/p>\n\n\n<style>.wp-block-kadence-advancedbtn.kb-btns_e284eb-eb{gap:var(--global-kb-gap-xs, 0.5rem );justify-content:center;align-items:center;}.kt-btns_e284eb-eb .kt-button{font-weight:normal;font-style:normal;}.kt-btns_e284eb-eb .kt-btn-wrap-0{margin-right:5px;}.wp-block-kadence-advancedbtn.kt-btns_e284eb-eb .kt-btn-wrap-0 .kt-button{color:#555555;border-color:#555555;}.wp-block-kadence-advancedbtn.kt-btns_e284eb-eb .kt-btn-wrap-0 .kt-button:hover, .wp-block-kadence-advancedbtn.kt-btns_e284eb-eb .kt-btn-wrap-0 .kt-button:focus{color:#ffffff;border-color:#444444;}.wp-block-kadence-advancedbtn.kt-btns_e284eb-eb .kt-btn-wrap-0 .kt-button::before{display:none;}.wp-block-kadence-advancedbtn.kt-btns_e284eb-eb .kt-btn-wrap-0 .kt-button:hover, .wp-block-kadence-advancedbtn.kt-btns_e284eb-eb .kt-btn-wrap-0 .kt-button:focus{background:#444444;}<\/style>\n<div class=\"wp-block-kadence-advancedbtn kt-btn-align-center kt-btn-tablet-align-inherit kt-btn-mobile-align-inherit kt-btns-wrap kt-btns_e284eb-eb\"><div class=\"kt-btn-wrap kt-btn-wrap-0\"><a class=\"kt-button button kt-btn-0-action kt-btn-size-standard kt-btn-style-basic kt-btn-svg-show-always kt-btn-has-text-true kt-btn-has-svg-false\" href=\"https:\/\/peticaopublica.com.br\/pview.aspx?pi=BR131846.\" target=\"_blank\" rel=\"noreferrer noopener\"><span class=\"kt-btn-inner-text\">CLIQUE AQUI<\/span><\/a><\/div><\/div>\n\n\n<style>.wp-block-kadence-spacer.kt-block-spacer-_9fd560-aa .kt-block-spacer{height:60px;}.wp-block-kadence-spacer.kt-block-spacer-_9fd560-aa .kt-divider{border-top-width:1px;height:1px;border-top-color:#eee;width:80%;border-top-style:solid;}<\/style>\n<div class=\"wp-block-kadence-spacer aligncenter kt-block-spacer-_9fd560-aa\"><div class=\"kt-block-spacer kt-block-spacer-halign-center\"><hr class=\"kt-divider\"\/><\/div><\/div>\n","protected":false},"excerpt":{"rendered":"<p>O Senado Federal analisa atualmente os artigos 11 e 12 do Projeto de Lei de Convers\u00e3o (PLV 9\/2023), que prev\u00ea o repasse de 5% dos recursos da Uni\u00e3o reservados ao Sesc e Senac para a Ag\u00eancia Brasileira de Promo\u00e7\u00e3o Internacional do Turismo (Embratur). Essa altera\u00e7\u00e3o representar\u00e1 um impacto muito grande n\u00e3o s\u00f3 para os profissionais [&hellip;]<\/p>\n","protected":false},"author":1,"featured_media":9984,"comment_status":"closed","ping_status":"open","sticky":false,"template":"","format":"standard","meta":{"tdm_status":"","tdm_grid_status":"","footnotes":""},"categories":[153],"tags":[196,346,689],"class_list":["post-9983","post","type-post","status-publish","format-standard","has-post-thumbnail","hentry","category-noticias","tag-campanha","tag-senac","tag-sesc"],"amp_enabled":true,"_links":{"self":[{"href":"https:\/\/sincomavi.org.br\/index.php?rest_route=\/wp\/v2\/posts\/9983","targetHints":{"allow":["GET"]}}],"collection":[{"href":"https:\/\/sincomavi.org.br\/index.php?rest_route=\/wp\/v2\/posts"}],"about":[{"href":"https:\/\/sincomavi.org.br\/index.php?rest_route=\/wp\/v2\/types\/post"}],"author":[{"embeddable":true,"href":"https:\/\/sincomavi.org.br\/index.php?rest_route=\/wp\/v2\/users\/1"}],"replies":[{"embeddable":true,"href":"https:\/\/sincomavi.org.br\/index.php?rest_route=%2Fwp%2Fv2%2Fcomments&post=9983"}],"version-history":[{"count":2,"href":"https:\/\/sincomavi.org.br\/index.php?rest_route=\/wp\/v2\/posts\/9983\/revisions"}],"predecessor-version":[{"id":9986,"href":"https:\/\/sincomavi.org.br\/index.php?rest_route=\/wp\/v2\/posts\/9983\/revisions\/9986"}],"wp:featuredmedia":[{"embeddable":true,"href":"https:\/\/sincomavi.org.br\/index.php?rest_route=\/wp\/v2\/media\/9984"}],"wp:attachment":[{"href":"https:\/\/sincomavi.org.br\/index.php?rest_route=%2Fwp%2Fv2%2Fmedia&parent=9983"}],"wp:term":[{"taxonomy":"category","embeddable":true,"href":"https:\/\/sincomavi.org.br\/index.php?rest_route=%2Fwp%2Fv2%2Fcategories&post=9983"},{"taxonomy":"post_tag","embeddable":true,"href":"https:\/\/sincomavi.org.br\/index.php?rest_route=%2Fwp%2Fv2%2Ftags&post=9983"}],"curies":[{"name":"wp","href":"https:\/\/api.w.org\/{rel}","templated":true}]}}