{"id":9917,"date":"2023-04-26T14:22:42","date_gmt":"2023-04-26T17:22:42","guid":{"rendered":"https:\/\/sincomavi.org.br\/?p=9917"},"modified":"2023-04-26T14:22:43","modified_gmt":"2023-04-26T17:22:43","slug":"alta-de-023-no-incc-em-abril","status":"publish","type":"post","link":"https:\/\/sincomavi.org.br\/?p=9917","title":{"rendered":"Alta de 0,23% no INCC em abril"},"content":{"rendered":"<style>.wp-block-kadence-spacer.kt-block-spacer-_687616-02 .kt-block-spacer{height:60px;}.wp-block-kadence-spacer.kt-block-spacer-_687616-02 .kt-divider{border-top-width:1px;height:1px;border-top-color:#eee;width:80%;border-top-style:solid;}<\/style>\n<div class=\"wp-block-kadence-spacer aligncenter kt-block-spacer-_687616-02\"><div class=\"kt-block-spacer kt-block-spacer-halign-center\"><hr class=\"kt-divider\"\/><\/div><\/div>\n\n\n\n<p>O&nbsp;\u00cdndice Nacional de Custo da Constru\u00e7\u00e3o \u2013 M (INCC-M), do FGV, contou com uma varia\u00e7\u00e3o positiva de 0,23% em abril, resultado superior ao registrado em mar\u00e7o (0,18%). Em 2023, o indicador j\u00e1 acumula eleva\u00e7\u00e3o de 0,93% no ano e, em 12 meses, de 7,48%. Tanto \u201cMateriais, Equipamentos e Servi\u00e7os\u201d como \u201cM\u00e3o de Obra\u201d tiveram aumento no per\u00edodo, ambos de 0,23%.<br>&nbsp;<\/p>\n\n\n\n<p>Dentro do grupo \u201cMateriais, Equipamentos e Servi\u00e7os\u201d, a taxa correspondente a Materiais e Equipamentos sofreu alta de 0,14% em abril, ap\u00f3s cair 0,07% no m\u00eas anterior. As varia\u00e7\u00f5es mais acentuadas ocorreram em material met\u00e1lico (-1,64%), instala\u00e7\u00e3o hidr\u00e1ulica (+2,54%) e instala\u00e7\u00e3o el\u00e9trica (+0,35%). Em rela\u00e7\u00e3o aos produtos, a lideran\u00e7a nos aumentos ficou para tubos e conex\u00f5es de PVC, com +4,20%, seguido por metais para instala\u00e7\u00f5es hidr\u00e1ulicas (+0,90%) e elevadores (+0,63%). Por outro lado, as principais baixas foram de vergalh\u00f5es e arames de a\u00e7o ao carbono (-2,49%), placas cer\u00e2micas para revestimento (-0,89), madeira para telhados (-0,63%), argamassa (-0,34%) e condutores el\u00e9tricos (-0,34%).<\/p>\n\n\n\n<h2 class=\"wp-block-heading\">Confian\u00e7a<\/h2>\n\n\n\n<p>O FGV IBRE tamb\u00e9m divulgou o \u00cdndice de Confian\u00e7a da Constru\u00e7\u00e3o (ICST), que teve uma eleva\u00e7\u00e3o de 1,0 ponto em abril, para 95,4 pontos, maior n\u00edvel desde novembro de 2022 (95,6 pontos). Em m\u00e9dias m\u00f3veis trimestrais, o \u00edndice avan\u00e7ou 0,6 ponto. Ana Maria Castelo, coordenadora de Projetos da Constru\u00e7\u00e3o do FGV IBRE, comenta que a confian\u00e7a das empresas da constru\u00e7\u00e3o aumentou influenciada tanto pela percep\u00e7\u00e3o em rela\u00e7\u00e3o \u00e0 situa\u00e7\u00e3o corrente, quanto pelas expectativas, mas ainda sem recuperar o patamar de outubro do ano passado. \u201cVale destacar a melhora das expectativas dos empres\u00e1rios nos segmentos de Edifica\u00e7\u00f5es Residenciais e de Obras Vi\u00e1rias\u201d, ressalta. Enquanto isso, o mercado imobili\u00e1rio tem mostrado grande resili\u00eancia e sustentado aumento nas vendas de im\u00f3veis novos, a despeito da piora nas condi\u00e7\u00f5es de cr\u00e9dito. \u201cNo entanto, vale notar que houve aumento nas assinala\u00e7\u00f5es no quesito Demanda Insuficiente, indicando mudan\u00e7a na din\u00e2mica recente. Ainda assim, em abril as empresas al\u00e9m de apontarem melhora expressiva da atividade corrente, sinalizaram confian\u00e7a na demanda dos pr\u00f3ximos meses\u201d.<\/p>\n\n\n<style>.wp-block-kadence-spacer.kt-block-spacer-_7837c4-f6 .kt-block-spacer{height:60px;}.wp-block-kadence-spacer.kt-block-spacer-_7837c4-f6 .kt-divider{border-top-width:1px;height:1px;border-top-color:#eee;width:80%;border-top-style:solid;}<\/style>\n<div class=\"wp-block-kadence-spacer aligncenter kt-block-spacer-_7837c4-f6\"><div class=\"kt-block-spacer kt-block-spacer-halign-center\"><hr class=\"kt-divider\"\/><\/div><\/div>\n","protected":false},"excerpt":{"rendered":"<p>O&nbsp;\u00cdndice Nacional de Custo da Constru\u00e7\u00e3o \u2013 M (INCC-M), do FGV, contou com uma varia\u00e7\u00e3o positiva de 0,23% em abril, resultado superior ao registrado em mar\u00e7o (0,18%). Em 2023, o indicador j\u00e1 acumula eleva\u00e7\u00e3o de 0,93% no ano e, em 12 meses, de 7,48%. Tanto \u201cMateriais, Equipamentos e Servi\u00e7os\u201d como \u201cM\u00e3o de Obra\u201d tiveram aumento [&hellip;]<\/p>\n","protected":false},"author":1,"featured_media":9918,"comment_status":"closed","ping_status":"open","sticky":false,"template":"","format":"standard","meta":{"tdm_status":"","tdm_grid_status":"","footnotes":""},"categories":[153],"tags":[199,204,632,754,330,331,620,158,160,237,654,200],"class_list":["post-9917","post","type-post","status-publish","format-standard","has-post-thumbnail","hentry","category-noticias","tag-comercio","tag-confianca","tag-estudo-setorial","tag-fgv-ibre","tag-incc","tag-inflacao","tag-levantamento","tag-material-de-construcao","tag-pesquisa","tag-precos","tag-sondagem","tag-varejo"],"amp_enabled":true,"_links":{"self":[{"href":"https:\/\/sincomavi.org.br\/index.php?rest_route=\/wp\/v2\/posts\/9917","targetHints":{"allow":["GET"]}}],"collection":[{"href":"https:\/\/sincomavi.org.br\/index.php?rest_route=\/wp\/v2\/posts"}],"about":[{"href":"https:\/\/sincomavi.org.br\/index.php?rest_route=\/wp\/v2\/types\/post"}],"author":[{"embeddable":true,"href":"https:\/\/sincomavi.org.br\/index.php?rest_route=\/wp\/v2\/users\/1"}],"replies":[{"embeddable":true,"href":"https:\/\/sincomavi.org.br\/index.php?rest_route=%2Fwp%2Fv2%2Fcomments&post=9917"}],"version-history":[{"count":1,"href":"https:\/\/sincomavi.org.br\/index.php?rest_route=\/wp\/v2\/posts\/9917\/revisions"}],"predecessor-version":[{"id":9919,"href":"https:\/\/sincomavi.org.br\/index.php?rest_route=\/wp\/v2\/posts\/9917\/revisions\/9919"}],"wp:featuredmedia":[{"embeddable":true,"href":"https:\/\/sincomavi.org.br\/index.php?rest_route=\/wp\/v2\/media\/9918"}],"wp:attachment":[{"href":"https:\/\/sincomavi.org.br\/index.php?rest_route=%2Fwp%2Fv2%2Fmedia&parent=9917"}],"wp:term":[{"taxonomy":"category","embeddable":true,"href":"https:\/\/sincomavi.org.br\/index.php?rest_route=%2Fwp%2Fv2%2Fcategories&post=9917"},{"taxonomy":"post_tag","embeddable":true,"href":"https:\/\/sincomavi.org.br\/index.php?rest_route=%2Fwp%2Fv2%2Ftags&post=9917"}],"curies":[{"name":"wp","href":"https:\/\/api.w.org\/{rel}","templated":true}]}}