{"id":9856,"date":"2023-04-19T11:07:42","date_gmt":"2023-04-19T14:07:42","guid":{"rendered":"https:\/\/sincomavi.org.br\/?p=9856"},"modified":"2023-04-19T11:07:43","modified_gmt":"2023-04-19T14:07:43","slug":"demanda-por-credito-do-consumidor-varia-07-no-1o-trimestre","status":"publish","type":"post","link":"https:\/\/sincomavi.org.br\/?p=9856","title":{"rendered":"Demanda por Cr\u00e9dito do Consumidor varia 0,7% no 1\u00ba trimestre"},"content":{"rendered":"<style>.wp-block-kadence-spacer.kt-block-spacer-_785fec-84 .kt-block-spacer{height:60px;}.wp-block-kadence-spacer.kt-block-spacer-_785fec-84 .kt-divider{border-top-width:1px;height:1px;border-top-color:#eee;width:80%;border-top-style:solid;}<\/style>\n<div class=\"wp-block-kadence-spacer aligncenter kt-block-spacer-_785fec-84\"><div class=\"kt-block-spacer kt-block-spacer-halign-center\"><hr class=\"kt-divider\"\/><\/div><\/div>\n\n\n\n<p>O indicador da\u00a0Boa Vista de Demanda por Cr\u00e9dito do Consumidor contou com uma eleva\u00e7\u00e3o de 1,3% em mar\u00e7o, tendo como refer\u00eancia os resultados do m\u00eas anterior, e fechou o primeiro trimestre com eleva\u00e7\u00e3o de 0,7%, contra o trimestre imediatamente anterior.<\/p>\n\n\n\n<p>Em mar\u00e7o foi observado aumento de 0,9% no segmento \u201cFinanceiro\u201d e de 1,6% no segmento \u201cN\u00e3o Financeiro\u201d. Por outro lado, enquanto o segmento \u201cFinanceiro\u201d avan\u00e7ou 2,0% entre o 4\u00ba trimestre do ano passado e o 1\u00ba trimestre deste ano, o segmento \u201cN\u00e3o Financeiro\u201d recuou levemente, 0,1%, na mesma base de compara\u00e7\u00e3o. \u00a0<\/p>\n\n\n\n<div class=\"wp-block-image\"><figure class=\"aligncenter size-full\"><img loading=\"lazy\" decoding=\"async\" width=\"500\" height=\"257\" src=\"https:\/\/sincomavi.org.br\/wp-content\/uploads\/2023\/04\/image-11.png\" alt=\"\" class=\"wp-image-9857\" srcset=\"https:\/\/sincomavi.org.br\/wp-content\/uploads\/2023\/04\/image-11.png 500w, https:\/\/sincomavi.org.br\/wp-content\/uploads\/2023\/04\/image-11-300x154.png 300w\" sizes=\"auto, (max-width: 500px) 100vw, 500px\" \/><\/figure><\/div>\n\n\n\n<p>Para o economista Fl\u00e1vio Calife, o aumento na compara\u00e7\u00e3o trimestral n\u00e3o foi suficiente at\u00e9 aqui para reverter a tend\u00eancia de desacelera\u00e7\u00e3o na demanda por cr\u00e9dito e, na verdade, isso n\u00e3o \u00e9 esperado que aconte\u00e7a no curto prazo, tanto que algumas proje\u00e7\u00f5es de crescimento do mercado de cr\u00e9dito para este ano est\u00e3o sendo revisadas para baixo, embora elas ainda sejam positivas. \u201cO comprometimento de renda das fam\u00edlias ainda \u00e9 muito elevado, mesmo que tenha melhorado nas \u00faltimas leituras, e diante de um cen\u00e1rio de juros altos, que deve se estender por mais tempo, e de inadimpl\u00eancia elevada tamb\u00e9m, a demanda por cr\u00e9dito do consumidor deve se deparar com uma oferta mais restritiva\u201d, avalia.<\/p>\n\n\n\n<div class=\"wp-block-image\"><figure class=\"aligncenter size-full\"><img loading=\"lazy\" decoding=\"async\" width=\"500\" height=\"134\" src=\"https:\/\/sincomavi.org.br\/wp-content\/uploads\/2023\/04\/image-12.png\" alt=\"\" class=\"wp-image-9858\" srcset=\"https:\/\/sincomavi.org.br\/wp-content\/uploads\/2023\/04\/image-12.png 500w, https:\/\/sincomavi.org.br\/wp-content\/uploads\/2023\/04\/image-12-300x80.png 300w\" sizes=\"auto, (max-width: 500px) 100vw, 500px\" \/><\/figure><\/div>\n\n\n<style>.wp-block-kadence-spacer.kt-block-spacer-_004cf2-11 .kt-block-spacer{height:60px;}.wp-block-kadence-spacer.kt-block-spacer-_004cf2-11 .kt-divider{border-top-width:1px;height:1px;border-top-color:#eee;width:80%;border-top-style:solid;}<\/style>\n<div class=\"wp-block-kadence-spacer aligncenter kt-block-spacer-_004cf2-11\"><div class=\"kt-block-spacer kt-block-spacer-halign-center\"><hr class=\"kt-divider\"\/><\/div><\/div>\n","protected":false},"excerpt":{"rendered":"<p>O indicador da\u00a0Boa Vista de Demanda por Cr\u00e9dito do Consumidor contou com uma eleva\u00e7\u00e3o de 1,3% em mar\u00e7o, tendo como refer\u00eancia os resultados do m\u00eas anterior, e fechou o primeiro trimestre com eleva\u00e7\u00e3o de 0,7%, contra o trimestre imediatamente anterior. Em mar\u00e7o foi observado aumento de 0,9% no segmento \u201cFinanceiro\u201d e de 1,6% no segmento [&hellip;]<\/p>\n","protected":false},"author":1,"featured_media":9859,"comment_status":"closed","ping_status":"open","sticky":false,"template":"","format":"standard","meta":{"tdm_status":"","tdm_grid_status":"","footnotes":""},"categories":[153],"tags":[250,156,303,620,160,654],"class_list":["post-9856","post","type-post","status-publish","format-standard","has-post-thumbnail","hentry","category-noticias","tag-credito","tag-economia","tag-financas","tag-levantamento","tag-pesquisa","tag-sondagem"],"amp_enabled":true,"_links":{"self":[{"href":"https:\/\/sincomavi.org.br\/index.php?rest_route=\/wp\/v2\/posts\/9856","targetHints":{"allow":["GET"]}}],"collection":[{"href":"https:\/\/sincomavi.org.br\/index.php?rest_route=\/wp\/v2\/posts"}],"about":[{"href":"https:\/\/sincomavi.org.br\/index.php?rest_route=\/wp\/v2\/types\/post"}],"author":[{"embeddable":true,"href":"https:\/\/sincomavi.org.br\/index.php?rest_route=\/wp\/v2\/users\/1"}],"replies":[{"embeddable":true,"href":"https:\/\/sincomavi.org.br\/index.php?rest_route=%2Fwp%2Fv2%2Fcomments&post=9856"}],"version-history":[{"count":1,"href":"https:\/\/sincomavi.org.br\/index.php?rest_route=\/wp\/v2\/posts\/9856\/revisions"}],"predecessor-version":[{"id":9860,"href":"https:\/\/sincomavi.org.br\/index.php?rest_route=\/wp\/v2\/posts\/9856\/revisions\/9860"}],"wp:featuredmedia":[{"embeddable":true,"href":"https:\/\/sincomavi.org.br\/index.php?rest_route=\/wp\/v2\/media\/9859"}],"wp:attachment":[{"href":"https:\/\/sincomavi.org.br\/index.php?rest_route=%2Fwp%2Fv2%2Fmedia&parent=9856"}],"wp:term":[{"taxonomy":"category","embeddable":true,"href":"https:\/\/sincomavi.org.br\/index.php?rest_route=%2Fwp%2Fv2%2Fcategories&post=9856"},{"taxonomy":"post_tag","embeddable":true,"href":"https:\/\/sincomavi.org.br\/index.php?rest_route=%2Fwp%2Fv2%2Ftags&post=9856"}],"curies":[{"name":"wp","href":"https:\/\/api.w.org\/{rel}","templated":true}]}}