{"id":9761,"date":"2023-03-30T16:02:07","date_gmt":"2023-03-30T19:02:07","guid":{"rendered":"https:\/\/sincomavi.org.br\/?p=9761"},"modified":"2023-03-30T16:02:08","modified_gmt":"2023-03-30T19:02:08","slug":"elevacao-de-11-ponto-na-confianca-do-comercio-em-marco","status":"publish","type":"post","link":"https:\/\/sincomavi.org.br\/?p=9761","title":{"rendered":"Eleva\u00e7\u00e3o de 1,1 ponto na Confian\u00e7a do Com\u00e9rcio em mar\u00e7o"},"content":{"rendered":"<style>.wp-block-kadence-spacer.kt-block-spacer-_31faa8-08 .kt-block-spacer{height:60px;}.wp-block-kadence-spacer.kt-block-spacer-_31faa8-08 .kt-divider{border-top-width:1px;height:1px;border-top-color:#eee;width:80%;border-top-style:solid;}<\/style>\n<div class=\"wp-block-kadence-spacer aligncenter kt-block-spacer-_31faa8-08\"><div class=\"kt-block-spacer kt-block-spacer-halign-center\"><hr class=\"kt-divider\"\/><\/div><\/div>\n\n\n\n<p>O&nbsp;\u00cdndice de Confian\u00e7a do Com\u00e9rcio&nbsp;(ICOM), do Instituto Brasileiro de Economia (FGV IBRE),&nbsp;registrou uma alta de 1,1 ponto em mar\u00e7o, passando para 86,9 pontos. Em m\u00e9dias m\u00f3veis trimestrais, o indicador contou com virtual estabilidade \u2013varia\u00e7\u00e3o de -0,1 ponto.<br>&nbsp;<\/p>\n\n\n\n<p>O economista Rodolpho Tobler comenta que depois de uma virada de ano negativa, a confian\u00e7a do com\u00e9rcio voltou a subir pelo segundo m\u00eas consecutivo. \u201cEm mar\u00e7o, houve alta nos indicadores dos dois horizontes temporais, influenciados por uma melhora na situa\u00e7\u00e3o atual e nas perspectivas mais otimistas no horizonte de seis meses, mas ainda distantes das perdas recentes, mantendo o indicador em n\u00edvel historicamente baixo\u201d. Ele lembra ainda que para esse cen\u00e1rio se sustentar \u00e9 necess\u00e1rio, nas pr\u00f3ximas divulga\u00e7\u00f5es, resultados mais positivos e com maior amplitude, o que n\u00e3o parece ser o caminho dado o ambiente macroecon\u00f4mico delicado.<\/p>\n\n\n<style>.wp-block-kadence-spacer.kt-block-spacer-_85d331-0f .kt-block-spacer{height:60px;}.wp-block-kadence-spacer.kt-block-spacer-_85d331-0f .kt-divider{border-top-width:1px;height:1px;border-top-color:#eee;width:80%;border-top-style:solid;}<\/style>\n<div class=\"wp-block-kadence-spacer aligncenter kt-block-spacer-_85d331-0f\"><div class=\"kt-block-spacer kt-block-spacer-halign-center\"><hr class=\"kt-divider\"\/><\/div><\/div>\n","protected":false},"excerpt":{"rendered":"<p>O&nbsp;\u00cdndice de Confian\u00e7a do Com\u00e9rcio&nbsp;(ICOM), do Instituto Brasileiro de Economia (FGV IBRE),&nbsp;registrou uma alta de 1,1 ponto em mar\u00e7o, passando para 86,9 pontos. Em m\u00e9dias m\u00f3veis trimestrais, o indicador contou com virtual estabilidade \u2013varia\u00e7\u00e3o de -0,1 ponto.&nbsp; O economista Rodolpho Tobler comenta que depois de uma virada de ano negativa, a confian\u00e7a do com\u00e9rcio voltou [&hellip;]<\/p>\n","protected":false},"author":1,"featured_media":9762,"comment_status":"closed","ping_status":"open","sticky":false,"template":"","format":"standard","meta":{"tdm_status":"","tdm_grid_status":"","footnotes":""},"categories":[153],"tags":[199,204,156,632,620,160,654,200,75],"class_list":["post-9761","post","type-post","status-publish","format-standard","has-post-thumbnail","hentry","category-noticias","tag-comercio","tag-confianca","tag-economia","tag-estudo-setorial","tag-levantamento","tag-pesquisa","tag-sondagem","tag-varejo","tag-vendas"],"amp_enabled":true,"_links":{"self":[{"href":"https:\/\/sincomavi.org.br\/index.php?rest_route=\/wp\/v2\/posts\/9761","targetHints":{"allow":["GET"]}}],"collection":[{"href":"https:\/\/sincomavi.org.br\/index.php?rest_route=\/wp\/v2\/posts"}],"about":[{"href":"https:\/\/sincomavi.org.br\/index.php?rest_route=\/wp\/v2\/types\/post"}],"author":[{"embeddable":true,"href":"https:\/\/sincomavi.org.br\/index.php?rest_route=\/wp\/v2\/users\/1"}],"replies":[{"embeddable":true,"href":"https:\/\/sincomavi.org.br\/index.php?rest_route=%2Fwp%2Fv2%2Fcomments&post=9761"}],"version-history":[{"count":1,"href":"https:\/\/sincomavi.org.br\/index.php?rest_route=\/wp\/v2\/posts\/9761\/revisions"}],"predecessor-version":[{"id":9763,"href":"https:\/\/sincomavi.org.br\/index.php?rest_route=\/wp\/v2\/posts\/9761\/revisions\/9763"}],"wp:featuredmedia":[{"embeddable":true,"href":"https:\/\/sincomavi.org.br\/index.php?rest_route=\/wp\/v2\/media\/9762"}],"wp:attachment":[{"href":"https:\/\/sincomavi.org.br\/index.php?rest_route=%2Fwp%2Fv2%2Fmedia&parent=9761"}],"wp:term":[{"taxonomy":"category","embeddable":true,"href":"https:\/\/sincomavi.org.br\/index.php?rest_route=%2Fwp%2Fv2%2Fcategories&post=9761"},{"taxonomy":"post_tag","embeddable":true,"href":"https:\/\/sincomavi.org.br\/index.php?rest_route=%2Fwp%2Fv2%2Ftags&post=9761"}],"curies":[{"name":"wp","href":"https:\/\/api.w.org\/{rel}","templated":true}]}}