{"id":9757,"date":"2023-03-29T10:32:34","date_gmt":"2023-03-29T13:32:34","guid":{"rendered":"https:\/\/sincomavi.org.br\/?p=9757"},"modified":"2023-03-29T10:33:08","modified_gmt":"2023-03-29T13:33:08","slug":"custo-da-construcao-sofre-alta-de-018-em-marco","status":"publish","type":"post","link":"https:\/\/sincomavi.org.br\/?p=9757","title":{"rendered":"Custo da constru\u00e7\u00e3o tem aumento de 0,18% em mar\u00e7o"},"content":{"rendered":"<style>.wp-block-kadence-spacer.kt-block-spacer-_9ef4e9-50 .kt-block-spacer{height:60px;}.wp-block-kadence-spacer.kt-block-spacer-_9ef4e9-50 .kt-divider{border-top-width:1px;height:1px;border-top-color:#eee;width:80%;border-top-style:solid;}<\/style>\n<div class=\"wp-block-kadence-spacer aligncenter kt-block-spacer-_9ef4e9-50\"><div class=\"kt-block-spacer kt-block-spacer-halign-center\"><hr class=\"kt-divider\"\/><\/div><\/div>\n\n\n\n<p>O \u00cdndice Nacional de Custo da Constru\u00e7\u00e3o (INCC-M), do Instituto Brasileiro de Economia (FGV IBRE), contou com uma varia\u00e7\u00e3o positiva de 0,18% em mar\u00e7o. No ano, o indicador acumula uma eleva\u00e7\u00e3o de 0,70% e, em 12 meses, de 8,17%. &nbsp;A taxa do \u00edndice referente aos Materiais, Equipamentos e Servi\u00e7os alcan\u00e7ou os 0,09% em mar\u00e7o. Enquanto a M\u00e3o de Obra sofreu um aumento de 0,27% no per\u00edodo analisado.<\/p>\n\n\n\n<p>As varia\u00e7\u00f5es positivas mais relevantes dentro do segmento de materiais ficaram para revestimentos, lou\u00e7as e pisos (0,96%), itens para pintura (0,42%), instala\u00e7\u00e3o el\u00e9trica (0,24%) e madeira para acabamento (0,22%). J\u00e1 as categorias que sofreram recuo em seus custos foram material met\u00e1lico (-1,18%), instala\u00e7\u00e3o hidr\u00e1ulica (-0,37%), esquadrias e ferragens (-0,21%) e pedras ornamentais para constru\u00e7\u00e3o (-0,07%).<\/p>\n\n\n\n<p>O levantamento do FGV IBRE d\u00e1 ainda destaque para os produtos que contaram com as maiores redu\u00e7\u00f5es de pre\u00e7os: vergalh\u00f5es e arames de a\u00e7o ao carbono (-1,73%), cimento Portland comum (-0,94%), tubos e conex\u00f5es de PVC (-1,13%), compensados (-1,70%) e ferragens para esquadrias (-0,58%).<\/p>\n\n\n\n<h2 class=\"wp-block-heading\">Confian\u00e7a<\/h2>\n\n\n\n<p>O&nbsp;\u00cdndice de Confian\u00e7a da Constru\u00e7\u00e3o&nbsp;(ICST), do FGV IBRE , manteve estabilidade em mar\u00e7o e permaneceu nos 94,4 pontos, patamar considerado pelos padr\u00f5es estabelecidos pelo instituto como moderado pessimismo. &nbsp;Ana Maria Castelo, coordenadora de Projetos da Constru\u00e7\u00e3o do FGV IBRE, comenta que, pelo segundo m\u00eas, a perspectiva em rela\u00e7\u00e3o \u00e0 demanda dos pr\u00f3ximos meses melhorou. Entretanto, ela faz uma ressalva: \u201cuma percep\u00e7\u00e3o mais negativa sobre a tend\u00eancia do ambiente de neg\u00f3cios contaminou o indicador de expectativas, que fechou o primeiro trimestre sem recuperar a queda recente, apontando um pessimismo moderado do setor\u201d. Ana lembra ainda que, como j\u00e1 observado em fevereiro, o ritmo de atividade sinaliza desacelera\u00e7\u00e3o \u2013 o indicador de evolu\u00e7\u00e3o recente fechou o trimestre em queda. \u201cAssim as empresas apontam tamb\u00e9m menor inten\u00e7\u00e3o de contratar. No entanto, a limita\u00e7\u00e3o dada pelas dificuldades em contratar m\u00e3o de obra qualificada vem aumentando e alcan\u00e7ou o maior patamar de assinala\u00e7\u00f5es desde mar\u00e7o de 2015, um sinal de que o ciclo de crescimento n\u00e3o foi invertido\u201d, complementa.<\/p>\n\n\n<style>.wp-block-kadence-spacer.kt-block-spacer-_fe98ea-b3 .kt-block-spacer{height:60px;}.wp-block-kadence-spacer.kt-block-spacer-_fe98ea-b3 .kt-divider{border-top-width:1px;height:1px;border-top-color:#eee;width:80%;border-top-style:solid;}<\/style>\n<div class=\"wp-block-kadence-spacer aligncenter kt-block-spacer-_fe98ea-b3\"><div class=\"kt-block-spacer kt-block-spacer-halign-center\"><hr class=\"kt-divider\"\/><\/div><\/div>\n","protected":false},"excerpt":{"rendered":"<p>O \u00cdndice Nacional de Custo da Constru\u00e7\u00e3o (INCC-M), do Instituto Brasileiro de Economia (FGV IBRE), contou com uma varia\u00e7\u00e3o positiva de 0,18% em mar\u00e7o. No ano, o indicador acumula uma eleva\u00e7\u00e3o de 0,70% e, em 12 meses, de 8,17%. &nbsp;A taxa do \u00edndice referente aos Materiais, Equipamentos e Servi\u00e7os alcan\u00e7ou os 0,09% em mar\u00e7o. Enquanto [&hellip;]<\/p>\n","protected":false},"author":1,"featured_media":9758,"comment_status":"closed","ping_status":"open","sticky":false,"template":"","format":"standard","meta":{"tdm_status":"","tdm_grid_status":"","footnotes":""},"categories":[153],"tags":[204,618,1163,632,619,331,620,160,654],"class_list":["post-9757","post","type-post","status-publish","format-standard","has-post-thumbnail","hentry","category-noticias","tag-confianca","tag-construcao-civil","tag-custos","tag-estudo-setorial","tag-incc-m","tag-inflacao","tag-levantamento","tag-pesquisa","tag-sondagem"],"amp_enabled":true,"_links":{"self":[{"href":"https:\/\/sincomavi.org.br\/index.php?rest_route=\/wp\/v2\/posts\/9757","targetHints":{"allow":["GET"]}}],"collection":[{"href":"https:\/\/sincomavi.org.br\/index.php?rest_route=\/wp\/v2\/posts"}],"about":[{"href":"https:\/\/sincomavi.org.br\/index.php?rest_route=\/wp\/v2\/types\/post"}],"author":[{"embeddable":true,"href":"https:\/\/sincomavi.org.br\/index.php?rest_route=\/wp\/v2\/users\/1"}],"replies":[{"embeddable":true,"href":"https:\/\/sincomavi.org.br\/index.php?rest_route=%2Fwp%2Fv2%2Fcomments&post=9757"}],"version-history":[{"count":2,"href":"https:\/\/sincomavi.org.br\/index.php?rest_route=\/wp\/v2\/posts\/9757\/revisions"}],"predecessor-version":[{"id":9760,"href":"https:\/\/sincomavi.org.br\/index.php?rest_route=\/wp\/v2\/posts\/9757\/revisions\/9760"}],"wp:featuredmedia":[{"embeddable":true,"href":"https:\/\/sincomavi.org.br\/index.php?rest_route=\/wp\/v2\/media\/9758"}],"wp:attachment":[{"href":"https:\/\/sincomavi.org.br\/index.php?rest_route=%2Fwp%2Fv2%2Fmedia&parent=9757"}],"wp:term":[{"taxonomy":"category","embeddable":true,"href":"https:\/\/sincomavi.org.br\/index.php?rest_route=%2Fwp%2Fv2%2Fcategories&post=9757"},{"taxonomy":"post_tag","embeddable":true,"href":"https:\/\/sincomavi.org.br\/index.php?rest_route=%2Fwp%2Fv2%2Ftags&post=9757"}],"curies":[{"name":"wp","href":"https:\/\/api.w.org\/{rel}","templated":true}]}}