{"id":9732,"date":"2023-03-27T14:21:55","date_gmt":"2023-03-27T17:21:55","guid":{"rendered":"https:\/\/sincomavi.org.br\/?p=9732"},"modified":"2023-03-27T14:21:55","modified_gmt":"2023-03-27T17:21:55","slug":"confianca-do-consumidor-alta-de-25-pontos-em-marco","status":"publish","type":"post","link":"https:\/\/sincomavi.org.br\/?p=9732","title":{"rendered":"Confian\u00e7a do consumidor: alta de 2,5 pontos em mar\u00e7o"},"content":{"rendered":"<style>.wp-block-kadence-spacer.kt-block-spacer-_9e2693-7c .kt-block-spacer{height:60px;}.wp-block-kadence-spacer.kt-block-spacer-_9e2693-7c .kt-divider{border-top-width:1px;height:1px;border-top-color:#eee;width:80%;border-top-style:solid;}<\/style>\n<div class=\"wp-block-kadence-spacer aligncenter kt-block-spacer-_9e2693-7c\"><div class=\"kt-block-spacer kt-block-spacer-halign-center\"><hr class=\"kt-divider\"\/><\/div><\/div>\n\n\n\n<p>O&nbsp;\u00cdndice de Confian\u00e7a do Consumidor (ICC)&nbsp;do FGV IBRE contou com uma eleva\u00e7\u00e3o de 2,5 pontos em mar\u00e7o, alcan\u00e7ando os 87,0 pontos. Apesar desse resultado, em m\u00e9dias m\u00f3veis trimestrais, o indicador continua em queda pelo quarto m\u00eas consecutivo ao sofrer um recuo de 0,3 ponto, para 85,8 pontos.<\/p>\n\n\n\n<p>Viviane Seda Bittencourt, coordenadora das Sondagens do FGV IBRE, comenta que os movimentos s\u00e3o bastante heterog\u00eaneos e talvez contradit\u00f3rios entre faixas de renda, o que ainda dificulta a sinaliza\u00e7\u00e3o de uma tend\u00eancia mais clara para os pr\u00f3ximos meses. \u201cO cen\u00e1rio econ\u00f4mico se mant\u00e9m com taxas de juros elevadas, resili\u00eancia da incerteza e desacelera\u00e7\u00e3o do mercado de trabalho com redu\u00e7\u00e3o da atividade. Sem altera\u00e7\u00f5es significativas, \u00e9 poss\u00edvel continuar patinando em torno de um mesmo patamar de confian\u00e7a nos pr\u00f3ximos meses\u201d, finaliza.<\/p>\n\n\n<style>.wp-block-kadence-spacer.kt-block-spacer-_251bd3-4b .kt-block-spacer{height:60px;}.wp-block-kadence-spacer.kt-block-spacer-_251bd3-4b .kt-divider{border-top-width:1px;height:1px;border-top-color:#eee;width:80%;border-top-style:solid;}<\/style>\n<div class=\"wp-block-kadence-spacer aligncenter kt-block-spacer-_251bd3-4b\"><div class=\"kt-block-spacer kt-block-spacer-halign-center\"><hr class=\"kt-divider\"\/><\/div><\/div>\n","protected":false},"excerpt":{"rendered":"<p>O&nbsp;\u00cdndice de Confian\u00e7a do Consumidor (ICC)&nbsp;do FGV IBRE contou com uma eleva\u00e7\u00e3o de 2,5 pontos em mar\u00e7o, alcan\u00e7ando os 87,0 pontos. Apesar desse resultado, em m\u00e9dias m\u00f3veis trimestrais, o indicador continua em queda pelo quarto m\u00eas consecutivo ao sofrer um recuo de 0,3 ponto, para 85,8 pontos. Viviane Seda Bittencourt, coordenadora das Sondagens do FGV [&hellip;]<\/p>\n","protected":false},"author":1,"featured_media":9733,"comment_status":"closed","ping_status":"open","sticky":false,"template":"","format":"standard","meta":{"tdm_status":"","tdm_grid_status":"","footnotes":""},"categories":[153],"tags":[204,205,885,1008,620,160,654],"class_list":["post-9732","post","type-post","status-publish","format-standard","has-post-thumbnail","hentry","category-noticias","tag-confianca","tag-consumidor","tag-icc","tag-indice-de-confianca-do-consumidor","tag-levantamento","tag-pesquisa","tag-sondagem"],"amp_enabled":true,"_links":{"self":[{"href":"https:\/\/sincomavi.org.br\/index.php?rest_route=\/wp\/v2\/posts\/9732","targetHints":{"allow":["GET"]}}],"collection":[{"href":"https:\/\/sincomavi.org.br\/index.php?rest_route=\/wp\/v2\/posts"}],"about":[{"href":"https:\/\/sincomavi.org.br\/index.php?rest_route=\/wp\/v2\/types\/post"}],"author":[{"embeddable":true,"href":"https:\/\/sincomavi.org.br\/index.php?rest_route=\/wp\/v2\/users\/1"}],"replies":[{"embeddable":true,"href":"https:\/\/sincomavi.org.br\/index.php?rest_route=%2Fwp%2Fv2%2Fcomments&post=9732"}],"version-history":[{"count":1,"href":"https:\/\/sincomavi.org.br\/index.php?rest_route=\/wp\/v2\/posts\/9732\/revisions"}],"predecessor-version":[{"id":9734,"href":"https:\/\/sincomavi.org.br\/index.php?rest_route=\/wp\/v2\/posts\/9732\/revisions\/9734"}],"wp:featuredmedia":[{"embeddable":true,"href":"https:\/\/sincomavi.org.br\/index.php?rest_route=\/wp\/v2\/media\/9733"}],"wp:attachment":[{"href":"https:\/\/sincomavi.org.br\/index.php?rest_route=%2Fwp%2Fv2%2Fmedia&parent=9732"}],"wp:term":[{"taxonomy":"category","embeddable":true,"href":"https:\/\/sincomavi.org.br\/index.php?rest_route=%2Fwp%2Fv2%2Fcategories&post=9732"},{"taxonomy":"post_tag","embeddable":true,"href":"https:\/\/sincomavi.org.br\/index.php?rest_route=%2Fwp%2Fv2%2Ftags&post=9732"}],"curies":[{"name":"wp","href":"https:\/\/api.w.org\/{rel}","templated":true}]}}