{"id":9694,"date":"2023-03-16T08:55:29","date_gmt":"2023-03-16T11:55:29","guid":{"rendered":"https:\/\/sincomavi.org.br\/?p=9694"},"modified":"2023-03-16T08:55:30","modified_gmt":"2023-03-16T11:55:30","slug":"carta-de-conjuntura-marco-de-2023","status":"publish","type":"post","link":"https:\/\/sincomavi.org.br\/?p=9694","title":{"rendered":"Carta de Conjuntura &#8211; mar\u00e7o de 2023"},"content":{"rendered":"<style>.wp-block-kadence-spacer.kt-block-spacer-_5022c0-e6 .kt-block-spacer{height:60px;}.wp-block-kadence-spacer.kt-block-spacer-_5022c0-e6 .kt-divider{border-top-width:1px;height:1px;border-top-color:#eee;width:80%;border-top-style:solid;}<\/style>\n<div class=\"wp-block-kadence-spacer aligncenter kt-block-spacer-_5022c0-e6\"><div class=\"kt-block-spacer kt-block-spacer-halign-center\"><hr class=\"kt-divider\"\/><\/div><\/div>\n\n\n\n<p>Por Jaime Vasconcellos, economista.<\/p>\n\n\n\n<p>Aos poucos tem sido mais vis\u00edvel em quais cen\u00e1rios se localiza a economia brasileira em 2023. Ainda \u00e9 transl\u00facido, mas chegando ao fim do primeiro trimestre do ano fica mais identific\u00e1vel os patamares que 2022 terminou e os desafios que continuar\u00e3o a nos afligir no atual per\u00edodo.<\/p>\n\n\n\n<p>A divulga\u00e7\u00e3o do PIB em 2022 mostrou dois lados distintos. O avan\u00e7o de 2,9% foi muito superior \u00e0s proje\u00e7\u00f5es feitas no in\u00edcio daquele ano. Todavia, o quarto trimestre mostrou uma relevante desacelera\u00e7\u00e3o, que ajuda a justificar o porqu\u00ea no atual momento se projetar 2023 com crescimento econ\u00f4mico rondando apenas 1% no pa\u00eds. Enquanto 2022 foi \u201cempurrado\u201d pelo bom ritmo final do ano anterior, 2023 pouco se beneficiar\u00e1 da evolu\u00e7\u00e3o do \u00faltimo trimeste de 2022.<\/p>\n\n\n\n<p>Do ponto de vista dos desafios, n\u00e3o nos parece que eles mudaram. Os n\u00edveis de endividamento e inadimpl\u00eancia das fam\u00edlias at\u00e9 arrefeceram, mas ainda est\u00e3o em patamares elevados e devem ser um peso ao avan\u00e7o do consumo, em especial daquele que depende de cr\u00e9dito. Esse por sinal, o cr\u00e9dito, \u00e9 exatamente outro ponto de aten\u00e7\u00e3o. Com a Selic se mantendo em elevados n\u00edveis, devido a pouca confian\u00e7a do Banco Central na responsabilidade fiscal do novo Governo e a uma infla\u00e7\u00e3o ainda persistente, o cr\u00e9dito continuar\u00e1 caro para a aquisi\u00e7\u00e3o, seja para as empresas ou para as fam\u00edlias.<\/p>\n\n\n\n<p>Juros altos, infla\u00e7\u00e3o persistente, cr\u00e9dito caro e seletivo, elevado grau de endividamento e inadimpl\u00eancia familiar. Tudo isso freia a economia, que depende dois ter\u00e7os do consumo das fam\u00edlias. Pelo outro lado, temos algum equil\u00edbrio com a queda recente do desemprego, aliada a forte expans\u00e3o dos postos de trabalho com carteira assinada dos \u00faltimos anos, mais as pol\u00edticas de inje\u00e7\u00e3o de recursos (que cria \u201ccabo de guerra\u201d com a pol\u00edtica monet\u00e1ria contracionista) via distribui\u00e7\u00e3o direta de renda. Estes \u00faltimos pontos ajudam a explicar o pouco crescimento previsto para 2023.<\/p>\n\n\n\n<p>Tudo o citado aqui \u00e9 uma fotografia. Estamos na depend\u00eancia de medidas que possam auxiliar na retomada da confian\u00e7a dos agentes e trazer mais for\u00e7a para o crescimento econ\u00f4mico ou, logicamente, piorar ainda mais o cen\u00e1rio de incertezas e aumentar a cautela em rela\u00e7\u00e3o ao ano de 2023. O cumprimento desse imaginado \u201carcabou\u00e7o fiscal\u201d pelo Governo Federal abriria espa\u00e7o para um maior otimismo quanto \u00e0 sa\u00fade das contas p\u00fablicas, bem como de uma poss\u00edvel reforma tribut\u00e1ria, que n\u00e3o pode penalizar o setor de servi\u00e7os, aumentar carga e impactar principalmente os hipossuficientes. Al\u00e9m disso, fica em discuss\u00e3o se teremos ou n\u00e3o uma revoga\u00e7\u00e3o da moderniza\u00e7\u00e3o trabalhista de 2017, entre outros relevantes embates.<\/p>\n\n\n\n<p>No lado externo, a crise banc\u00e1ria americana, que tamb\u00e9m j\u00e1 atinge a Europa, acende o sinal amarelo e traz d\u00favidas se o que est\u00e1 acontecendo \u00e9 um problema pontual de uma ou outra institui\u00e7\u00e3o, ou se \u00e9 uma crise sist\u00eamica. Em suma, os desafios macroecon\u00f4micos est\u00e3o mais claros, suas resolu\u00e7\u00f5es continuam complexas, ainda mais frente \u00e0s incertezas pol\u00edticas dom\u00e9sticas e ao atribulado cen\u00e1rio financeiro global.<\/p>\n\n\n\n<p>A despeito de novas atualiza\u00e7\u00f5es, que s\u00e3o cada vez mais ligeiras, seguem as nossas proje\u00e7\u00f5es macroecon\u00f4micas para 2023:<\/p>\n\n\n\n<p><strong>PIB<\/strong>: +1%&nbsp;&nbsp;&nbsp;&nbsp;&nbsp;&nbsp;&nbsp;&nbsp;&nbsp;&nbsp;&nbsp; &nbsp;&nbsp;&nbsp;&nbsp;&nbsp;&nbsp;&nbsp;&nbsp;&nbsp;&nbsp;&nbsp;&nbsp;&nbsp;&nbsp;&nbsp;&nbsp;&nbsp;&nbsp;&nbsp;&nbsp;&nbsp;&nbsp;&nbsp;&nbsp;&nbsp;&nbsp;&nbsp;&nbsp;&nbsp;&nbsp;&nbsp;&nbsp;&nbsp;<\/p>\n\n\n\n<p><strong>IPCA<\/strong>: +6%&nbsp;&nbsp;&nbsp;&nbsp;&nbsp;&nbsp;&nbsp;&nbsp;&nbsp;&nbsp;&nbsp;&nbsp;&nbsp;&nbsp;&nbsp;&nbsp;&nbsp;&nbsp;&nbsp;&nbsp;&nbsp;&nbsp;&nbsp;&nbsp;&nbsp;&nbsp;&nbsp;&nbsp;&nbsp;&nbsp;&nbsp;&nbsp;&nbsp;&nbsp;&nbsp;&nbsp;&nbsp;&nbsp;&nbsp;&nbsp;&nbsp;&nbsp;&nbsp;&nbsp;<\/p>\n\n\n\n<p><strong>SELIC<\/strong>: 13,75% a.a.<\/p>\n\n\n\n<p><strong>Taxa de C\u00e2mbio:<\/strong> 5,30<\/p>\n\n\n\n<p><strong>Balan\u00e7a comercial<\/strong>: + US$ 65 bi<\/p>\n\n\n\n<p><strong>Vendas do com\u00e9rcio BR<\/strong>: +0,5%<\/p>\n\n\n\n<p><strong>Volume dos servi\u00e7os BR<\/strong>: +1%<\/p>\n\n\n<style>.wp-block-kadence-spacer.kt-block-spacer-_ecee63-64 .kt-block-spacer{height:60px;}.wp-block-kadence-spacer.kt-block-spacer-_ecee63-64 .kt-divider{border-top-width:1px;height:1px;border-top-color:#eee;width:80%;border-top-style:solid;}<\/style>\n<div class=\"wp-block-kadence-spacer aligncenter kt-block-spacer-_ecee63-64\"><div class=\"kt-block-spacer kt-block-spacer-halign-center\"><hr class=\"kt-divider\"\/><\/div><\/div>\n","protected":false},"excerpt":{"rendered":"<p>Por Jaime Vasconcellos, economista. Aos poucos tem sido mais vis\u00edvel em quais cen\u00e1rios se localiza a economia brasileira em 2023. Ainda \u00e9 transl\u00facido, mas chegando ao fim do primeiro trimestre do ano fica mais identific\u00e1vel os patamares que 2022 terminou e os desafios que continuar\u00e3o a nos afligir no atual per\u00edodo. A divulga\u00e7\u00e3o do PIB [&hellip;]<\/p>\n","protected":false},"author":1,"featured_media":9695,"comment_status":"closed","ping_status":"open","sticky":false,"template":"","format":"standard","meta":{"tdm_status":"","tdm_grid_status":"","footnotes":""},"categories":[210],"tags":[275,695,272,199,390,156,273,202,203,274,200,75,276],"class_list":["post-9694","post","type-post","status-publish","format-standard","has-post-thumbnail","hentry","category-artigos","tag-balanca-comercial","tag-brasil","tag-carta-de-conjuntura","tag-comercio","tag-crise","tag-economia","tag-ipca","tag-pib","tag-selic","tag-taxa-de-cambio","tag-varejo","tag-vendas","tag-volume-de-servicos"],"amp_enabled":true,"_links":{"self":[{"href":"https:\/\/sincomavi.org.br\/index.php?rest_route=\/wp\/v2\/posts\/9694","targetHints":{"allow":["GET"]}}],"collection":[{"href":"https:\/\/sincomavi.org.br\/index.php?rest_route=\/wp\/v2\/posts"}],"about":[{"href":"https:\/\/sincomavi.org.br\/index.php?rest_route=\/wp\/v2\/types\/post"}],"author":[{"embeddable":true,"href":"https:\/\/sincomavi.org.br\/index.php?rest_route=\/wp\/v2\/users\/1"}],"replies":[{"embeddable":true,"href":"https:\/\/sincomavi.org.br\/index.php?rest_route=%2Fwp%2Fv2%2Fcomments&post=9694"}],"version-history":[{"count":1,"href":"https:\/\/sincomavi.org.br\/index.php?rest_route=\/wp\/v2\/posts\/9694\/revisions"}],"predecessor-version":[{"id":9696,"href":"https:\/\/sincomavi.org.br\/index.php?rest_route=\/wp\/v2\/posts\/9694\/revisions\/9696"}],"wp:featuredmedia":[{"embeddable":true,"href":"https:\/\/sincomavi.org.br\/index.php?rest_route=\/wp\/v2\/media\/9695"}],"wp:attachment":[{"href":"https:\/\/sincomavi.org.br\/index.php?rest_route=%2Fwp%2Fv2%2Fmedia&parent=9694"}],"wp:term":[{"taxonomy":"category","embeddable":true,"href":"https:\/\/sincomavi.org.br\/index.php?rest_route=%2Fwp%2Fv2%2Fcategories&post=9694"},{"taxonomy":"post_tag","embeddable":true,"href":"https:\/\/sincomavi.org.br\/index.php?rest_route=%2Fwp%2Fv2%2Ftags&post=9694"}],"curies":[{"name":"wp","href":"https:\/\/api.w.org\/{rel}","templated":true}]}}