{"id":956,"date":"2019-08-21T09:38:50","date_gmt":"2019-08-21T12:38:50","guid":{"rendered":"http:\/\/sincomavi.org.br\/?p=956"},"modified":"2019-08-21T09:38:51","modified_gmt":"2019-08-21T12:38:51","slug":"carta-de-conjuntura-agosto-de-2019","status":"publish","type":"post","link":"https:\/\/sincomavi.org.br\/?p=956","title":{"rendered":"Carta de Conjuntura: agosto de 2019"},"content":{"rendered":"\n<p>Jaime Vasconcellos, economista<br><br>Dois pontos dicot\u00f4micos nos chamam aten\u00e7\u00e3o no ambiente macro de nossa economia neste m\u00eas de agosto. O primeiro \u00e9 positivo e refere-se ao otimismo, mais traduzido em al\u00edvio de todos agentes econ\u00f4micos, com a aprova\u00e7\u00e3o parcial da Reforma Previdenci\u00e1ria, da MP 881\/19 (Liberdade Econ\u00f4mica) e com o in\u00edcio das discuss\u00f5es da Reforma Tribut\u00e1ria. H\u00e1 nestes cen\u00e1rios um alento importante de sobrevida \u00e0s contas p\u00fablicas e melhoria de ambiente de neg\u00f3cios.<\/p>\n\n\n\n<p>O segundo ponto, que \u00e9 o que traz cautela e at\u00e9 mesmo pessimismo em alguns analistas, tem como fundamento o ambiente externo apreensivo e vol\u00e1til com o acirramento das rela\u00e7\u00f5es comerciais entre Estados Unidos e China. Enquanto os americanos apresentam aumentos tarif\u00e1rios de 10% a mais de US$300 bilh\u00f5es em bens e servi\u00e7os chineses, o gigante oriental desvaloriza sua moeda, deixando seus produtos ainda mais baratos no mercado externo. <\/p>\n\n\n\n<p>Ainda que no curto prazo as perspectivas pare\u00e7am positivas ao Brasil, principalmente com nosso agroneg\u00f3cio ganhando espa\u00e7o na economia chinesa com poss\u00edveis san\u00e7\u00f5es \u00e0s exporta\u00e7\u00f5es americanas, isso n\u00e3o \u00e9 garantido. E principal, dado que este embate entre os dois pa\u00edses seja prolongado, espera-se que a economia mundial possa entrar em um processo recessivo.  E isso chega ao Brasil. A tend\u00eancia, com o aumento das incertezas \u00e9 uma fuga de capitais dos mercados emergentes, como o brasileiro, o qual devido \u00e0 recente redu\u00e7\u00e3o da taxa b\u00e1sica de juros imp\u00f5e atratividade ainda menor aos investimentos internacionais.<\/p>\n\n\n\n<p>Para a an\u00e1lise de cen\u00e1rios macroecon\u00f4micos \u00e9 tempo de espera. Para an\u00e1lise do pr\u00f3prio caixa ou bolso \u00e9 tempo de se preparar. Ainda que seja certo mais redu\u00e7\u00f5es de juros, o d\u00f3lar mais caro preocupa e deve impor planejamento para aqueles que negociam seus valores. O mesmo ocorre no mercado financeiro. A volatilidade fica mais latente e agora n\u00e3o mais apenas devido aos movimentos internos.<\/p>\n\n\n\n<p><strong>Dada tal an\u00e1lise, nossas proje\u00e7\u00f5es ficam:<br> 2019<\/strong><\/p>\n\n\n\n<ul class=\"wp-block-list\"><li>PIB: +0,8% (\u2194)<\/li><li>IPCA\/IBGE: 3,7% (\u2193)<\/li><li>SELIC: 5,25% (\u2193)<\/li><li>Taxa de C\u00e2mbio: 3,80 (\u2191)<\/li><li>Balan\u00e7a Comercial: + US$ 50 bi (\u2194)<\/li><li>Vendas do varejo: +2,5% (\u2194)<\/li><li>Volume dos servi\u00e7os: +1,0% (\u2194) <\/li><\/ul>\n","protected":false},"excerpt":{"rendered":"<p>Jaime Vasconcellos, economista Dois pontos dicot\u00f4micos nos chamam aten\u00e7\u00e3o no ambiente macro de nossa economia neste m\u00eas de agosto. O primeiro \u00e9 positivo e refere-se ao otimismo, mais traduzido em al\u00edvio de todos agentes econ\u00f4micos, com a aprova\u00e7\u00e3o parcial da Reforma Previdenci\u00e1ria, da MP 881\/19 (Liberdade Econ\u00f4mica) e com o in\u00edcio das discuss\u00f5es da Reforma [&hellip;]<\/p>\n","protected":false},"author":1,"featured_media":957,"comment_status":"closed","ping_status":"open","sticky":false,"template":"","format":"standard","meta":{"tdm_status":"","tdm_grid_status":"","footnotes":""},"categories":[153],"tags":[156,202,203,75],"class_list":["post-956","post","type-post","status-publish","format-standard","has-post-thumbnail","hentry","category-noticias","tag-economia","tag-pib","tag-selic","tag-vendas"],"amp_enabled":true,"_links":{"self":[{"href":"https:\/\/sincomavi.org.br\/index.php?rest_route=\/wp\/v2\/posts\/956","targetHints":{"allow":["GET"]}}],"collection":[{"href":"https:\/\/sincomavi.org.br\/index.php?rest_route=\/wp\/v2\/posts"}],"about":[{"href":"https:\/\/sincomavi.org.br\/index.php?rest_route=\/wp\/v2\/types\/post"}],"author":[{"embeddable":true,"href":"https:\/\/sincomavi.org.br\/index.php?rest_route=\/wp\/v2\/users\/1"}],"replies":[{"embeddable":true,"href":"https:\/\/sincomavi.org.br\/index.php?rest_route=%2Fwp%2Fv2%2Fcomments&post=956"}],"version-history":[{"count":1,"href":"https:\/\/sincomavi.org.br\/index.php?rest_route=\/wp\/v2\/posts\/956\/revisions"}],"predecessor-version":[{"id":958,"href":"https:\/\/sincomavi.org.br\/index.php?rest_route=\/wp\/v2\/posts\/956\/revisions\/958"}],"wp:featuredmedia":[{"embeddable":true,"href":"https:\/\/sincomavi.org.br\/index.php?rest_route=\/wp\/v2\/media\/957"}],"wp:attachment":[{"href":"https:\/\/sincomavi.org.br\/index.php?rest_route=%2Fwp%2Fv2%2Fmedia&parent=956"}],"wp:term":[{"taxonomy":"category","embeddable":true,"href":"https:\/\/sincomavi.org.br\/index.php?rest_route=%2Fwp%2Fv2%2Fcategories&post=956"},{"taxonomy":"post_tag","embeddable":true,"href":"https:\/\/sincomavi.org.br\/index.php?rest_route=%2Fwp%2Fv2%2Ftags&post=956"}],"curies":[{"name":"wp","href":"https:\/\/api.w.org\/{rel}","templated":true}]}}