{"id":9533,"date":"2023-02-28T15:15:42","date_gmt":"2023-02-28T18:15:42","guid":{"rendered":"https:\/\/sincomavi.org.br\/?p=9533"},"modified":"2023-02-28T15:15:43","modified_gmt":"2023-02-28T18:15:43","slug":"fgv-registra-alta-na-confianca-do-comercio-em-fevereiro","status":"publish","type":"post","link":"https:\/\/sincomavi.org.br\/?p=9533","title":{"rendered":"FGV registra alta na confian\u00e7a do com\u00e9rcio em fevereiro"},"content":{"rendered":"<style>.wp-block-kadence-spacer.kt-block-spacer-_f4c59e-b8 .kt-block-spacer{height:60px;}.wp-block-kadence-spacer.kt-block-spacer-_f4c59e-b8 .kt-divider{border-top-width:1px;height:1px;border-top-color:#eee;width:80%;border-top-style:solid;}<\/style>\n<div class=\"wp-block-kadence-spacer aligncenter kt-block-spacer-_f4c59e-b8\"><div class=\"kt-block-spacer kt-block-spacer-halign-center\"><hr class=\"kt-divider\"\/><\/div><\/div>\n\n\n\n<p>Depois de amargar cinco meses entre quedas e estabiliza\u00e7\u00f5es, o \u00cdndice de Confian\u00e7a do Com\u00e9rcio (ICOM),\u00a0do FGV IBRE, contou com uma eleva\u00e7\u00e3o de 3,0 pontos em fevereiro e alcan\u00e7ou os 85,8 pontos. Na m\u00e9trica de m\u00e9dias m\u00f3veis trimestrais, houve queda de 0,5 ponto, quarta queda seguida. O economista Rodolpho Tobler comenta que o resultado teve como principal influ\u00eancia uma melhora da percep\u00e7\u00e3o dos empres\u00e1rios em rela\u00e7\u00e3o \u00e0 situa\u00e7\u00e3o atual. \u201cNo entanto, \u00e9 necess\u00e1rio cautela porque os resultados positivos recuperam apenas parte do que foi perdido desde o final de 2022\u201d, ressalta. \u201cPelo lado das expectativas, se observa uma acomoda\u00e7\u00e3o em patamar baixo, com pouca varia\u00e7\u00e3o nos \u00faltimos meses, demonstrando que ainda existe preocupa\u00e7\u00e3o com o futuro\u201d.<\/p>\n\n\n<style>.wp-block-kadence-spacer.kt-block-spacer-_6edf5a-03 .kt-block-spacer{height:60px;}.wp-block-kadence-spacer.kt-block-spacer-_6edf5a-03 .kt-divider{border-top-width:1px;height:1px;border-top-color:#eee;width:80%;border-top-style:solid;}<\/style>\n<div class=\"wp-block-kadence-spacer aligncenter kt-block-spacer-_6edf5a-03\"><div class=\"kt-block-spacer kt-block-spacer-halign-center\"><hr class=\"kt-divider\"\/><\/div><\/div>\n","protected":false},"excerpt":{"rendered":"<p>Depois de amargar cinco meses entre quedas e estabiliza\u00e7\u00f5es, o \u00cdndice de Confian\u00e7a do Com\u00e9rcio (ICOM),\u00a0do FGV IBRE, contou com uma eleva\u00e7\u00e3o de 3,0 pontos em fevereiro e alcan\u00e7ou os 85,8 pontos. Na m\u00e9trica de m\u00e9dias m\u00f3veis trimestrais, houve queda de 0,5 ponto, quarta queda seguida. O economista Rodolpho Tobler comenta que o resultado teve [&hellip;]<\/p>\n","protected":false},"author":1,"featured_media":9534,"comment_status":"closed","ping_status":"open","sticky":false,"template":"","format":"standard","meta":{"tdm_status":"","tdm_grid_status":"","footnotes":""},"categories":[153],"tags":[199,204,632,754,924,620,160,654,200],"class_list":["post-9533","post","type-post","status-publish","format-standard","has-post-thumbnail","hentry","category-noticias","tag-comercio","tag-confianca","tag-estudo-setorial","tag-fgv-ibre","tag-indice-de-confianca-do-comercio","tag-levantamento","tag-pesquisa","tag-sondagem","tag-varejo"],"amp_enabled":true,"_links":{"self":[{"href":"https:\/\/sincomavi.org.br\/index.php?rest_route=\/wp\/v2\/posts\/9533","targetHints":{"allow":["GET"]}}],"collection":[{"href":"https:\/\/sincomavi.org.br\/index.php?rest_route=\/wp\/v2\/posts"}],"about":[{"href":"https:\/\/sincomavi.org.br\/index.php?rest_route=\/wp\/v2\/types\/post"}],"author":[{"embeddable":true,"href":"https:\/\/sincomavi.org.br\/index.php?rest_route=\/wp\/v2\/users\/1"}],"replies":[{"embeddable":true,"href":"https:\/\/sincomavi.org.br\/index.php?rest_route=%2Fwp%2Fv2%2Fcomments&post=9533"}],"version-history":[{"count":1,"href":"https:\/\/sincomavi.org.br\/index.php?rest_route=\/wp\/v2\/posts\/9533\/revisions"}],"predecessor-version":[{"id":9535,"href":"https:\/\/sincomavi.org.br\/index.php?rest_route=\/wp\/v2\/posts\/9533\/revisions\/9535"}],"wp:featuredmedia":[{"embeddable":true,"href":"https:\/\/sincomavi.org.br\/index.php?rest_route=\/wp\/v2\/media\/9534"}],"wp:attachment":[{"href":"https:\/\/sincomavi.org.br\/index.php?rest_route=%2Fwp%2Fv2%2Fmedia&parent=9533"}],"wp:term":[{"taxonomy":"category","embeddable":true,"href":"https:\/\/sincomavi.org.br\/index.php?rest_route=%2Fwp%2Fv2%2Fcategories&post=9533"},{"taxonomy":"post_tag","embeddable":true,"href":"https:\/\/sincomavi.org.br\/index.php?rest_route=%2Fwp%2Fv2%2Ftags&post=9533"}],"curies":[{"name":"wp","href":"https:\/\/api.w.org\/{rel}","templated":true}]}}