{"id":953,"date":"2019-08-21T09:16:40","date_gmt":"2019-08-21T12:16:40","guid":{"rendered":"http:\/\/sincomavi.org.br\/?p=953"},"modified":"2019-08-21T09:16:41","modified_gmt":"2019-08-21T12:16:41","slug":"queda-de-07-no-movimento-do-comercio","status":"publish","type":"post","link":"https:\/\/sincomavi.org.br\/?p=953","title":{"rendered":"Queda de 0,7% no movimento do Com\u00e9rcio"},"content":{"rendered":"\n<p>O varejo contou novamente em julho com resultados aqu\u00e9m do esperado. O Indicador Movimento do Com\u00e9rcio, da Boa Vista, contou com recuo no per\u00edodo de 0,7%, em compara\u00e7\u00e3o a junho de 2019, j\u00e1 descontados os efeitos sazonais. Tendo como par\u00e2metro o mesmo m\u00eas do ano passado, a queda se mostra mais acentuada: 3,7%. Nos \u00faltimos doze meses, o indicador ainda permanece dentro da faixa positiva, com 1,2%.<\/p>\n","protected":false},"excerpt":{"rendered":"<p>O varejo contou novamente em julho com resultados aqu\u00e9m do esperado. O Indicador Movimento do Com\u00e9rcio, da Boa Vista, contou com recuo no per\u00edodo de 0,7%, em compara\u00e7\u00e3o a junho de 2019, j\u00e1 descontados os efeitos sazonais. Tendo como par\u00e2metro o mesmo m\u00eas do ano passado, a queda se mostra mais acentuada: 3,7%. Nos \u00faltimos [&hellip;]<\/p>\n","protected":false},"author":1,"featured_media":954,"comment_status":"closed","ping_status":"open","sticky":false,"template":"","format":"standard","meta":{"tdm_status":"","tdm_grid_status":"","footnotes":""},"categories":[153],"tags":[199,201,200,75],"class_list":["post-953","post","type-post","status-publish","format-standard","has-post-thumbnail","hentry","category-noticias","tag-comercio","tag-movimento","tag-varejo","tag-vendas"],"amp_enabled":true,"_links":{"self":[{"href":"https:\/\/sincomavi.org.br\/index.php?rest_route=\/wp\/v2\/posts\/953","targetHints":{"allow":["GET"]}}],"collection":[{"href":"https:\/\/sincomavi.org.br\/index.php?rest_route=\/wp\/v2\/posts"}],"about":[{"href":"https:\/\/sincomavi.org.br\/index.php?rest_route=\/wp\/v2\/types\/post"}],"author":[{"embeddable":true,"href":"https:\/\/sincomavi.org.br\/index.php?rest_route=\/wp\/v2\/users\/1"}],"replies":[{"embeddable":true,"href":"https:\/\/sincomavi.org.br\/index.php?rest_route=%2Fwp%2Fv2%2Fcomments&post=953"}],"version-history":[{"count":1,"href":"https:\/\/sincomavi.org.br\/index.php?rest_route=\/wp\/v2\/posts\/953\/revisions"}],"predecessor-version":[{"id":955,"href":"https:\/\/sincomavi.org.br\/index.php?rest_route=\/wp\/v2\/posts\/953\/revisions\/955"}],"wp:featuredmedia":[{"embeddable":true,"href":"https:\/\/sincomavi.org.br\/index.php?rest_route=\/wp\/v2\/media\/954"}],"wp:attachment":[{"href":"https:\/\/sincomavi.org.br\/index.php?rest_route=%2Fwp%2Fv2%2Fmedia&parent=953"}],"wp:term":[{"taxonomy":"category","embeddable":true,"href":"https:\/\/sincomavi.org.br\/index.php?rest_route=%2Fwp%2Fv2%2Fcategories&post=953"},{"taxonomy":"post_tag","embeddable":true,"href":"https:\/\/sincomavi.org.br\/index.php?rest_route=%2Fwp%2Fv2%2Ftags&post=953"}],"curies":[{"name":"wp","href":"https:\/\/api.w.org\/{rel}","templated":true}]}}