{"id":9508,"date":"2023-02-27T09:55:37","date_gmt":"2023-02-27T12:55:37","guid":{"rendered":"https:\/\/sincomavi.org.br\/?p=9508"},"modified":"2023-02-27T09:55:38","modified_gmt":"2023-02-27T12:55:38","slug":"incc-m-sofre-uma-variacao-positiva-de-021-em-fevereiro","status":"publish","type":"post","link":"https:\/\/sincomavi.org.br\/?p=9508","title":{"rendered":"INCC-M sofre uma varia\u00e7\u00e3o positiva de 0,21% em fevereiro"},"content":{"rendered":"<style>.wp-block-kadence-spacer.kt-block-spacer-_ae5448-dd .kt-block-spacer{height:60px;}.wp-block-kadence-spacer.kt-block-spacer-_ae5448-dd .kt-divider{border-top-width:1px;height:1px;border-top-color:#eee;width:80%;border-top-style:solid;}<\/style>\n<div class=\"wp-block-kadence-spacer aligncenter kt-block-spacer-_ae5448-dd\"><div class=\"kt-block-spacer kt-block-spacer-halign-center\"><hr class=\"kt-divider\"\/><\/div><\/div>\n\n\n\n<p>O&nbsp;\u00cdndice Nacional de Custo da Constru\u00e7\u00e3o (INCC-M), Funda\u00e7\u00e3o Getulio Vargas (FGV IBRE),&nbsp;registrou uma alta de 0,21 % em fevereiro, resultado inferior ao alcan\u00e7ado no primeiro m\u00eas de 2023 (0,32%). O indicador acumula alta de 0,53% no ano e de 8,76% em 12 meses. A taxa do \u00edndice referente a Materiais, Equipamentos e Servi\u00e7os contou com aumento de 0,32% em fevereiro. J\u00e1 a participa\u00e7\u00e3o relativa \u00e0 m\u00e3o de obra avan\u00e7ou 0,10% no m\u00eas analisado.<br>&nbsp;<\/p>\n\n\n\n<p>Os custos com \u201cMateriais e Equipamentos\u201d tiveram uma eleva\u00e7\u00e3o de 0,16% no per\u00edodo, com as maiores varia\u00e7\u00f5es dentro da categoria sendo lideradas por revestimento, lou\u00e7as e pisos (1,02%), pedras ornamentais para constru\u00e7\u00e3o (0,57%), material para pintura (0,38%) e madeira para acabamento (0,37%). Entre os produtos, as principais influ\u00eancias negativas ficaram por conta de condutores el\u00e9tricos (-0,74%), madeira para telhados (-0,34%), cimento portland comum (-0,30%), ferragens para esquadrias (-0,27%) e massa de concreto (0,17%).<\/p>\n\n\n\n<h2 class=\"wp-block-heading\">Confian\u00e7a<\/h2>\n\n\n\n<p>Depois de queda por quatro meses consecutivos, o \u00cdndice de Confian\u00e7a da Constru\u00e7\u00e3o (ICST) subiu 0,8 ponto em fevereiro e alcan\u00e7ou os 94,4 pontos. Em m\u00e9dias m\u00f3veis trimestrais, o \u00edndice caiu 0,4 ponto. Ana Maria Castelo, coordenadora de Projetos da Constru\u00e7\u00e3o do FGV IBRE, comenta que as expectativas voltaram a melhorar em raz\u00e3o da demanda estimada para os pr\u00f3ximos meses. \u201cOu seja, o pessimismo que contaminou o setor desde outubro diminuiu significativamente em fevereiro, liderado pelo segmento de Edifica\u00e7\u00f5es, que reagiu de forma positiva ao an\u00fancio de retomada do Programa Minha Casa Minha Vida.<\/p>\n\n\n\n<p>Por outro lado, o\u00a0\u00cdndice de Confian\u00e7a do Consumidor (ICC) caiu 1,3 ponto no per\u00edodo (84,5 pontos), atingindo o menor n\u00edvel desde agosto de 2022 (83,6 pontos). Em m\u00e9dias m\u00f3veis trimestrais, o \u00edndice cai pelo terceiro m\u00eas consecutivo ao recuar 0,3 ponto, para 86,1 pontos. Viviane Seda Bittencourt, coordenadora de Sondagens do FGV IBRE, afirma que existe uma percep\u00e7\u00e3o de piora da situa\u00e7\u00e3o atual, que \u00e9 mais percebida pelas fam\u00edlias de menor poder aquisitivo. \u201cAs perspectivas ainda s\u00e3o cautelosas, apesar dos consumidores ainda serem otimistas em rela\u00e7\u00e3o ao mercado de trabalho, o que parece ter sustentado as perspectivas sobre economia e emprego com indicadores acima dos 100 pontos. O contexto econ\u00f4mico das fam\u00edlias se altera pouco: maior endividamento, taxas de juros elevadas, desacelera\u00e7\u00e3o da atividade econ\u00f4mica e a elevada incerteza devem manter a confian\u00e7a em patamares baixos em 2023\u201d.<\/p>\n\n\n<style>.wp-block-kadence-spacer.kt-block-spacer-_143cd3-1b .kt-block-spacer{height:60px;}.wp-block-kadence-spacer.kt-block-spacer-_143cd3-1b .kt-divider{border-top-width:1px;height:1px;border-top-color:#eee;width:80%;border-top-style:solid;}<\/style>\n<div class=\"wp-block-kadence-spacer aligncenter kt-block-spacer-_143cd3-1b\"><div class=\"kt-block-spacer kt-block-spacer-halign-center\"><hr class=\"kt-divider\"\/><\/div><\/div>\n","protected":false},"excerpt":{"rendered":"<p>O&nbsp;\u00cdndice Nacional de Custo da Constru\u00e7\u00e3o (INCC-M), Funda\u00e7\u00e3o Getulio Vargas (FGV IBRE),&nbsp;registrou uma alta de 0,21 % em fevereiro, resultado inferior ao alcan\u00e7ado no primeiro m\u00eas de 2023 (0,32%). O indicador acumula alta de 0,53% no ano e de 8,76% em 12 meses. A taxa do \u00edndice referente a Materiais, Equipamentos e Servi\u00e7os contou com [&hellip;]<\/p>\n","protected":false},"author":1,"featured_media":9509,"comment_status":"closed","ping_status":"open","sticky":false,"template":"","format":"standard","meta":{"tdm_status":"","tdm_grid_status":"","footnotes":""},"categories":[153],"tags":[199,204,618,632,619,620,158,160,237,654,200],"class_list":["post-9508","post","type-post","status-publish","format-standard","has-post-thumbnail","hentry","category-noticias","tag-comercio","tag-confianca","tag-construcao-civil","tag-estudo-setorial","tag-incc-m","tag-levantamento","tag-material-de-construcao","tag-pesquisa","tag-precos","tag-sondagem","tag-varejo"],"amp_enabled":true,"_links":{"self":[{"href":"https:\/\/sincomavi.org.br\/index.php?rest_route=\/wp\/v2\/posts\/9508","targetHints":{"allow":["GET"]}}],"collection":[{"href":"https:\/\/sincomavi.org.br\/index.php?rest_route=\/wp\/v2\/posts"}],"about":[{"href":"https:\/\/sincomavi.org.br\/index.php?rest_route=\/wp\/v2\/types\/post"}],"author":[{"embeddable":true,"href":"https:\/\/sincomavi.org.br\/index.php?rest_route=\/wp\/v2\/users\/1"}],"replies":[{"embeddable":true,"href":"https:\/\/sincomavi.org.br\/index.php?rest_route=%2Fwp%2Fv2%2Fcomments&post=9508"}],"version-history":[{"count":1,"href":"https:\/\/sincomavi.org.br\/index.php?rest_route=\/wp\/v2\/posts\/9508\/revisions"}],"predecessor-version":[{"id":9510,"href":"https:\/\/sincomavi.org.br\/index.php?rest_route=\/wp\/v2\/posts\/9508\/revisions\/9510"}],"wp:featuredmedia":[{"embeddable":true,"href":"https:\/\/sincomavi.org.br\/index.php?rest_route=\/wp\/v2\/media\/9509"}],"wp:attachment":[{"href":"https:\/\/sincomavi.org.br\/index.php?rest_route=%2Fwp%2Fv2%2Fmedia&parent=9508"}],"wp:term":[{"taxonomy":"category","embeddable":true,"href":"https:\/\/sincomavi.org.br\/index.php?rest_route=%2Fwp%2Fv2%2Fcategories&post=9508"},{"taxonomy":"post_tag","embeddable":true,"href":"https:\/\/sincomavi.org.br\/index.php?rest_route=%2Fwp%2Fv2%2Ftags&post=9508"}],"curies":[{"name":"wp","href":"https:\/\/api.w.org\/{rel}","templated":true}]}}