{"id":9430,"date":"2023-02-09T14:59:45","date_gmt":"2023-02-09T17:59:45","guid":{"rendered":"https:\/\/sincomavi.org.br\/?p=9430"},"modified":"2023-02-09T15:01:32","modified_gmt":"2023-02-09T18:01:32","slug":"volume-de-vendas-de-material-de-construcao-recua-68-em-2022","status":"publish","type":"post","link":"https:\/\/sincomavi.org.br\/?p=9430","title":{"rendered":"Volume de vendas de material de constru\u00e7\u00e3o recua 6,8% em 2022"},"content":{"rendered":"<style>.wp-block-kadence-spacer.kt-block-spacer-_76850c-e5 .kt-block-spacer{height:60px;}.wp-block-kadence-spacer.kt-block-spacer-_76850c-e5 .kt-divider{border-top-width:1px;height:1px;border-top-color:#eee;width:80%;border-top-style:solid;}<\/style>\n<div class=\"wp-block-kadence-spacer aligncenter kt-block-spacer-_76850c-e5\"><div class=\"kt-block-spacer kt-block-spacer-halign-center\"><hr class=\"kt-divider\"\/><\/div><\/div>\n\n\n\n<p>Estudo realizado a partir da Pesquisa Mensal do Com\u00e9rcio (PMC), do Instituto Brasileiro de Geografia e Estat\u00edstica (IBGE), revela que em dezembro passado o volume de vendas do com\u00e9rcio de material de constru\u00e7\u00e3o do Estado de S\u00e3o Paulo caiu 3,3% em rela\u00e7\u00e3o ao mesmo m\u00eas do ano anterior. O recuo foi mais ameno que o registrado em novembro, quando a queda alcan\u00e7ou os 5,4%. Em \u00e2mbito nacional, a perda de dezembro se mostrou mais forte, de -7,1% contra o \u00faltimo m\u00eas de 2021. Tamb\u00e9m houve desacelera\u00e7\u00e3o do cen\u00e1rio negativo quando comparado a novembro.<\/p>\n\n\n\n<p class=\"has-text-align-center\"><strong>Evolu\u00e7\u00e3o mensal do \u00edndice de volume de vendas do com\u00e9rcio de material de constru\u00e7\u00e3o \u2013 M\u00eas contra mesmo m\u00eas do ano anterior<\/strong><\/p>\n\n\n\n<div class=\"wp-block-image\"><figure class=\"aligncenter size-full\"><img loading=\"lazy\" decoding=\"async\" width=\"1007\" height=\"553\" src=\"https:\/\/sincomavi.org.br\/wp-content\/uploads\/2023\/02\/image-3.png\" alt=\"\" class=\"wp-image-9431\" srcset=\"https:\/\/sincomavi.org.br\/wp-content\/uploads\/2023\/02\/image-3.png 1007w, https:\/\/sincomavi.org.br\/wp-content\/uploads\/2023\/02\/image-3-300x165.png 300w, https:\/\/sincomavi.org.br\/wp-content\/uploads\/2023\/02\/image-3-768x422.png 768w, https:\/\/sincomavi.org.br\/wp-content\/uploads\/2023\/02\/image-3-765x420.png 765w, https:\/\/sincomavi.org.br\/wp-content\/uploads\/2023\/02\/image-3-640x350.png 640w, https:\/\/sincomavi.org.br\/wp-content\/uploads\/2023\/02\/image-3-681x374.png 681w\" sizes=\"auto, (max-width: 1007px) 100vw, 1007px\" \/><figcaption>Fonte: PMC-IBGE<\/figcaption><\/figure><\/div>\n\n\n\n<p>Com a nova queda de vendas em dezembro, o desempenho acumulado de 2022 ficou no negativo em &#8211; 6,8% no Estado de S\u00e3o Paulo. No pa\u00eds a perda foi de &#8211; 8,7% no ano.<\/p>\n\n\n\n<p class=\"has-text-align-center\"><strong>Evolu\u00e7\u00e3o mensal do \u00edndice de volume de vendas do com\u00e9rcio de material de constru\u00e7\u00e3o do Estado de S\u00e3o Paulo: Taxa acumulada no ano e em doze meses<\/strong><\/p>\n\n\n\n<div class=\"wp-block-image\"><figure class=\"aligncenter size-full\"><img loading=\"lazy\" decoding=\"async\" width=\"944\" height=\"510\" src=\"https:\/\/sincomavi.org.br\/wp-content\/uploads\/2023\/02\/image-4.png\" alt=\"\" class=\"wp-image-9432\" srcset=\"https:\/\/sincomavi.org.br\/wp-content\/uploads\/2023\/02\/image-4.png 944w, https:\/\/sincomavi.org.br\/wp-content\/uploads\/2023\/02\/image-4-300x162.png 300w, https:\/\/sincomavi.org.br\/wp-content\/uploads\/2023\/02\/image-4-768x415.png 768w, https:\/\/sincomavi.org.br\/wp-content\/uploads\/2023\/02\/image-4-777x420.png 777w, https:\/\/sincomavi.org.br\/wp-content\/uploads\/2023\/02\/image-4-640x346.png 640w, https:\/\/sincomavi.org.br\/wp-content\/uploads\/2023\/02\/image-4-681x368.png 681w\" sizes=\"auto, (max-width: 944px) 100vw, 944px\" \/><figcaption>Fonte: PMC-IBGE<\/figcaption><\/figure><\/div>\n\n\n\n<p>Era esperada que a queda no volume de vendas no com\u00e9rcio de material de constru\u00e7\u00e3o do Estado de S\u00e3o Paulo rondasse os 7%. Se por um lado a perda dos 6,8% interrompe os bons crescimentos anuais vistos desde 2017, e em especial nos dois anos de pandemia &#8211; em 2020 de +15,5% e 2021 de +5,5% -, por outro, o que se v\u00ea desde o \u00faltimo m\u00eas de agosto \u00e9 uma ameniza\u00e7\u00e3o da taxa negativa no acumulado em 12 meses. \u201cNaquele m\u00eas tal taxa marcava os -8%, recuando timidamente at\u00e9 os -6,8% de dezembro passado\u201d, destaca o economista Jaime Vasconcellos.<\/p>\n\n\n\n<p>Em suma, esse poss\u00edvel cen\u00e1rio j\u00e1 era apontado em estudos anteriores: aguardava-se perdas em 2022 tanto pela redu\u00e7\u00e3o natural de ritmo p\u00f3s forte evolu\u00e7\u00e3o (base forte de compara\u00e7\u00e3o) como devido a deteriora\u00e7\u00e3o da conjuntura de consumo e cr\u00e9dito no pa\u00eds. Isso em fun\u00e7\u00e3o dos avan\u00e7os da infla\u00e7\u00e3o, juros e n\u00edveis de endividamento e inadimpl\u00eancia familiar. \u201cA tend\u00eancia para 2023 \u00e9 o estancamento gradativo deste processo negativo. Ou seja, o ano deve ser marcado por uma maior estabilidade em rela\u00e7\u00e3o a 2022, ainda que o cen\u00e1rio se caracterize por uma economia em geral mais desacelerada\u201d, avalia Jaime.<\/p>\n\n\n\n<p><strong>OBS: O Volume de Vendas observado pela PMC resulta da defla\u00e7\u00e3o dos valores nominais correntes da receita bruta de revenda<\/strong> <strong>por \u00edndices de pre\u00e7os espec\u00edficos para cada grupo de atividade, e para cada Unidade da Federa\u00e7\u00e3o, constru\u00eddos a partir dos relativos de pre\u00e7os do IPCA e do Sistema Nacional de Pesquisa de Custos e \u00cdndices da Constru\u00e7\u00e3o Civil \u2013 SINAPI. A pesquisa tamb\u00e9m avalia apenas empresas com 20 ocupados ou mais.<\/strong><\/p>\n\n\n<style>.wp-block-kadence-spacer.kt-block-spacer-_a20f64-17 .kt-block-spacer{height:60px;}.wp-block-kadence-spacer.kt-block-spacer-_a20f64-17 .kt-divider{border-top-width:1px;height:1px;border-top-color:#eee;width:80%;border-top-style:solid;}<\/style>\n<div class=\"wp-block-kadence-spacer aligncenter kt-block-spacer-_a20f64-17\"><div class=\"kt-block-spacer kt-block-spacer-halign-center\"><hr class=\"kt-divider\"\/><\/div><\/div>\n","protected":false},"excerpt":{"rendered":"<p>Estudo realizado a partir da Pesquisa Mensal do Com\u00e9rcio (PMC), do Instituto Brasileiro de Geografia e Estat\u00edstica (IBGE), revela que em dezembro passado o volume de vendas do com\u00e9rcio de material de constru\u00e7\u00e3o do Estado de S\u00e3o Paulo caiu 3,3% em rela\u00e7\u00e3o ao mesmo m\u00eas do ano anterior. O recuo foi mais ameno que o [&hellip;]<\/p>\n","protected":false},"author":1,"featured_media":9433,"comment_status":"closed","ping_status":"open","sticky":false,"template":"","format":"standard","meta":{"tdm_status":"","tdm_grid_status":"","footnotes":""},"categories":[153],"tags":[199,632,868,620,158,665,162,1011,200,75],"class_list":["post-9430","post","type-post","status-publish","format-standard","has-post-thumbnail","hentry","category-noticias","tag-comercio","tag-estudo-setorial","tag-grande-sao-paulo","tag-levantamento","tag-material-de-construcao","tag-pesquisa-mensal-do-comercio","tag-pmc","tag-regiao-metropolitana-de-sao-paulo","tag-varejo","tag-vendas"],"amp_enabled":true,"_links":{"self":[{"href":"https:\/\/sincomavi.org.br\/index.php?rest_route=\/wp\/v2\/posts\/9430","targetHints":{"allow":["GET"]}}],"collection":[{"href":"https:\/\/sincomavi.org.br\/index.php?rest_route=\/wp\/v2\/posts"}],"about":[{"href":"https:\/\/sincomavi.org.br\/index.php?rest_route=\/wp\/v2\/types\/post"}],"author":[{"embeddable":true,"href":"https:\/\/sincomavi.org.br\/index.php?rest_route=\/wp\/v2\/users\/1"}],"replies":[{"embeddable":true,"href":"https:\/\/sincomavi.org.br\/index.php?rest_route=%2Fwp%2Fv2%2Fcomments&post=9430"}],"version-history":[{"count":2,"href":"https:\/\/sincomavi.org.br\/index.php?rest_route=\/wp\/v2\/posts\/9430\/revisions"}],"predecessor-version":[{"id":9435,"href":"https:\/\/sincomavi.org.br\/index.php?rest_route=\/wp\/v2\/posts\/9430\/revisions\/9435"}],"wp:featuredmedia":[{"embeddable":true,"href":"https:\/\/sincomavi.org.br\/index.php?rest_route=\/wp\/v2\/media\/9433"}],"wp:attachment":[{"href":"https:\/\/sincomavi.org.br\/index.php?rest_route=%2Fwp%2Fv2%2Fmedia&parent=9430"}],"wp:term":[{"taxonomy":"category","embeddable":true,"href":"https:\/\/sincomavi.org.br\/index.php?rest_route=%2Fwp%2Fv2%2Fcategories&post=9430"},{"taxonomy":"post_tag","embeddable":true,"href":"https:\/\/sincomavi.org.br\/index.php?rest_route=%2Fwp%2Fv2%2Ftags&post=9430"}],"curies":[{"name":"wp","href":"https:\/\/api.w.org\/{rel}","templated":true}]}}