{"id":9381,"date":"2023-01-30T09:38:17","date_gmt":"2023-01-30T12:38:17","guid":{"rendered":"https:\/\/sincomavi.org.br\/?p=9381"},"modified":"2023-01-30T09:38:17","modified_gmt":"2023-01-30T12:38:17","slug":"haus-decor-show-novidades-em-tintas-vernizes-iluminacao-e-automacao","status":"publish","type":"post","link":"https:\/\/sincomavi.org.br\/?p=9381","title":{"rendered":"Haus Decor Show: novidades em tintas, vernizes, ilumina\u00e7\u00e3o e automa\u00e7\u00e3o"},"content":{"rendered":"<style>.wp-block-kadence-spacer.kt-block-spacer-_c0bff2-d4 .kt-block-spacer{height:60px;}.wp-block-kadence-spacer.kt-block-spacer-_c0bff2-d4 .kt-divider{border-top-width:1px;height:1px;border-top-color:#eee;width:80%;border-top-style:solid;}<\/style>\n<div class=\"wp-block-kadence-spacer aligncenter kt-block-spacer-_c0bff2-d4\"><div class=\"kt-block-spacer kt-block-spacer-halign-center\"><hr class=\"kt-divider\"\/><\/div><\/div>\n\n\n\n<p>Ser\u00e1 realizado entre os dias 14 e 17 de mar\u00e7o, no S\u00e3o Paulo Expo, a primeira edi\u00e7\u00e3o da Haus Decor Show, organizada pela N\u00fcrnbergMesse Brasil e simult\u00e2nea \u00e0 Expo Revestir 2023. A exposi\u00e7\u00e3o, que conta com o apoio do Sincomavi, \u00e9 voltada para os segmentos de tintas e vernizes, ilumina\u00e7\u00e3o, automa\u00e7\u00e3o residencial e refrigera\u00e7\u00e3o. As inscri\u00e7\u00f5es gratuitas j\u00e1 est\u00e3o abertas.<\/p>\n\n\n<style>.wp-block-kadence-advancedbtn.kb-btns_7a9637-e5{gap:var(--global-kb-gap-xs, 0.5rem );justify-content:center;align-items:center;}.kt-btns_7a9637-e5 .kt-button{font-weight:normal;font-style:normal;}.kt-btns_7a9637-e5 .kt-btn-wrap-0{margin-right:5px;}.wp-block-kadence-advancedbtn.kt-btns_7a9637-e5 .kt-btn-wrap-0 .kt-button{color:#555555;border-color:#555555;}.wp-block-kadence-advancedbtn.kt-btns_7a9637-e5 .kt-btn-wrap-0 .kt-button:hover, .wp-block-kadence-advancedbtn.kt-btns_7a9637-e5 .kt-btn-wrap-0 .kt-button:focus{color:#ffffff;border-color:#444444;}.wp-block-kadence-advancedbtn.kt-btns_7a9637-e5 .kt-btn-wrap-0 .kt-button::before{display:none;}.wp-block-kadence-advancedbtn.kt-btns_7a9637-e5 .kt-btn-wrap-0 .kt-button:hover, .wp-block-kadence-advancedbtn.kt-btns_7a9637-e5 .kt-btn-wrap-0 .kt-button:focus{background:#444444;}<\/style>\n<div class=\"wp-block-kadence-advancedbtn kt-btn-align-center kt-btn-tablet-align-inherit kt-btn-mobile-align-inherit kt-btns-wrap kt-btns_7a9637-e5\"><div class=\"kt-btn-wrap kt-btn-wrap-0\"><a class=\"kt-button button kt-btn-0-action kt-btn-size-standard kt-btn-style-basic kt-btn-svg-show-always kt-btn-has-text-true kt-btn-has-svg-false\" href=\"https:\/\/easyeventos.com.br\/v3\/revestir\/23\/vis\/?utm_source=site-haus&amp;utm_medium=botao&amp;utm_campaign=haus-decor-show-credenciamento\" rel=\"nofollow\"><span class=\"kt-btn-inner-text\">CLIQUE AQUI<\/span><\/a><\/div><\/div>\n\n\n\n<p>Os visitantes poder\u00e3o ainda aproveitar para enriquecer seus conhecimentos por meio da programa\u00e7\u00e3o de palestras criada especialmente para o evento. Confira todas as atra\u00e7\u00f5es que estar\u00e3o dispon\u00edveis <strong><a href=\"https:\/\/www.hausdecorshow.com.br\/programacao\" target=\"_blank\" rel=\"noreferrer noopener\">aqui<\/a><\/strong>.<\/p>\n\n\n\n<p><strong>Haus Decor Show<\/strong><br>14, 15 e 16 de mar\u00e7o, das 10h \u00e0s 19h<br>17 de mar\u00e7o, das 10h \u00e0s 17h<br>Local: S\u00e3o Paulo Expo, Rodovia dos Imigrantes, km 1,5 &#8211; S\u00e3o Paulo (SP)<br><a href=\"http:\/\/www.hausdecorshow.com.br\" target=\"_blank\" rel=\"noreferrer noopener\"><strong>www.hausdecorshow.com.br<\/strong><\/a><\/p>\n","protected":false},"excerpt":{"rendered":"<p>Ser\u00e1 realizado entre os dias 14 e 17 de mar\u00e7o, no S\u00e3o Paulo Expo, a primeira edi\u00e7\u00e3o da Haus Decor Show, organizada pela N\u00fcrnbergMesse Brasil e simult\u00e2nea \u00e0 Expo Revestir 2023. A exposi\u00e7\u00e3o, que conta com o apoio do Sincomavi, \u00e9 voltada para os segmentos de tintas e vernizes, ilumina\u00e7\u00e3o, automa\u00e7\u00e3o residencial e refrigera\u00e7\u00e3o. As [&hellip;]<\/p>\n","protected":false},"author":1,"featured_media":9382,"comment_status":"closed","ping_status":"open","sticky":false,"template":"","format":"standard","meta":{"tdm_status":"","tdm_grid_status":"","footnotes":""},"categories":[153],"tags":[1126,181,243,382,1123,1128,158,1124,1127,1125],"class_list":["post-9381","post","type-post","status-publish","format-standard","has-post-thumbnail","hentry","category-noticias","tag-automacao-residencial","tag-evento","tag-exposicao","tag-gratuito","tag-haus-decor-show","tag-iluminacao","tag-material-de-construcao","tag-palestras","tag-refrigeracao","tag-tintas-e-vernizes"],"amp_enabled":true,"_links":{"self":[{"href":"https:\/\/sincomavi.org.br\/index.php?rest_route=\/wp\/v2\/posts\/9381","targetHints":{"allow":["GET"]}}],"collection":[{"href":"https:\/\/sincomavi.org.br\/index.php?rest_route=\/wp\/v2\/posts"}],"about":[{"href":"https:\/\/sincomavi.org.br\/index.php?rest_route=\/wp\/v2\/types\/post"}],"author":[{"embeddable":true,"href":"https:\/\/sincomavi.org.br\/index.php?rest_route=\/wp\/v2\/users\/1"}],"replies":[{"embeddable":true,"href":"https:\/\/sincomavi.org.br\/index.php?rest_route=%2Fwp%2Fv2%2Fcomments&post=9381"}],"version-history":[{"count":1,"href":"https:\/\/sincomavi.org.br\/index.php?rest_route=\/wp\/v2\/posts\/9381\/revisions"}],"predecessor-version":[{"id":9383,"href":"https:\/\/sincomavi.org.br\/index.php?rest_route=\/wp\/v2\/posts\/9381\/revisions\/9383"}],"wp:featuredmedia":[{"embeddable":true,"href":"https:\/\/sincomavi.org.br\/index.php?rest_route=\/wp\/v2\/media\/9382"}],"wp:attachment":[{"href":"https:\/\/sincomavi.org.br\/index.php?rest_route=%2Fwp%2Fv2%2Fmedia&parent=9381"}],"wp:term":[{"taxonomy":"category","embeddable":true,"href":"https:\/\/sincomavi.org.br\/index.php?rest_route=%2Fwp%2Fv2%2Fcategories&post=9381"},{"taxonomy":"post_tag","embeddable":true,"href":"https:\/\/sincomavi.org.br\/index.php?rest_route=%2Fwp%2Fv2%2Ftags&post=9381"}],"curies":[{"name":"wp","href":"https:\/\/api.w.org\/{rel}","templated":true}]}}