{"id":9364,"date":"2023-01-26T13:42:46","date_gmt":"2023-01-26T16:42:46","guid":{"rendered":"https:\/\/sincomavi.org.br\/?p=9364"},"modified":"2023-01-26T14:08:32","modified_gmt":"2023-01-26T17:08:32","slug":"incc-m-registra-alta-de-032-em-janeiro","status":"publish","type":"post","link":"https:\/\/sincomavi.org.br\/?p=9364","title":{"rendered":"INCC-M registra alta de 0,32% em janeiro"},"content":{"rendered":"<style>.wp-block-kadence-spacer.kt-block-spacer-_e1b3b7-7c .kt-block-spacer{height:60px;}.wp-block-kadence-spacer.kt-block-spacer-_e1b3b7-7c .kt-divider{border-top-width:1px;height:1px;border-top-color:#eee;width:80%;border-top-style:solid;}<\/style>\n<div class=\"wp-block-kadence-spacer aligncenter kt-block-spacer-_e1b3b7-7c\"><div class=\"kt-block-spacer kt-block-spacer-halign-center\"><hr class=\"kt-divider\"\/><\/div><\/div>\n\n\n\n<p>O\u00a0\u00cdndice Nacional de Custo da Constru\u00e7\u00e3o &#8211; M\u00a0(INCC-M), medido pelo FGV IBRE, contou com uma eleva\u00e7\u00e3o de 0,32% em janeiro. A principal contribui\u00e7\u00e3o para essa alta foi a varia\u00e7\u00e3o positiva verificada nos custos com m\u00e3o de obra, que alcan\u00e7ou 0,77% no per\u00edodo. J\u00e1 a taxa referente a Materiais, Equipamentos e Servi\u00e7os teve uma retra\u00e7\u00e3o de -0,12%.<\/p>\n\n\n\n<p>O \u00fanico segmento que teve alta foi materiais para acabamento com 0,20%. Materiais para estrutura e para instala\u00e7\u00e3o sofreram queda de -0,55% e -0,81%, respectivamente. Entre os produtos, os destaques ficam para tubos e conex\u00f5es em PVC (-4,12%), Cimento Portland comum (-3,77%), eletroduto de PVC (-1,73%), vergalh\u00f5es e arames de a\u00e7o ao carbono (-0,86%) e portas e janelas de madeira (-0,49%).<\/p>\n\n\n\n<h2 class=\"wp-block-heading\">Queda na confian\u00e7a<\/h2>\n\n\n\n<p><br>O FGV IBRE divulgou ainda o&nbsp;\u00cdndice de Confian\u00e7a da Constru\u00e7\u00e3o (ICST), que recuou 1,7 ponto em janeiro, alcan\u00e7ando os 93,6 pontos. Esse patamar \u00e9 o menor desde mar\u00e7o de 2022, per\u00edodo no qual atingiu os 92,9 pontos.<\/p>\n\n\n\n<p>Para Ana Maria Castelo, coordenadora de Projetos da Constru\u00e7\u00e3o do FGV IBRE, o segmento iniciou 2023 mais pessimista em rela\u00e7\u00e3o ao \u00faltimo trimestre do ano passado. \u201cPelo quarto m\u00eas consecutivo, a confian\u00e7a registra queda, resultado da piora no ambiente corrente de neg\u00f3cios e nas expectativas\u201d. Em sua opini\u00e3o, ocorre uma percep\u00e7\u00e3o de maior incerteza para os neg\u00f3cios ante a possibilidade de manuten\u00e7\u00e3o das taxas de juros em n\u00edveis elevados por mais tempo. \u201cDe todo modo, na compara\u00e7\u00e3o com o cen\u00e1rio de um ano atr\u00e1s, a confian\u00e7a em janeiro de 2023 ainda se mant\u00e9m ligeiramente maior: nos \u00faltimos 12 meses, houve uma desacelera\u00e7\u00e3o expressiva dos custos da mat\u00e9rias-primas, o que contribuiu para diminui\u00e7\u00e3o das dificuldades percebidas pelas empresas\u201d, avalia.<\/p>\n","protected":false},"excerpt":{"rendered":"<p>O\u00a0\u00cdndice Nacional de Custo da Constru\u00e7\u00e3o &#8211; M\u00a0(INCC-M), medido pelo FGV IBRE, contou com uma eleva\u00e7\u00e3o de 0,32% em janeiro. A principal contribui\u00e7\u00e3o para essa alta foi a varia\u00e7\u00e3o positiva verificada nos custos com m\u00e3o de obra, que alcan\u00e7ou 0,77% no per\u00edodo. J\u00e1 a taxa referente a Materiais, Equipamentos e Servi\u00e7os teve uma retra\u00e7\u00e3o de [&hellip;]<\/p>\n","protected":false},"author":1,"featured_media":9365,"comment_status":"closed","ping_status":"open","sticky":false,"template":"","format":"standard","meta":{"tdm_status":"","tdm_grid_status":"","footnotes":""},"categories":[153],"tags":[199,156,619,331,620,158,160,522,654,200],"class_list":["post-9364","post","type-post","status-publish","format-standard","has-post-thumbnail","hentry","category-noticias","tag-comercio","tag-economia","tag-incc-m","tag-inflacao","tag-levantamento","tag-material-de-construcao","tag-pesquisa","tag-preco","tag-sondagem","tag-varejo"],"amp_enabled":true,"_links":{"self":[{"href":"https:\/\/sincomavi.org.br\/index.php?rest_route=\/wp\/v2\/posts\/9364","targetHints":{"allow":["GET"]}}],"collection":[{"href":"https:\/\/sincomavi.org.br\/index.php?rest_route=\/wp\/v2\/posts"}],"about":[{"href":"https:\/\/sincomavi.org.br\/index.php?rest_route=\/wp\/v2\/types\/post"}],"author":[{"embeddable":true,"href":"https:\/\/sincomavi.org.br\/index.php?rest_route=\/wp\/v2\/users\/1"}],"replies":[{"embeddable":true,"href":"https:\/\/sincomavi.org.br\/index.php?rest_route=%2Fwp%2Fv2%2Fcomments&post=9364"}],"version-history":[{"count":2,"href":"https:\/\/sincomavi.org.br\/index.php?rest_route=\/wp\/v2\/posts\/9364\/revisions"}],"predecessor-version":[{"id":9369,"href":"https:\/\/sincomavi.org.br\/index.php?rest_route=\/wp\/v2\/posts\/9364\/revisions\/9369"}],"wp:featuredmedia":[{"embeddable":true,"href":"https:\/\/sincomavi.org.br\/index.php?rest_route=\/wp\/v2\/media\/9365"}],"wp:attachment":[{"href":"https:\/\/sincomavi.org.br\/index.php?rest_route=%2Fwp%2Fv2%2Fmedia&parent=9364"}],"wp:term":[{"taxonomy":"category","embeddable":true,"href":"https:\/\/sincomavi.org.br\/index.php?rest_route=%2Fwp%2Fv2%2Fcategories&post=9364"},{"taxonomy":"post_tag","embeddable":true,"href":"https:\/\/sincomavi.org.br\/index.php?rest_route=%2Fwp%2Fv2%2Ftags&post=9364"}],"curies":[{"name":"wp","href":"https:\/\/api.w.org\/{rel}","templated":true}]}}