{"id":9356,"date":"2023-01-26T09:40:11","date_gmt":"2023-01-26T12:40:11","guid":{"rendered":"https:\/\/sincomavi.org.br\/?p=9356"},"modified":"2023-01-26T14:07:08","modified_gmt":"2023-01-26T17:07:08","slug":"aumenta-o-numero-de-reclamacoes-trabalhistas","status":"publish","type":"post","link":"https:\/\/sincomavi.org.br\/?p=9356","title":{"rendered":"Aumenta o n\u00famero de reclama\u00e7\u00f5es trabalhistas"},"content":{"rendered":"<style>.wp-block-kadence-spacer.kt-block-spacer-_cb7297-aa .kt-block-spacer{height:60px;}.wp-block-kadence-spacer.kt-block-spacer-_cb7297-aa .kt-divider{border-top-width:1px;height:1px;border-top-color:#eee;width:80%;border-top-style:solid;}<\/style>\n<div class=\"wp-block-kadence-spacer aligncenter kt-block-spacer-_cb7297-aa\"><div class=\"kt-block-spacer kt-block-spacer-halign-center\"><hr class=\"kt-divider\"\/><\/div><\/div>\n\n\n\n<p>Os assuntos mais recorrentes continuam sendo os mesmos na justi\u00e7a do trabalho. Conforme dados atualizados at\u00e9 outubro do ano passado do Tribunal Superior do Trabalho (TST), as multa de 40% do FGTS, as horas extras e a multa do Artigo n\u00ba 477 da Consolida\u00e7\u00e3o das Leis do Trabalho (CLT) lideram o ranking de reclama\u00e7\u00f5es. Esse tr\u00eas temas juntos alcan\u00e7aram 1.090.732 processos na Justi\u00e7a.<\/p>\n\n\n\n<p>No entanto, outros t\u00f3picos t\u00eam entrado com frequ\u00eancia nesse rol, em raz\u00e3o da falta de cuidado de algumas empresas ao fazer o enquadramento sindical ou no registro de seus funcion\u00e1rios, tais como a ado\u00e7\u00e3o de Conven\u00e7\u00f5es Coletivas de Trabalho (CCT) n\u00e3o condizentes com a categoria profissional, bem como no enquadramento incorreto da real fun\u00e7\u00e3o exercida pelo empregado.<\/p>\n\n\n\n<p>Tais equ\u00edvocos acabam por acarretar passivo trabalhista em raz\u00e3o do n\u00e3o cumprimento de uma s\u00e9rie de determina\u00e7\u00f5es estabelecidas em legisla\u00e7\u00e3o espec\u00edfica e nas CCTs.<\/p>\n\n\n\n<p>Um bom exemplo \u00e9 o caso do seguro obrigat\u00f3rio para motoristas de carga, conforme Lei 13.103\/15 &#8211; <a href=\"https:\/\/sincomavi.org.br\/lei-13-103-15-preve-seguro-obrigatorio-para-motoristas-de-carga\/\" target=\"_blank\" rel=\"noreferrer noopener\"><strong>veja mais detalhes<\/strong><\/a>. Outra situa\u00e7\u00e3o comum \u00e9 o registro de ajudante de motorista, que \u00e9 categoria diferenciada, como ajudante geral.<\/p>\n\n\n\n<p>Diante desse cen\u00e1rio, o Departamento Jur\u00eddico do Sincomavi faz um alerta e aconselha os empres\u00e1rios a verificarem os riscos assumidos, pois a entidade n\u00e3o possui instrumentos para avaliar a situa\u00e7\u00e3o de cada empresa de sua base de representa\u00e7\u00e3o. Apesar disso, em raz\u00e3o das prov\u00e1veis mudan\u00e7as na legisla\u00e7\u00e3o trabalhista, se coloca \u00e0 disposi\u00e7\u00e3o para qualquer esclarecimento necess\u00e1rio.<\/p>\n\n\n<style>.wp-block-kadence-spacer.kt-block-spacer-_1d20ed-f4 .kt-block-spacer{height:60px;}.wp-block-kadence-spacer.kt-block-spacer-_1d20ed-f4 .kt-divider{border-top-width:1px;height:1px;border-top-color:#eee;width:80%;border-top-style:solid;}<\/style>\n<div class=\"wp-block-kadence-spacer aligncenter kt-block-spacer-_1d20ed-f4\"><div class=\"kt-block-spacer kt-block-spacer-halign-center\"><hr class=\"kt-divider\"\/><\/div><\/div>\n","protected":false},"excerpt":{"rendered":"<p>Os assuntos mais recorrentes continuam sendo os mesmos na justi\u00e7a do trabalho. Conforme dados atualizados at\u00e9 outubro do ano passado do Tribunal Superior do Trabalho (TST), as multa de 40% do FGTS, as horas extras e a multa do Artigo n\u00ba 477 da Consolida\u00e7\u00e3o das Leis do Trabalho (CLT) lideram o ranking de reclama\u00e7\u00f5es. Esse [&hellip;]<\/p>\n","protected":false},"author":1,"featured_media":9357,"comment_status":"closed","ping_status":"open","sticky":false,"template":"","format":"standard","meta":{"tdm_status":"","tdm_grid_status":"","footnotes":""},"categories":[157],"tags":[282,1119,192,96,1120,363,1121,1015],"class_list":["post-9356","post","type-post","status-publish","format-standard","has-post-thumbnail","hentry","category-alerta","tag-clt","tag-consolidacao-das-leis-do-trabalho","tag-convencao-coletiva-de-trabalho","tag-fiscalizacao","tag-reclamacao-trabalhista","tag-relacoes-trabalhistas","tag-tribunal-superior-do-trabalho","tag-tst"],"amp_enabled":true,"_links":{"self":[{"href":"https:\/\/sincomavi.org.br\/index.php?rest_route=\/wp\/v2\/posts\/9356","targetHints":{"allow":["GET"]}}],"collection":[{"href":"https:\/\/sincomavi.org.br\/index.php?rest_route=\/wp\/v2\/posts"}],"about":[{"href":"https:\/\/sincomavi.org.br\/index.php?rest_route=\/wp\/v2\/types\/post"}],"author":[{"embeddable":true,"href":"https:\/\/sincomavi.org.br\/index.php?rest_route=\/wp\/v2\/users\/1"}],"replies":[{"embeddable":true,"href":"https:\/\/sincomavi.org.br\/index.php?rest_route=%2Fwp%2Fv2%2Fcomments&post=9356"}],"version-history":[{"count":4,"href":"https:\/\/sincomavi.org.br\/index.php?rest_route=\/wp\/v2\/posts\/9356\/revisions"}],"predecessor-version":[{"id":9368,"href":"https:\/\/sincomavi.org.br\/index.php?rest_route=\/wp\/v2\/posts\/9356\/revisions\/9368"}],"wp:featuredmedia":[{"embeddable":true,"href":"https:\/\/sincomavi.org.br\/index.php?rest_route=\/wp\/v2\/media\/9357"}],"wp:attachment":[{"href":"https:\/\/sincomavi.org.br\/index.php?rest_route=%2Fwp%2Fv2%2Fmedia&parent=9356"}],"wp:term":[{"taxonomy":"category","embeddable":true,"href":"https:\/\/sincomavi.org.br\/index.php?rest_route=%2Fwp%2Fv2%2Fcategories&post=9356"},{"taxonomy":"post_tag","embeddable":true,"href":"https:\/\/sincomavi.org.br\/index.php?rest_route=%2Fwp%2Fv2%2Ftags&post=9356"}],"curies":[{"name":"wp","href":"https:\/\/api.w.org\/{rel}","templated":true}]}}