{"id":9300,"date":"2023-01-12T14:04:51","date_gmt":"2023-01-12T17:04:51","guid":{"rendered":"https:\/\/sincomavi.org.br\/?p=9300"},"modified":"2023-01-12T14:06:04","modified_gmt":"2023-01-12T17:06:04","slug":"vendas-de-material-de-construcao-em-sp-continuaram-no-negativo-em-novembro","status":"publish","type":"post","link":"https:\/\/sincomavi.org.br\/?p=9300","title":{"rendered":"Material de constru\u00e7\u00e3o: vendas no negativo em novembro"},"content":{"rendered":"<style>.wp-block-kadence-spacer.kt-block-spacer-_a5b199-9b .kt-block-spacer{height:60px;}.wp-block-kadence-spacer.kt-block-spacer-_a5b199-9b .kt-divider{border-top-width:1px;height:1px;border-top-color:#eee;width:80%;border-top-style:solid;}<\/style>\n<div class=\"wp-block-kadence-spacer aligncenter kt-block-spacer-_a5b199-9b\"><div class=\"kt-block-spacer kt-block-spacer-halign-center\"><hr class=\"kt-divider\"\/><\/div><\/div>\n\n\n\n<p>Depois de ter sofrido em outubro passado a maior queda do ano na compara\u00e7\u00e3o com 2021, o volume de vendas do com\u00e9rcio de material de constru\u00e7\u00e3o do Estado de S\u00e3o Paulo apresentou recuo mais ameno em novembro. A retra\u00e7\u00e3o ficou em 5,2%, n\u00edvel inferior aos -11,9% do m\u00eas anterior. No \u00e2mbito nacional, a queda continuou em dois d\u00edgitos, mais precisamente -10,9% em novembro, contra -12,8% em outubro, na contraposi\u00e7\u00e3o com os mesmos per\u00edodos de 2021.<\/p>\n\n\n\n<p class=\"has-text-align-center\"><strong>Evolu\u00e7\u00e3o mensal do \u00edndice de volume de vendas do com\u00e9rcio de material de constru\u00e7\u00e3o \u2013 M\u00eas contra mesmo m\u00eas do ano anterior<\/strong><\/p>\n\n\n\n<figure class=\"wp-block-image size-full\"><img loading=\"lazy\" decoding=\"async\" width=\"930\" height=\"509\" src=\"https:\/\/sincomavi.org.br\/wp-content\/uploads\/2023\/01\/image-9.png\" alt=\"\" class=\"wp-image-9301\" srcset=\"https:\/\/sincomavi.org.br\/wp-content\/uploads\/2023\/01\/image-9.png 930w, https:\/\/sincomavi.org.br\/wp-content\/uploads\/2023\/01\/image-9-300x164.png 300w, https:\/\/sincomavi.org.br\/wp-content\/uploads\/2023\/01\/image-9-768x420.png 768w, https:\/\/sincomavi.org.br\/wp-content\/uploads\/2023\/01\/image-9-767x420.png 767w, https:\/\/sincomavi.org.br\/wp-content\/uploads\/2023\/01\/image-9-640x350.png 640w, https:\/\/sincomavi.org.br\/wp-content\/uploads\/2023\/01\/image-9-681x373.png 681w\" sizes=\"auto, (max-width: 930px) 100vw, 930px\" \/><figcaption>Fonte: PMC-IBGE<\/figcaption><\/figure>\n\n\n\n<p>A desacelera\u00e7\u00e3o em ritmo menor em novembro, principalmente no cen\u00e1rio paulista, mostra, segundo o economista Jaime Vasconcellos, um retorno aos patamares de recuos mensais entre agosto e setembro, o que fez com que o dado de outubro chamasse aten\u00e7\u00e3o negativamente por evid\u00eancia. \u201cCabe ressaltar que tanto no acumulado do ano, como na taxa de doze meses, a queda no volume de vendas no estado se localiza em -7,1%. Em outubro, alcan\u00e7ou os -7,2%\u201d, explica Jaime.<\/p>\n\n\n\n<p class=\"has-text-align-center\"><strong>Evolu\u00e7\u00e3o mensal do \u00edndice de volume de vendas do com\u00e9rcio de materiais de constru\u00e7\u00e3o do Estado de S\u00e3o Paulo: Taxa acumulada no ano e em doze meses<\/strong><\/p>\n\n\n\n<figure class=\"wp-block-image size-full\"><img loading=\"lazy\" decoding=\"async\" width=\"943\" height=\"511\" src=\"https:\/\/sincomavi.org.br\/wp-content\/uploads\/2023\/01\/image-10.png\" alt=\"\" class=\"wp-image-9302\" srcset=\"https:\/\/sincomavi.org.br\/wp-content\/uploads\/2023\/01\/image-10.png 943w, https:\/\/sincomavi.org.br\/wp-content\/uploads\/2023\/01\/image-10-300x163.png 300w, https:\/\/sincomavi.org.br\/wp-content\/uploads\/2023\/01\/image-10-768x416.png 768w, https:\/\/sincomavi.org.br\/wp-content\/uploads\/2023\/01\/image-10-775x420.png 775w, https:\/\/sincomavi.org.br\/wp-content\/uploads\/2023\/01\/image-10-640x347.png 640w, https:\/\/sincomavi.org.br\/wp-content\/uploads\/2023\/01\/image-10-681x369.png 681w\" sizes=\"auto, (max-width: 943px) 100vw, 943px\" \/><figcaption>Fonte: PMC-IBGE<\/figcaption><\/figure>\n\n\n\n<p>Em resumo, a an\u00e1lise dos motivos para que 2022 seja mais fraco para o com\u00e9rcio de material de constru\u00e7\u00e3o n\u00e3o muda. \u201cA conjuntura mais desafiadora ao consumo &#8211; infla\u00e7\u00e3o, juros e endividamento\/inadimpl\u00eancia &#8211; e a base forte de compara\u00e7\u00e3o com 2021 justificam os n\u00fameros negativos\u201d, adverte. \u201cO que \u00e9 necess\u00e1rio ficar de olho aberto \u00e9 o momento em que haver\u00e1 estabiliza\u00e7\u00e3o de desempenho do setor\u201d. Os n\u00fameros de novembro, ainda que negativos, s\u00e3o mais alentadores que os de outubro. A aten\u00e7\u00e3o agora recai sobre pr\u00f3ximos dados, em especial deste primeiro semestre de 2023.<\/p>\n\n\n\n<p><em>OBS: O Volume de Vendas observado pela PMC resulta da defla\u00e7\u00e3o dos valores nominais correntes da receita bruta de revenda por \u00edndices de pre\u00e7os espec\u00edficos para cada grupo de atividade, e para cada Unidade da Federa\u00e7\u00e3o, constru\u00eddos a partir dos relativos de pre\u00e7os do IPCA e do Sistema Nacional de Pesquisa de Custos e \u00cdndices da Constru\u00e7\u00e3o Civil \u2013 SINAPI. A pesquisa tamb\u00e9m avalia apenas empresas com 20 ocupados ou mais.<\/em><\/p>\n\n\n<style>.wp-block-kadence-spacer.kt-block-spacer-_e57d79-ac .kt-block-spacer{height:60px;}.wp-block-kadence-spacer.kt-block-spacer-_e57d79-ac .kt-divider{border-top-width:1px;height:1px;border-top-color:#eee;width:80%;border-top-style:solid;}<\/style>\n<div class=\"wp-block-kadence-spacer aligncenter kt-block-spacer-_e57d79-ac\"><div class=\"kt-block-spacer kt-block-spacer-halign-center\"><hr class=\"kt-divider\"\/><\/div><\/div>\n","protected":false},"excerpt":{"rendered":"<p>Depois de ter sofrido em outubro passado a maior queda do ano na compara\u00e7\u00e3o com 2021, o volume de vendas do com\u00e9rcio de material de constru\u00e7\u00e3o do Estado de S\u00e3o Paulo apresentou recuo mais ameno em novembro. A retra\u00e7\u00e3o ficou em 5,2%, n\u00edvel inferior aos -11,9% do m\u00eas anterior. No \u00e2mbito nacional, a queda continuou [&hellip;]<\/p>\n","protected":false},"author":1,"featured_media":9303,"comment_status":"closed","ping_status":"open","sticky":false,"template":"","format":"standard","meta":{"tdm_status":"","tdm_grid_status":"","footnotes":""},"categories":[153],"tags":[199,632,620,1111,665,162,200,75],"class_list":["post-9300","post","type-post","status-publish","format-standard","has-post-thumbnail","hentry","category-noticias","tag-comercio","tag-estudo-setorial","tag-levantamento","tag-material-de-construclao","tag-pesquisa-mensal-do-comercio","tag-pmc","tag-varejo","tag-vendas"],"amp_enabled":true,"_links":{"self":[{"href":"https:\/\/sincomavi.org.br\/index.php?rest_route=\/wp\/v2\/posts\/9300","targetHints":{"allow":["GET"]}}],"collection":[{"href":"https:\/\/sincomavi.org.br\/index.php?rest_route=\/wp\/v2\/posts"}],"about":[{"href":"https:\/\/sincomavi.org.br\/index.php?rest_route=\/wp\/v2\/types\/post"}],"author":[{"embeddable":true,"href":"https:\/\/sincomavi.org.br\/index.php?rest_route=\/wp\/v2\/users\/1"}],"replies":[{"embeddable":true,"href":"https:\/\/sincomavi.org.br\/index.php?rest_route=%2Fwp%2Fv2%2Fcomments&post=9300"}],"version-history":[{"count":2,"href":"https:\/\/sincomavi.org.br\/index.php?rest_route=\/wp\/v2\/posts\/9300\/revisions"}],"predecessor-version":[{"id":9305,"href":"https:\/\/sincomavi.org.br\/index.php?rest_route=\/wp\/v2\/posts\/9300\/revisions\/9305"}],"wp:featuredmedia":[{"embeddable":true,"href":"https:\/\/sincomavi.org.br\/index.php?rest_route=\/wp\/v2\/media\/9303"}],"wp:attachment":[{"href":"https:\/\/sincomavi.org.br\/index.php?rest_route=%2Fwp%2Fv2%2Fmedia&parent=9300"}],"wp:term":[{"taxonomy":"category","embeddable":true,"href":"https:\/\/sincomavi.org.br\/index.php?rest_route=%2Fwp%2Fv2%2Fcategories&post=9300"},{"taxonomy":"post_tag","embeddable":true,"href":"https:\/\/sincomavi.org.br\/index.php?rest_route=%2Fwp%2Fv2%2Ftags&post=9300"}],"curies":[{"name":"wp","href":"https:\/\/api.w.org\/{rel}","templated":true}]}}