{"id":9273,"date":"2023-01-10T10:48:35","date_gmt":"2023-01-10T13:48:35","guid":{"rendered":"https:\/\/sincomavi.org.br\/?p=9273"},"modified":"2023-01-10T10:48:41","modified_gmt":"2023-01-10T13:48:41","slug":"carta-de-conjuntura-janeiro-de-2023","status":"publish","type":"post","link":"https:\/\/sincomavi.org.br\/?p=9273","title":{"rendered":"Carta de Conjuntura &#8211; Janeiro de 2023"},"content":{"rendered":"<style>.wp-block-kadence-spacer.kt-block-spacer-_c4ecb5-de .kt-block-spacer{height:60px;}.wp-block-kadence-spacer.kt-block-spacer-_c4ecb5-de .kt-divider{border-top-width:1px;height:1px;border-top-color:#eee;width:80%;border-top-style:solid;}<\/style>\n<div class=\"wp-block-kadence-spacer aligncenter kt-block-spacer-_c4ecb5-de\"><div class=\"kt-block-spacer kt-block-spacer-halign-center\"><hr class=\"kt-divider\"\/><\/div><\/div>\n\n\n\n<p><strong>Por Jaime Vasconcellos, economista.<\/strong><\/p>\n\n\n\n<p>Em nossa primeira carta de conjuntura do ano, como deve ser, tem como objetivo projetar os desafios e oportunidades que a economia nacional ter\u00e1 no ano que se inicia. E olha que estamos falando de um ano cheio de particularidades. Com o novo governo, em meio a grande polariza\u00e7\u00e3o, surgem desconfian\u00e7as de rumos a serem seguidos, com manifesta\u00e7\u00f5es e viol\u00eancia, o mundo crescendo menos e o impacto (ainda que seja em menor monta) da Covid no leste asi\u00e1tico e do conflito na Ucr\u00e2nia.<\/p>\n\n\n\n<p>De cara, \u00e9 \u00f3bvio falar que cresceremos menos. Com uma taxa de juros em dois d\u00edgitos h\u00e1 algum tempo, infla\u00e7\u00e3o persistente e elevados graus de endividamento e inadimpl\u00eancia familiar, o consumo das fam\u00edlias n\u00e3o mostrar\u00e1 grande for\u00e7a. E ele respondendo por dois ter\u00e7os de nosso PIB, rapidamente se percebe que est\u00e1 justificada a proje\u00e7\u00e3o de crescimento menor para 2023.<\/p>\n\n\n\n<p>Outro ponto de interroga\u00e7\u00e3o se d\u00e1 pela forma, projetos e\/ou foco que o novo governo ter\u00e1 no seu primeiro ano de gest\u00e3o. Se n\u00e3o houver alguma \u00e2ncora fiscal que mostre alguma responsabilidade real com as contas p\u00fablicas, do que simplesmente for\u00e7ar a roda apenas pelo lado da demanda, teremos infla\u00e7\u00e3o mais forte, c\u00e2mbio mais desvalorizado, necessidade de mais juros e naturalmente menor crescimento. A jun\u00e7\u00e3o entre os esfor\u00e7os para pol\u00edtica monet\u00e1ria de tentativa de controle inflacion\u00e1rio e pol\u00edticas fiscais de crescimento nos gastos p\u00fablicos mais que se anulam, elas acabam por gerar severos impactos ao consumidor final, que tende a conviver com cr\u00e9dito caro e poder de compra combalido.<\/p>\n\n\n\n<p class=\"has-white-color has-luminous-vivid-orange-background-color has-text-color has-background\">N\u00c3O PERCA!<br><strong>Webin\u00e1rio &#8220;Economia e seus Setores&#8221; &#8211; balan\u00e7o 2022 e perspectivas 2023<\/strong><br><strong>Data:<\/strong>\u00a001 de fevereiro de 2023<br><strong>Hor\u00e1rio:<\/strong>\u00a019h<br><strong>Palestrante:<\/strong>\u00a0Jaime Vasconcellos<br><strong>Evento online<\/strong>: Live via Microsoft Teams<br><strong>Mais informa\u00e7\u00f5es: <a href=\"https:\/\/sincomavi.org.br\/webinario-economia-e-seus-setores-01-02-2023\/\" target=\"_blank\" rel=\"noreferrer noopener\">clique aqui<\/a><\/strong><\/p>\n\n\n\n<p>Ainda que tenhamos boas not\u00edcias no mercado de trabalho, depois de forte queda na taxa de desemprego em 2021 e com relevantes avan\u00e7os mensais da gera\u00e7\u00e3o de vagas celetistas, \u00e9 o controle efetivo da infla\u00e7\u00e3o que possibilita essa nova massa salarial ter poder aquisitivo, seja para mercadorias ou para adquirir cr\u00e9dito mais barato. Veja: n\u00e3o estamos pedindo redu\u00e7\u00e3o de gastos p\u00fablicos, mas sim ao menos responsabilidade em seu crescimento, com regras claras de que n\u00e3o se gastar\u00e1 mais do que \u00e9 arrecadado e que o pa\u00eds n\u00e3o se endivide al\u00e9m de sua pr\u00f3pria capacidade de gest\u00e3o. N\u00e3o podemos inflar incertezas. Crises de confian\u00e7a s\u00e3o complexas, duradouras e de dif\u00edceis solu\u00e7\u00f5es.<\/p>\n\n\n\n<p>2023 come\u00e7a, por um lado, com ritmo econ\u00f4mico arrefecendo, mas com emprego em alta e com proje\u00e7\u00e3o de ao menos de algum avan\u00e7o. L\u00e1 fora, China e Europa crescendo menos nos traz cautela, por\u00e9m pa\u00edses concorrentes passando por problemas (R\u00fassia, Turquia e Argentina, por exemplo) podem garantir ao Brasil ser um local mais seguro para o aporte de investimentos internacionais e com refor\u00e7o em sua lideran\u00e7a para determinadas cadeias de com\u00e9rcio internacional.<\/p>\n\n\n\n<p>Temos \u00e0 frente doze meses decisivos, nos quais, a depender do foco do novo governo, poderemos dizer se os pr\u00f3ximos anos ser\u00e3o de crescimento sustent\u00e1vel ou n\u00e3o. Ideologias \u00e0 parte, h\u00e1 espa\u00e7o para o bom senso e para a aplica\u00e7\u00e3o de uma cartilha b\u00e1sica de olharmos antes para o bolso e depois para o gasto. \u00c9 a\u00ed que moram tanto o nosso maior dever de casa, como os nossos maiores riscos.<\/p>\n\n\n\n<p><strong>Ainda que de forma prematura, seguem as nossas proje\u00e7\u00f5es macroecon\u00f4micas para 2023:<\/strong><\/p>\n\n\n\n<p>\u2022 <strong>PIB<\/strong>: +1%&nbsp;&nbsp;&nbsp;&nbsp;&nbsp;&nbsp;&nbsp;&nbsp;&nbsp;&nbsp;&nbsp;&nbsp;&nbsp; &nbsp;&nbsp;&nbsp;&nbsp;&nbsp;&nbsp;&nbsp;&nbsp;&nbsp;&nbsp;&nbsp;&nbsp;&nbsp;&nbsp;&nbsp;&nbsp;&nbsp;&nbsp;&nbsp;&nbsp;&nbsp;&nbsp;&nbsp;&nbsp;&nbsp;&nbsp;&nbsp;&nbsp;&nbsp;&nbsp;&nbsp;&nbsp;&nbsp;&nbsp;&nbsp;&nbsp;&nbsp;&nbsp;&nbsp;<\/p>\n\n\n\n<p>\u2022 <strong>IPCA<\/strong>: +5,5%&nbsp;&nbsp;&nbsp;&nbsp;&nbsp;&nbsp;&nbsp;&nbsp;&nbsp;&nbsp;&nbsp;&nbsp;&nbsp;&nbsp;&nbsp;&nbsp;&nbsp;&nbsp;&nbsp;&nbsp;&nbsp;&nbsp;&nbsp;&nbsp;&nbsp;&nbsp;&nbsp;&nbsp;&nbsp;&nbsp;&nbsp;&nbsp;&nbsp;&nbsp;&nbsp;&nbsp;&nbsp;&nbsp;&nbsp;&nbsp;&nbsp;&nbsp;&nbsp;&nbsp;&nbsp;&nbsp;&nbsp;&nbsp;&nbsp;&nbsp;&nbsp;&nbsp;<\/p>\n\n\n\n<p>\u2022 <strong>SELIC<\/strong>: 13,75% a.a.<\/p>\n\n\n\n<p>\u2022 <strong>Taxa de C\u00e2mbio:<\/strong> 5,30<\/p>\n\n\n\n<p>\u2022 <strong>Balan\u00e7a comercial<\/strong>: + US$ 65 bi<\/p>\n\n\n\n<p>\u2022 <strong>Vendas do varejo BR<\/strong>: +0,5%<\/p>\n\n\n\n<p>\u2022 <strong>Volume dos servi\u00e7os BR<\/strong>: +1%<\/p>\n\n\n<style>.wp-block-kadence-spacer.kt-block-spacer-_285e8b-b5 .kt-block-spacer{height:60px;}.wp-block-kadence-spacer.kt-block-spacer-_285e8b-b5 .kt-divider{border-top-width:1px;height:1px;border-top-color:#eee;width:80%;border-top-style:solid;}<\/style>\n<div class=\"wp-block-kadence-spacer aligncenter kt-block-spacer-_285e8b-b5\"><div class=\"kt-block-spacer kt-block-spacer-halign-center\"><hr class=\"kt-divider\"\/><\/div><\/div>\n","protected":false},"excerpt":{"rendered":"<p>Por Jaime Vasconcellos, economista. Em nossa primeira carta de conjuntura do ano, como deve ser, tem como objetivo projetar os desafios e oportunidades que a economia nacional ter\u00e1 no ano que se inicia. E olha que estamos falando de um ano cheio de particularidades. Com o novo governo, em meio a grande polariza\u00e7\u00e3o, surgem desconfian\u00e7as [&hellip;]<\/p>\n","protected":false},"author":1,"featured_media":9274,"comment_status":"closed","ping_status":"open","sticky":false,"template":"","format":"standard","meta":{"tdm_status":"","tdm_grid_status":"","footnotes":""},"categories":[210],"tags":[199,156,202,203,274,200,75],"class_list":["post-9273","post","type-post","status-publish","format-standard","has-post-thumbnail","hentry","category-artigos","tag-comercio","tag-economia","tag-pib","tag-selic","tag-taxa-de-cambio","tag-varejo","tag-vendas"],"amp_enabled":true,"_links":{"self":[{"href":"https:\/\/sincomavi.org.br\/index.php?rest_route=\/wp\/v2\/posts\/9273","targetHints":{"allow":["GET"]}}],"collection":[{"href":"https:\/\/sincomavi.org.br\/index.php?rest_route=\/wp\/v2\/posts"}],"about":[{"href":"https:\/\/sincomavi.org.br\/index.php?rest_route=\/wp\/v2\/types\/post"}],"author":[{"embeddable":true,"href":"https:\/\/sincomavi.org.br\/index.php?rest_route=\/wp\/v2\/users\/1"}],"replies":[{"embeddable":true,"href":"https:\/\/sincomavi.org.br\/index.php?rest_route=%2Fwp%2Fv2%2Fcomments&post=9273"}],"version-history":[{"count":1,"href":"https:\/\/sincomavi.org.br\/index.php?rest_route=\/wp\/v2\/posts\/9273\/revisions"}],"predecessor-version":[{"id":9275,"href":"https:\/\/sincomavi.org.br\/index.php?rest_route=\/wp\/v2\/posts\/9273\/revisions\/9275"}],"wp:featuredmedia":[{"embeddable":true,"href":"https:\/\/sincomavi.org.br\/index.php?rest_route=\/wp\/v2\/media\/9274"}],"wp:attachment":[{"href":"https:\/\/sincomavi.org.br\/index.php?rest_route=%2Fwp%2Fv2%2Fmedia&parent=9273"}],"wp:term":[{"taxonomy":"category","embeddable":true,"href":"https:\/\/sincomavi.org.br\/index.php?rest_route=%2Fwp%2Fv2%2Fcategories&post=9273"},{"taxonomy":"post_tag","embeddable":true,"href":"https:\/\/sincomavi.org.br\/index.php?rest_route=%2Fwp%2Fv2%2Ftags&post=9273"}],"curies":[{"name":"wp","href":"https:\/\/api.w.org\/{rel}","templated":true}]}}