{"id":9183,"date":"2022-11-30T09:46:52","date_gmt":"2022-11-30T12:46:52","guid":{"rendered":"https:\/\/sincomavi.org.br\/?p=9183"},"modified":"2022-11-30T09:46:53","modified_gmt":"2022-11-30T12:46:53","slug":"queda-acentuada-na-confianca-do-comercio","status":"publish","type":"post","link":"https:\/\/sincomavi.org.br\/?p=9183","title":{"rendered":"Queda acentuada na confian\u00e7a do com\u00e9rcio"},"content":{"rendered":"<style>.wp-block-kadence-spacer.kt-block-spacer-_8c87e9-7f .kt-block-spacer{height:60px;}.wp-block-kadence-spacer.kt-block-spacer-_8c87e9-7f .kt-divider{border-top-width:1px;height:1px;border-top-color:#eee;width:80%;border-top-style:solid;}<\/style>\n<div class=\"wp-block-kadence-spacer aligncenter kt-block-spacer-_8c87e9-7f\"><div class=\"kt-block-spacer kt-block-spacer-halign-center\"><hr class=\"kt-divider\"\/><\/div><\/div>\n\n\n\n<p>O<strong>\u00a0<\/strong>\u00cdndice de Confian\u00e7a do Com\u00e9rcio (ICOM) do FGV IBRE\u00a0sofreu um recuo de 10,8 pontos em novembro e atingiu os 87,2 pontos, o menor n\u00edvel desde abril (85,9 pontos). O economista Rodolpho Tobler comenta que os empres\u00e1rios t\u00eam a perspectiva de uma forte desacelera\u00e7\u00e3o da atividade no momento e projetam piora para os pr\u00f3ximos meses, em linha com um cen\u00e1rio mais restritivo de elevada taxa de juros, infla\u00e7\u00e3o e redu\u00e7\u00e3o do \u00edmpeto de consumo dos consumidores. \u201cAl\u00e9m disso, a despeito do fim do per\u00edodo eleitoral, fatores pol\u00edticos parecem contribuir negativamente com o cen\u00e1rio limitando a melhora dos neg\u00f3cios nos pr\u00f3ximos meses, o que torna dif\u00edcil vislumbrar a trajet\u00f3ria da confian\u00e7a nos pr\u00f3ximos meses\u201d, finaliza.\u00a0<\/p>\n\n\n<style>.wp-block-kadence-spacer.kt-block-spacer-_796c05-f5 .kt-block-spacer{height:60px;}.wp-block-kadence-spacer.kt-block-spacer-_796c05-f5 .kt-divider{border-top-width:1px;height:1px;border-top-color:#eee;width:80%;border-top-style:solid;}<\/style>\n<div class=\"wp-block-kadence-spacer aligncenter kt-block-spacer-_796c05-f5\"><div class=\"kt-block-spacer kt-block-spacer-halign-center\"><hr class=\"kt-divider\"\/><\/div><\/div>\n","protected":false},"excerpt":{"rendered":"<p>O\u00a0\u00cdndice de Confian\u00e7a do Com\u00e9rcio (ICOM) do FGV IBRE\u00a0sofreu um recuo de 10,8 pontos em novembro e atingiu os 87,2 pontos, o menor n\u00edvel desde abril (85,9 pontos). O economista Rodolpho Tobler comenta que os empres\u00e1rios t\u00eam a perspectiva de uma forte desacelera\u00e7\u00e3o da atividade no momento e projetam piora para os pr\u00f3ximos meses, em [&hellip;]<\/p>\n","protected":false},"author":1,"featured_media":7056,"comment_status":"closed","ping_status":"open","sticky":false,"template":"","format":"standard","meta":{"tdm_status":"","tdm_grid_status":"","footnotes":""},"categories":[153],"tags":[199,204,620,160,200],"class_list":["post-9183","post","type-post","status-publish","format-standard","has-post-thumbnail","hentry","category-noticias","tag-comercio","tag-confianca","tag-levantamento","tag-pesquisa","tag-varejo"],"amp_enabled":true,"_links":{"self":[{"href":"https:\/\/sincomavi.org.br\/index.php?rest_route=\/wp\/v2\/posts\/9183","targetHints":{"allow":["GET"]}}],"collection":[{"href":"https:\/\/sincomavi.org.br\/index.php?rest_route=\/wp\/v2\/posts"}],"about":[{"href":"https:\/\/sincomavi.org.br\/index.php?rest_route=\/wp\/v2\/types\/post"}],"author":[{"embeddable":true,"href":"https:\/\/sincomavi.org.br\/index.php?rest_route=\/wp\/v2\/users\/1"}],"replies":[{"embeddable":true,"href":"https:\/\/sincomavi.org.br\/index.php?rest_route=%2Fwp%2Fv2%2Fcomments&post=9183"}],"version-history":[{"count":1,"href":"https:\/\/sincomavi.org.br\/index.php?rest_route=\/wp\/v2\/posts\/9183\/revisions"}],"predecessor-version":[{"id":9184,"href":"https:\/\/sincomavi.org.br\/index.php?rest_route=\/wp\/v2\/posts\/9183\/revisions\/9184"}],"wp:featuredmedia":[{"embeddable":true,"href":"https:\/\/sincomavi.org.br\/index.php?rest_route=\/wp\/v2\/media\/7056"}],"wp:attachment":[{"href":"https:\/\/sincomavi.org.br\/index.php?rest_route=%2Fwp%2Fv2%2Fmedia&parent=9183"}],"wp:term":[{"taxonomy":"category","embeddable":true,"href":"https:\/\/sincomavi.org.br\/index.php?rest_route=%2Fwp%2Fv2%2Fcategories&post=9183"},{"taxonomy":"post_tag","embeddable":true,"href":"https:\/\/sincomavi.org.br\/index.php?rest_route=%2Fwp%2Fv2%2Ftags&post=9183"}],"curies":[{"name":"wp","href":"https:\/\/api.w.org\/{rel}","templated":true}]}}