{"id":9155,"date":"2022-10-01T17:32:00","date_gmt":"2022-10-01T20:32:00","guid":{"rendered":"https:\/\/sincomavi.org.br\/?p=9155"},"modified":"2023-01-10T09:58:00","modified_gmt":"2023-01-10T12:58:00","slug":"trabalho-nos-dias-da-copa-do-mundo","status":"publish","type":"post","link":"https:\/\/sincomavi.org.br\/?p=9155","title":{"rendered":"Trabalho nos dias da copa do mundo"},"content":{"rendered":"<style>.wp-block-kadence-spacer.kt-block-spacer-_c6c366-dd .kt-block-spacer{height:60px;}.wp-block-kadence-spacer.kt-block-spacer-_c6c366-dd .kt-divider{border-top-width:1px;height:1px;border-top-color:#eee;width:80%;border-top-style:solid;}<\/style>\n<div class=\"wp-block-kadence-spacer aligncenter kt-block-spacer-_c6c366-dd\"><div class=\"kt-block-spacer kt-block-spacer-halign-center\"><hr class=\"kt-divider\"\/><\/div><\/div>\n\n\n\n<p>Os dias dos jogos da sele\u00e7\u00e3o brasileira na Copa do Mundo da FIFA 2022 n\u00e3o s\u00e3o considerados feriados, mas o empregador deve refletir sobre a sua import\u00e2ncia, tanto cultural como econ\u00f4mica, e os reflexos nas rela\u00e7\u00f5es trabalhistas, levando em conta toda a mobiliza\u00e7\u00e3o da popula\u00e7\u00e3o para acompanhar o campeonato.<\/p>\n\n\n\n<p>O principal ponto \u00e9 sobre a obrigatoriedade da dispensa dos empregados. At\u00e9 o momento, os dias de jogos n\u00e3o foram decretados feriados, mas \u00e9 costumeira a pausa para prestigiar as partidas por grande parte da popula\u00e7\u00e3o e alguns ajustes podem ser feitos, levando em conta o bom relacionamento entre empregador e empregado.<\/p>\n\n\n\n<p>Existem diversas possibilidades de flexibiliza\u00e7\u00e3o para a ocasi\u00e3o, tais como a disponibiliza\u00e7\u00e3o de televisor ou tel\u00e3o no ambiente de trabalho, uso do banco de horas, dispensa pura e simples dos colaboradores etc. O importante \u00e9 que isso seja feito de comum acordo, de modo claro para todos e de maneira formal, ou seja, mediante termo assinado por todos.<\/p>\n\n\n\n<p>Podem ser adotadas outras regras para os trabalhadores que n\u00e3o gostam de futebol, mas devem atender aos objetivos empresariais, \u00e0 legisla\u00e7\u00e3o trabalhista e n\u00e3o gerar discrimina\u00e7\u00e3o.<\/p>\n\n\n\n<p>Mesmo levando em conta a import\u00e2ncia do evento para os brasileiros, as obriga\u00e7\u00f5es n\u00e3o devem ser desrespeitadas pelas empresas e nem pelos trabalhadores. Consequentemente, faltas injustificadas, atrasos, entre outras situa\u00e7\u00f5es, quando n\u00e3o houver acordos pr\u00e9vios com o empregador, s\u00e3o pass\u00edveis de puni\u00e7\u00e3o.<\/p>\n\n\n\n<h2 class=\"wp-block-heading\">Reparti\u00e7\u00f5es p\u00fablicas<\/h2>\n\n\n\n<p>Aproveitando, \u00e9 bom lembrar que foi decretado hor\u00e1rio excepcional nas reparti\u00e7\u00f5es p\u00fablicas estaduais e municipais de S\u00e3o Paulo, dispondo que nos dias de realiza\u00e7\u00e3o dos jogos da Sele\u00e7\u00e3o Brasileira de Futebol na Copa do Mundo FIFA 2022, o expediente dos \u00f3rg\u00e3os da Administra\u00e7\u00e3o Direta, das Autarquias e das Funda\u00e7\u00f5es ser\u00e1 suspenso na forma abaixo, mediante compensa\u00e7\u00e3o das horas n\u00e3o trabalhadas.<\/p>\n\n\n\n<p>Na hip\u00f3tese de a Sele\u00e7\u00e3o Brasileira de Futebol se classificar para as fases seguintes da Copa do Mundo FIFA 2022, havendo jogos em dias \u00fateis n\u00e3o referidos abaixo, a Secretaria Municipal de Gest\u00e3o poder\u00e1 fixar, por portaria, regras relativas ao funcionamento do expediente nos respectivos dias dos jogos.<\/p>\n\n\n\n<p>O disposto n\u00e3o se aplica \u00e0s unidades cujas atividades n\u00e3o possam sofrer solu\u00e7\u00e3o de continuidade.<\/p>\n\n\n\n<figure class=\"wp-block-table is-style-stripes\"><table><tbody><tr><td class=\"has-text-align-center\" data-align=\"center\"><strong>Data do Jogo<\/strong><\/td><td class=\"has-text-align-center\" data-align=\"center\"><strong>Dia da Semana\/hor\u00e1rio<\/strong><\/td><td class=\"has-text-align-center\" data-align=\"center\"><strong>Suspens\u00e3o do Expediente<\/strong><\/td><\/tr><tr><td class=\"has-text-align-center\" data-align=\"center\">24 de novembro<\/td><td class=\"has-text-align-center\" data-align=\"center\">quinta-feira &#8211; 16 horas<\/td><td class=\"has-text-align-center\" data-align=\"center\">a partir das 14 horas<\/td><\/tr><tr><td class=\"has-text-align-center\" data-align=\"center\">28 de novembro<\/td><td class=\"has-text-align-center\" data-align=\"center\">segunda-feira  &#8211; 13 horas<\/td><td class=\"has-text-align-center\" data-align=\"center\">a partir das 11 horas<\/td><\/tr><tr><td class=\"has-text-align-center\" data-align=\"center\">2 de dezembro<\/td><td class=\"has-text-align-center\" data-align=\"center\">sexta-feira &#8211; 16 horas<\/td><td class=\"has-text-align-center\" data-align=\"center\">a partir das 14 horas<\/td><\/tr><\/tbody><\/table><\/figure>\n\n\n\n<p><strong>Fontes: <\/strong><\/p>\n\n\n\n<p><strong>Pref. Municipal de S\u00e3o Paulo &#8211; Decreto 61.965 &#8211; DOC 11.11.2022<\/strong><\/p>\n\n\n\n<p><strong>Governo do Estado de S\u00e3o Paulo &#8211; Decreto 67.255 &#8211; DOE 11.11.2022<\/strong><\/p>\n\n\n<style>.wp-block-kadence-spacer.kt-block-spacer-_ec49b9-66 .kt-block-spacer{height:60px;}.wp-block-kadence-spacer.kt-block-spacer-_ec49b9-66 .kt-divider{border-top-width:1px;height:1px;border-top-color:#eee;width:80%;border-top-style:solid;}<\/style>\n<div class=\"wp-block-kadence-spacer aligncenter kt-block-spacer-_ec49b9-66\"><div class=\"kt-block-spacer kt-block-spacer-halign-center\"><hr class=\"kt-divider\"\/><\/div><\/div>\n","protected":false},"excerpt":{"rendered":"<p>Os dias dos jogos da sele\u00e7\u00e3o brasileira na Copa do Mundo da FIFA 2022 n\u00e3o s\u00e3o considerados feriados, mas o empregador deve refletir sobre a sua import\u00e2ncia, tanto cultural como econ\u00f4mica, e os reflexos nas rela\u00e7\u00f5es trabalhistas, levando em conta toda a mobiliza\u00e7\u00e3o da popula\u00e7\u00e3o para acompanhar o campeonato. O principal ponto \u00e9 sobre a [&hellip;]<\/p>\n","protected":false},"author":1,"featured_media":9156,"comment_status":"closed","ping_status":"open","sticky":false,"template":"","format":"standard","meta":{"tdm_status":"","tdm_grid_status":"","footnotes":""},"categories":[157],"tags":[1109],"class_list":["post-9155","post","type-post","status-publish","format-standard","has-post-thumbnail","hentry","category-alerta","tag-copa-do-mundo"],"amp_enabled":true,"_links":{"self":[{"href":"https:\/\/sincomavi.org.br\/index.php?rest_route=\/wp\/v2\/posts\/9155","targetHints":{"allow":["GET"]}}],"collection":[{"href":"https:\/\/sincomavi.org.br\/index.php?rest_route=\/wp\/v2\/posts"}],"about":[{"href":"https:\/\/sincomavi.org.br\/index.php?rest_route=\/wp\/v2\/types\/post"}],"author":[{"embeddable":true,"href":"https:\/\/sincomavi.org.br\/index.php?rest_route=\/wp\/v2\/users\/1"}],"replies":[{"embeddable":true,"href":"https:\/\/sincomavi.org.br\/index.php?rest_route=%2Fwp%2Fv2%2Fcomments&post=9155"}],"version-history":[{"count":1,"href":"https:\/\/sincomavi.org.br\/index.php?rest_route=\/wp\/v2\/posts\/9155\/revisions"}],"predecessor-version":[{"id":9157,"href":"https:\/\/sincomavi.org.br\/index.php?rest_route=\/wp\/v2\/posts\/9155\/revisions\/9157"}],"wp:featuredmedia":[{"embeddable":true,"href":"https:\/\/sincomavi.org.br\/index.php?rest_route=\/wp\/v2\/media\/9156"}],"wp:attachment":[{"href":"https:\/\/sincomavi.org.br\/index.php?rest_route=%2Fwp%2Fv2%2Fmedia&parent=9155"}],"wp:term":[{"taxonomy":"category","embeddable":true,"href":"https:\/\/sincomavi.org.br\/index.php?rest_route=%2Fwp%2Fv2%2Fcategories&post=9155"},{"taxonomy":"post_tag","embeddable":true,"href":"https:\/\/sincomavi.org.br\/index.php?rest_route=%2Fwp%2Fv2%2Ftags&post=9155"}],"curies":[{"name":"wp","href":"https:\/\/api.w.org\/{rel}","templated":true}]}}