{"id":9134,"date":"2022-11-16T09:58:14","date_gmt":"2022-11-16T12:58:14","guid":{"rendered":"https:\/\/sincomavi.org.br\/?p=9134"},"modified":"2022-11-16T09:58:15","modified_gmt":"2022-11-16T12:58:15","slug":"carta-de-conjuntura-novembro-de-2022","status":"publish","type":"post","link":"https:\/\/sincomavi.org.br\/?p=9134","title":{"rendered":"Carta de Conjuntura &#8211; novembro de 2022"},"content":{"rendered":"<style>.wp-block-kadence-spacer.kt-block-spacer-_575a20-08 .kt-block-spacer{height:60px;}.wp-block-kadence-spacer.kt-block-spacer-_575a20-08 .kt-divider{border-top-width:1px;height:1px;border-top-color:#eee;width:80%;border-top-style:solid;}<\/style>\n<div class=\"wp-block-kadence-spacer aligncenter kt-block-spacer-_575a20-08\"><div class=\"kt-block-spacer kt-block-spacer-halign-center\"><hr class=\"kt-divider\"\/><\/div><\/div>\n\n\n\n<p><strong>Jaime Vasconcellos, economista.<\/strong><\/p>\n\n\n\n<p>Em nossa carta de conjuntura de outubro fris\u00e1vamos quanto ao ambiente econ\u00f4mico naquele momento, que estava contaminado pelo per\u00edodo eleitoral, ainda mais \u00e0 beira do segundo turno das elei\u00e7\u00f5es gerais. Passados 15 dias do seu desfecho, o que podemos observar \u00e9 o mercado ainda baixando poeira com o pleito apertado e, ao mesmo tempo, ansioso pelo an\u00fancio dos nomes que conduzir\u00e3o a economia brasileira, dado que \u00e9 pelas caracter\u00edsticas dos escolhidos que se sabe o rumo que caminharemos a partir de 2023.<\/p>\n\n\n\n<p>Tal realidade exposta tem \u00eanfase exatamente pois projeta-se dois quadros, a depender das escolhas do novo governante. Por um lado, pode vir uma equipe mais ortodoxa, resultante da frente mais ampla de apoio ao eleito, com sinais de maior cuidado e responsabilidade fiscal. Por outro lado, h\u00e1 o temor do mercado em escolhas que beneficiem pol\u00edticas de maiores gastos p\u00fablicos, o que \u00e9 visto como demasiadamente arriscado frente a um cen\u00e1rio de quebra do teto de gastos, de elevada taxa b\u00e1sica de juros (que condiciona o ritmo de crescimento da d\u00edvida p\u00fablica) e do pr\u00f3prio avan\u00e7o do tamanho do Estado. A tend\u00eancia \u00e9 que ainda em novembro seja esclarecido quem comandar\u00e1 a atual pasta da Economia.<\/p>\n\n\n\n<p>Os eleitos dever\u00e3o ter ainda dificuldades em rela\u00e7\u00e3o ao perfil do congresso: mais conservador e visivelmente, em sua maioria num\u00e9rica, mais inclinado ao atual governo, o que dever\u00e1 exigir muita negocia\u00e7\u00e3o e energia a ser gasta na aprova\u00e7\u00e3o de projetos.<\/p>\n\n\n\n<p>A despeito das escolhas e da composi\u00e7\u00e3o pol\u00edtica de 2023, \u00e9 poss\u00edvel vislumbrar ainda em 2022 o fim do ciclo de defla\u00e7\u00f5es, com os alimentos voltando a apresentar avan\u00e7o m\u00e9dio de pre\u00e7os. Outro desafio tem sido os recordes sucessivos de endividamento e inadimpl\u00eancia familiar, que pode significar relevante freio \u00e0 evolu\u00e7\u00e3o do consumo e, consequentemente, ao ritmo econ\u00f4mico futuro do pa\u00eds. A infla\u00e7\u00e3o persistente, o custo mais caro do cr\u00e9dito e o endividamento familiar elevado s\u00e3o contrapontos aos bons n\u00fameros do mercado de trabalho.<\/p>\n\n\n\n<p>A tend\u00eancia at\u00e9 \u00e9 um crescimento garantido e muito al\u00e9m do esperado para 2022, mas com um horizonte de maiores dificuldades em 2023. De toda forma, nos manteremos atentos \u00e0s sinaliza\u00e7\u00f5es deste ano e deixaremos para a carta de dezembro a nossa avalia\u00e7\u00e3o sobre o ano que vem.<\/p>\n\n\n\n<p>Com isso, seguem as nossas proje\u00e7\u00f5es macroecon\u00f4micas para o encerramento de 2022:<\/p>\n\n\n\n<p>\u2022 <strong>PIB<\/strong>: +3%&nbsp;&nbsp;&nbsp;&nbsp;&nbsp;&nbsp;&nbsp;&nbsp;&nbsp;&nbsp; &nbsp;&nbsp;&nbsp;&nbsp;&nbsp;&nbsp;&nbsp;&nbsp;&nbsp;&nbsp;&nbsp;&nbsp;&nbsp;&nbsp;&nbsp;&nbsp;&nbsp;&nbsp;&nbsp;&nbsp;&nbsp;&nbsp;&nbsp;&nbsp;&nbsp;&nbsp;&nbsp;&nbsp;&nbsp;&nbsp;<\/p>\n\n\n\n<p>\u2022 <strong>IPCA<\/strong>: 5,75%&nbsp;&nbsp;&nbsp;&nbsp;&nbsp;&nbsp;&nbsp;&nbsp;&nbsp;&nbsp;&nbsp;&nbsp;&nbsp;&nbsp;&nbsp;&nbsp;&nbsp;&nbsp;&nbsp;&nbsp;&nbsp;&nbsp;&nbsp;&nbsp;&nbsp;&nbsp;&nbsp;&nbsp;&nbsp;&nbsp;&nbsp;&nbsp;&nbsp;&nbsp;&nbsp;&nbsp;&nbsp;&nbsp;&nbsp;&nbsp;<\/p>\n\n\n\n<p>\u2022 <strong>SELIC<\/strong>: 13,75% a.a.<\/p>\n\n\n\n<p>\u2022 <strong>Taxa de C\u00e2mbio:<\/strong> 5,20<\/p>\n\n\n\n<p>\u2022 <strong>Balan\u00e7a comercial<\/strong>: + US$ 65 bi<\/p>\n\n\n\n<p>\u2022 <strong>Vendas do varejo BR<\/strong>: +0,7%<\/p>\n\n\n\n<p>\u2022 <strong>Volume dos servi\u00e7os BR<\/strong>: +4%<\/p>\n\n\n<style>.wp-block-kadence-spacer.kt-block-spacer-_477f14-af .kt-block-spacer{height:60px;}.wp-block-kadence-spacer.kt-block-spacer-_477f14-af .kt-divider{border-top-width:1px;height:1px;border-top-color:#eee;width:80%;border-top-style:solid;}<\/style>\n<div class=\"wp-block-kadence-spacer aligncenter kt-block-spacer-_477f14-af\"><div class=\"kt-block-spacer kt-block-spacer-halign-center\"><hr class=\"kt-divider\"\/><\/div><\/div>\n","protected":false},"excerpt":{"rendered":"<p>Jaime Vasconcellos, economista. Em nossa carta de conjuntura de outubro fris\u00e1vamos quanto ao ambiente econ\u00f4mico naquele momento, que estava contaminado pelo per\u00edodo eleitoral, ainda mais \u00e0 beira do segundo turno das elei\u00e7\u00f5es gerais. Passados 15 dias do seu desfecho, o que podemos observar \u00e9 o mercado ainda baixando poeira com o pleito apertado e, ao [&hellip;]<\/p>\n","protected":false},"author":1,"featured_media":9135,"comment_status":"closed","ping_status":"open","sticky":false,"template":"","format":"standard","meta":{"tdm_status":"","tdm_grid_status":"","footnotes":""},"categories":[210],"tags":[272,199,156,772,632,773,200,75],"class_list":["post-9134","post","type-post","status-publish","format-standard","has-post-thumbnail","hentry","category-artigos","tag-carta-de-conjuntura","tag-comercio","tag-economia","tag-estimativa","tag-estudo-setorial","tag-perspectiva","tag-varejo","tag-vendas"],"amp_enabled":true,"_links":{"self":[{"href":"https:\/\/sincomavi.org.br\/index.php?rest_route=\/wp\/v2\/posts\/9134","targetHints":{"allow":["GET"]}}],"collection":[{"href":"https:\/\/sincomavi.org.br\/index.php?rest_route=\/wp\/v2\/posts"}],"about":[{"href":"https:\/\/sincomavi.org.br\/index.php?rest_route=\/wp\/v2\/types\/post"}],"author":[{"embeddable":true,"href":"https:\/\/sincomavi.org.br\/index.php?rest_route=\/wp\/v2\/users\/1"}],"replies":[{"embeddable":true,"href":"https:\/\/sincomavi.org.br\/index.php?rest_route=%2Fwp%2Fv2%2Fcomments&post=9134"}],"version-history":[{"count":1,"href":"https:\/\/sincomavi.org.br\/index.php?rest_route=\/wp\/v2\/posts\/9134\/revisions"}],"predecessor-version":[{"id":9136,"href":"https:\/\/sincomavi.org.br\/index.php?rest_route=\/wp\/v2\/posts\/9134\/revisions\/9136"}],"wp:featuredmedia":[{"embeddable":true,"href":"https:\/\/sincomavi.org.br\/index.php?rest_route=\/wp\/v2\/media\/9135"}],"wp:attachment":[{"href":"https:\/\/sincomavi.org.br\/index.php?rest_route=%2Fwp%2Fv2%2Fmedia&parent=9134"}],"wp:term":[{"taxonomy":"category","embeddable":true,"href":"https:\/\/sincomavi.org.br\/index.php?rest_route=%2Fwp%2Fv2%2Fcategories&post=9134"},{"taxonomy":"post_tag","embeddable":true,"href":"https:\/\/sincomavi.org.br\/index.php?rest_route=%2Fwp%2Fv2%2Ftags&post=9134"}],"curies":[{"name":"wp","href":"https:\/\/api.w.org\/{rel}","templated":true}]}}