{"id":9058,"date":"2022-10-21T10:01:44","date_gmt":"2022-10-21T13:01:44","guid":{"rendered":"https:\/\/sincomavi.org.br\/?p=9058"},"modified":"2022-10-21T10:01:45","modified_gmt":"2022-10-21T13:01:45","slug":"carta-de-conjuntura-outubro-de-2022","status":"publish","type":"post","link":"https:\/\/sincomavi.org.br\/?p=9058","title":{"rendered":"Carta de Conjuntura &#8211; Outubro de 2022"},"content":{"rendered":"<style>.wp-block-kadence-spacer.kt-block-spacer-_0d5ca5-86 .kt-block-spacer{height:60px;}.wp-block-kadence-spacer.kt-block-spacer-_0d5ca5-86 .kt-divider{border-top-width:1px;height:1px;border-top-color:#eee;width:80%;border-top-style:solid;}<\/style>\n<div class=\"wp-block-kadence-spacer aligncenter kt-block-spacer-_0d5ca5-86\"><div class=\"kt-block-spacer kt-block-spacer-halign-center\"><hr class=\"kt-divider\"\/><\/div><\/div>\n\n\n\n<p><strong>Jaime Vasconcellos, economista.<\/strong><\/p>\n\n\n\n<p>\u00c0 beira do segundo turno da elei\u00e7\u00e3o nacional, e de alguns estados, como S\u00e3o Paulo, o que se observa no campo econ\u00f4mico \u00e9 uma inaltera\u00e7\u00e3o do cen\u00e1rio de curto prazo. Isto \u00e9, as proje\u00e7\u00f5es recentes de juros, c\u00e2mbio e crescimento econ\u00f4mico n\u00e3o mudaram, o que por si s\u00f3 representa uma boa not\u00edcia, dado que se estima um Produto Interno Bruto (PIB) em 2022 com crescimento pr\u00f3ximo dos 3%, juros n\u00e3o mais em ascens\u00e3o e estabiliza\u00e7\u00e3o da taxa de c\u00e2mbio.<\/p>\n\n\n\n<p>Pelo campo dos pre\u00e7os, a\u00ed sim temos nova boa not\u00edcia. Nos referimos a terceira defla\u00e7\u00e3o seguida do \u00cdndice de Pre\u00e7os ao Consumidor Amplo (IPCA), medido pelo Instituto Brasileiro de Geografia e Estat\u00edstica (IBGE). O indicador que havia registrado quedas de 0,68% e 0,36%, novamente se viu em recuo, agora aos 0,29% em setembro. Neste sentido, chama aten\u00e7\u00e3o n\u00e3o somente a nova defla\u00e7\u00e3o do grupo de transportes (-1,98%), puxado pelos reajustes para baixo nos pre\u00e7os de combust\u00edveis, mas tamb\u00e9m o resultado do importante grupo de alimenta\u00e7\u00e3o e bebidas, que ainda que possua um avan\u00e7o de 9,54% no ano, atingiu -0,51% em setembro.<\/p>\n\n\n\n<p>Mesmo que as sucessivas quedas nos n\u00edveis gerais de pre\u00e7os pare\u00e7am estar com o seu ciclo chegando ao fim, elas foram importantes o bastante para n\u00e3o apenas projetarmos um IPCA de 2022 por volta de 5,5%, mas tamb\u00e9m em 2023 para estimarmos um \u00edndice abaixo dos 5%, possibilitando em meados do ano que vem um refresco a alta taxa Selic que fomos \u201cobrigados\u201d a atingir.<\/p>\n\n\n\n<p>J\u00e1 do ponto de vista setorial, aqui no estado de S\u00e3o Paulo o que vimos \u00e9 o com\u00e9rcio amargando quedas mensais de volume de vendas (compara\u00e7\u00e3o com mesmos meses de 2021) desde maio, puxado pelos efeitos da infla\u00e7\u00e3o forte do primeiro semestre e elevados \u00edndices de endividamento e inadimpl\u00eancia familiar. Por outro lado, o setor de servi\u00e7os avan\u00e7a com acr\u00e9scimos acima de dois d\u00edgitos na maior parte do ano, tamb\u00e9m na compara\u00e7\u00e3o com 2021. Este setor tem sido beneficiado ainda pelo processo tardio de reabertura e possui base fraca de compara\u00e7\u00e3o, ao olharmos todas as restri\u00e7\u00f5es do ano passado, principalmente na segunda onda da pandemia. Neste sentido, bons n\u00fameros recentes principalmente aos servi\u00e7os ligados ao turismo.<\/p>\n\n\n\n<p>Em suma, vamos para o fim do pleito eleitoral vendo 2022 sendo melhor do que se esperava, com avan\u00e7o da gera\u00e7\u00e3o de riqueza do pa\u00eds, com queda do desemprego e maior controle inflacion\u00e1rio. Todavia, h\u00e1 cautela para 2023, principalmente no que tange a pouca import\u00e2ncia dada ao ambiente fiscal, aos poss\u00edveis impactos de recess\u00f5es e arrefecimentos econ\u00f4micos em outras economias e aos pr\u00f3prios efeitos internos de nos mantermos (corretamente e para segurar infla\u00e7\u00e3o) com uma taxa b\u00e1sica de juros significativamente elevada.<\/p>\n\n\n\n<p>Com isso, seguem as nossas proje\u00e7\u00f5es macroecon\u00f4micas para o encerramento do ano:<\/p>\n\n\n\n<p>\u2022 <strong>PIB<\/strong>: +3%&nbsp;&nbsp;&nbsp;&nbsp;&nbsp;&nbsp;&nbsp;&nbsp;&nbsp;&nbsp;&nbsp;&nbsp;&nbsp; &nbsp;&nbsp;&nbsp;&nbsp;&nbsp;&nbsp;&nbsp;&nbsp;&nbsp;&nbsp;&nbsp;&nbsp;&nbsp;&nbsp;&nbsp;&nbsp;&nbsp;&nbsp;&nbsp;&nbsp;&nbsp;&nbsp;&nbsp;&nbsp;&nbsp;&nbsp;&nbsp;&nbsp;&nbsp;&nbsp;&nbsp;&nbsp;&nbsp;&nbsp;&nbsp;&nbsp;&nbsp;&nbsp;&nbsp;<\/p>\n\n\n\n<p>\u2022 <strong>IPCA<\/strong>: 5,5%&nbsp;&nbsp;&nbsp;&nbsp;&nbsp;&nbsp;&nbsp;&nbsp;&nbsp;&nbsp;&nbsp;&nbsp;&nbsp;&nbsp;&nbsp;&nbsp;&nbsp;&nbsp;&nbsp;&nbsp;&nbsp;&nbsp;&nbsp;&nbsp;&nbsp;&nbsp;&nbsp;&nbsp;&nbsp;&nbsp;&nbsp;&nbsp;&nbsp;&nbsp;&nbsp;&nbsp;&nbsp;&nbsp;&nbsp;&nbsp;&nbsp;&nbsp;&nbsp;&nbsp;&nbsp;&nbsp;&nbsp;&nbsp;&nbsp;&nbsp;&nbsp;&nbsp;<\/p>\n\n\n\n<p>\u2022 <strong>SELIC<\/strong>: 13,75% a.a.<\/p>\n\n\n\n<p>\u2022 <strong>Taxa de C\u00e2mbio:<\/strong> 5,20<\/p>\n\n\n\n<p>\u2022 <strong>Balan\u00e7a comercial<\/strong>: + US$ 65 bi<\/p>\n\n\n\n<p>\u2022 <strong>Vendas do varejo BR<\/strong>: +0,7%<\/p>\n\n\n\n<p>\u2022 <strong>Volume dos servi\u00e7os BR<\/strong>: +4%<\/p>\n","protected":false},"excerpt":{"rendered":"<p>Jaime Vasconcellos, economista. \u00c0 beira do segundo turno da elei\u00e7\u00e3o nacional, e de alguns estados, como S\u00e3o Paulo, o que se observa no campo econ\u00f4mico \u00e9 uma inaltera\u00e7\u00e3o do cen\u00e1rio de curto prazo. Isto \u00e9, as proje\u00e7\u00f5es recentes de juros, c\u00e2mbio e crescimento econ\u00f4mico n\u00e3o mudaram, o que por si s\u00f3 representa uma boa not\u00edcia, [&hellip;]<\/p>\n","protected":false},"author":1,"featured_media":9059,"comment_status":"closed","ping_status":"open","sticky":false,"template":"","format":"standard","meta":{"tdm_status":"","tdm_grid_status":"","footnotes":""},"categories":[210],"tags":[275,272,199,156,331,273,773,202,237,203,417,274,200],"class_list":["post-9058","post","type-post","status-publish","format-standard","has-post-thumbnail","hentry","category-artigos","tag-balanca-comercial","tag-carta-de-conjuntura","tag-comercio","tag-economia","tag-inflacao","tag-ipca","tag-perspectiva","tag-pib","tag-precos","tag-selic","tag-servicos","tag-taxa-de-cambio","tag-varejo"],"amp_enabled":true,"_links":{"self":[{"href":"https:\/\/sincomavi.org.br\/index.php?rest_route=\/wp\/v2\/posts\/9058","targetHints":{"allow":["GET"]}}],"collection":[{"href":"https:\/\/sincomavi.org.br\/index.php?rest_route=\/wp\/v2\/posts"}],"about":[{"href":"https:\/\/sincomavi.org.br\/index.php?rest_route=\/wp\/v2\/types\/post"}],"author":[{"embeddable":true,"href":"https:\/\/sincomavi.org.br\/index.php?rest_route=\/wp\/v2\/users\/1"}],"replies":[{"embeddable":true,"href":"https:\/\/sincomavi.org.br\/index.php?rest_route=%2Fwp%2Fv2%2Fcomments&post=9058"}],"version-history":[{"count":1,"href":"https:\/\/sincomavi.org.br\/index.php?rest_route=\/wp\/v2\/posts\/9058\/revisions"}],"predecessor-version":[{"id":9060,"href":"https:\/\/sincomavi.org.br\/index.php?rest_route=\/wp\/v2\/posts\/9058\/revisions\/9060"}],"wp:featuredmedia":[{"embeddable":true,"href":"https:\/\/sincomavi.org.br\/index.php?rest_route=\/wp\/v2\/media\/9059"}],"wp:attachment":[{"href":"https:\/\/sincomavi.org.br\/index.php?rest_route=%2Fwp%2Fv2%2Fmedia&parent=9058"}],"wp:term":[{"taxonomy":"category","embeddable":true,"href":"https:\/\/sincomavi.org.br\/index.php?rest_route=%2Fwp%2Fv2%2Fcategories&post=9058"},{"taxonomy":"post_tag","embeddable":true,"href":"https:\/\/sincomavi.org.br\/index.php?rest_route=%2Fwp%2Fv2%2Ftags&post=9058"}],"curies":[{"name":"wp","href":"https:\/\/api.w.org\/{rel}","templated":true}]}}