{"id":8962,"date":"2022-10-10T13:24:00","date_gmt":"2022-10-10T16:24:00","guid":{"rendered":"https:\/\/sincomavi.org.br\/?p=8962"},"modified":"2022-10-10T13:24:01","modified_gmt":"2022-10-10T16:24:01","slug":"rot-st-ressarcimento-de-creditos-do-icms","status":"publish","type":"post","link":"https:\/\/sincomavi.org.br\/?p=8962","title":{"rendered":"ROT-ST: ressarcimento de cr\u00e9ditos do ICMS"},"content":{"rendered":"<style>.wp-block-kadence-spacer.kt-block-spacer-_7ab09c-da .kt-block-spacer{height:60px;}.wp-block-kadence-spacer.kt-block-spacer-_7ab09c-da .kt-divider{border-top-width:1px;height:1px;border-top-color:#eee;width:80%;border-top-style:solid;}<\/style>\n<div class=\"wp-block-kadence-spacer aligncenter kt-block-spacer-_7ab09c-da\"><div class=\"kt-block-spacer kt-block-spacer-halign-center\"><hr class=\"kt-divider\"\/><\/div><\/div>\n\n\n\n<p>06\/10\/2022 &#8211; O Regime Optativo de Tributa\u00e7\u00e3o da Substitui\u00e7\u00e3o Tribut\u00e1ria (ROT-ST) foi institu\u00eddo pela Lei 17.293\/2020, dando a op\u00e7\u00e3o \u00e0 empresa de aderir ao ROT-ST, ficando a mesma dispensada do pagamento de eventual complemento do imposto, tendo como condi\u00e7\u00e3o firmar compromisso de n\u00e3o exigir a restitui\u00e7\u00e3o quando o pre\u00e7o praticado na venda ao consumidor final for inferior \u00e0 base de c\u00e1lculo presumida.<\/p>\n\n\n\n<p>Com isso surgiram d\u00favidas com rela\u00e7\u00e3o ao per\u00edodo dessa ren\u00fancia, se restrito aos cr\u00e9ditos gerados durante a participa\u00e7\u00e3o ao ROT-ST ou se ela incluiria todo o cr\u00e9dito acumulado desde a decis\u00e3o do Supremo Tribunal Federal de 2016 (RE n\u00ba 593.849\/MG, tema 201).&nbsp;<\/p>\n\n\n\n<p>Para esclarecer o assunto, a Secretaria da Fazenda e Planejamento do Estado de S\u00e3o Paulo (SefazSP) divulgou a Resposta \u00e0 Consulta Tribut\u00e1ria 26258\/2022 fixando os seguintes entendimentos: &nbsp;<\/p>\n\n\n\n<p>I. o credenciamento ao ROT-ST impede t\u00e3o somente o ressarcimento do valor do imposto retido a maior, correspondente \u00e0 diferen\u00e7a entre o valor que serviu de base \u00e0 reten\u00e7\u00e3o e o valor da opera\u00e7\u00e3o ou presta\u00e7\u00e3o realizada com consumidor ou usu\u00e1rio final, relativamente ao per\u00edodo em que o contribuinte estiver credenciado neste regime optativo.<\/p>\n\n\n\n<p>II. o contribuinte substitu\u00eddo que possuir direito ao ressarcimento do imposto em um per\u00edodo de refer\u00eancia n\u00e3o pertencente ao ROT-ST poder\u00e1 fazer a solicita\u00e7\u00e3o, observado o prazo decadencial de cinco anos.<\/p>\n\n\n\n<p>Cabe lembrar que o pedido de eventual ressarcimento deve seguir rigorosamente os termos da Portaria CAT n\u00ba 42\/2018, sendo aconselhado o seu estudo completo, dada as implica\u00e7\u00f5es fiscais e cont\u00e1beis. Al\u00e9m disso, o contribuinte precisa analisar se essa escolha \u00e9 vantajosa para sua empresa.<\/p>\n\n\n<style>.wp-block-kadence-spacer.kt-block-spacer-_71a00e-b8 .kt-block-spacer{height:60px;}.wp-block-kadence-spacer.kt-block-spacer-_71a00e-b8 .kt-divider{border-top-width:1px;height:1px;border-top-color:#eee;width:80%;border-top-style:solid;}<\/style>\n<div class=\"wp-block-kadence-spacer aligncenter kt-block-spacer-_71a00e-b8\"><div class=\"kt-block-spacer kt-block-spacer-halign-center\"><hr class=\"kt-divider\"\/><\/div><\/div>\n","protected":false},"excerpt":{"rendered":"<p>06\/10\/2022 &#8211; O Regime Optativo de Tributa\u00e7\u00e3o da Substitui\u00e7\u00e3o Tribut\u00e1ria (ROT-ST) foi institu\u00eddo pela Lei 17.293\/2020, dando a op\u00e7\u00e3o \u00e0 empresa de aderir ao ROT-ST, ficando a mesma dispensada do pagamento de eventual complemento do imposto, tendo como condi\u00e7\u00e3o firmar compromisso de n\u00e3o exigir a restitui\u00e7\u00e3o quando o pre\u00e7o praticado na venda ao consumidor final [&hellip;]<\/p>\n","protected":false},"author":1,"featured_media":8963,"comment_status":"closed","ping_status":"open","sticky":false,"template":"","format":"standard","meta":{"tdm_status":"","tdm_grid_status":"","footnotes":""},"categories":[157],"tags":[1085,80,603,864,837,1083,828,581,87,1082],"class_list":["post-8962","post","type-post","status-publish","format-standard","has-post-thumbnail","hentry","category-alerta","tag-consulta-tributaria-26258-2022","tag-icms","tag-lei-17293-2020","tag-orientacao","tag-portaria-cat-42-2018","tag-re-593849-mg","tag-rot-st","tag-stf","tag-substituicao-tributaria","tag-supremo-tribunal-federal"],"amp_enabled":true,"_links":{"self":[{"href":"https:\/\/sincomavi.org.br\/index.php?rest_route=\/wp\/v2\/posts\/8962","targetHints":{"allow":["GET"]}}],"collection":[{"href":"https:\/\/sincomavi.org.br\/index.php?rest_route=\/wp\/v2\/posts"}],"about":[{"href":"https:\/\/sincomavi.org.br\/index.php?rest_route=\/wp\/v2\/types\/post"}],"author":[{"embeddable":true,"href":"https:\/\/sincomavi.org.br\/index.php?rest_route=\/wp\/v2\/users\/1"}],"replies":[{"embeddable":true,"href":"https:\/\/sincomavi.org.br\/index.php?rest_route=%2Fwp%2Fv2%2Fcomments&post=8962"}],"version-history":[{"count":1,"href":"https:\/\/sincomavi.org.br\/index.php?rest_route=\/wp\/v2\/posts\/8962\/revisions"}],"predecessor-version":[{"id":8964,"href":"https:\/\/sincomavi.org.br\/index.php?rest_route=\/wp\/v2\/posts\/8962\/revisions\/8964"}],"wp:featuredmedia":[{"embeddable":true,"href":"https:\/\/sincomavi.org.br\/index.php?rest_route=\/wp\/v2\/media\/8963"}],"wp:attachment":[{"href":"https:\/\/sincomavi.org.br\/index.php?rest_route=%2Fwp%2Fv2%2Fmedia&parent=8962"}],"wp:term":[{"taxonomy":"category","embeddable":true,"href":"https:\/\/sincomavi.org.br\/index.php?rest_route=%2Fwp%2Fv2%2Fcategories&post=8962"},{"taxonomy":"post_tag","embeddable":true,"href":"https:\/\/sincomavi.org.br\/index.php?rest_route=%2Fwp%2Fv2%2Ftags&post=8962"}],"curies":[{"name":"wp","href":"https:\/\/api.w.org\/{rel}","templated":true}]}}