{"id":8936,"date":"2022-10-06T09:45:07","date_gmt":"2022-10-06T12:45:07","guid":{"rendered":"https:\/\/sincomavi.org.br\/?p=8936"},"modified":"2022-10-06T09:45:09","modified_gmt":"2022-10-06T12:45:09","slug":"varejo-de-material-de-construcao-da-capital-dobra-geracao-de-empregos-em-agosto","status":"publish","type":"post","link":"https:\/\/sincomavi.org.br\/?p=8936","title":{"rendered":"Varejo de material de constru\u00e7\u00e3o da capital dobra gera\u00e7\u00e3o de empregos em agosto"},"content":{"rendered":"<style>.wp-block-kadence-spacer.kt-block-spacer-_c8edea-0b .kt-block-spacer{height:60px;}.wp-block-kadence-spacer.kt-block-spacer-_c8edea-0b .kt-divider{border-top-width:1px;height:1px;border-top-color:#eee;width:80%;border-top-style:solid;}<\/style>\n<div class=\"wp-block-kadence-spacer aligncenter kt-block-spacer-_c8edea-0b\"><div class=\"kt-block-spacer kt-block-spacer-halign-center\"><hr class=\"kt-divider\"\/><\/div><\/div>\n\n\n\n<p>Dados do Cadastro Geral de Empregados e Desempregados (Caged) mostram um avan\u00e7o na gera\u00e7\u00e3o de emprego no varejo de material de constru\u00e7\u00e3o da Regi\u00e3o Metropolitana de S\u00e3o Paulo (RMSP). Foram 584 novas vagas em agosto, saldo de 3.785 admiss\u00f5es e 3.201 desligamentos. O economista Jaime Vasconcellos ressalta que esse desempenho positivo \u00e9 menor que o registrado no mesmo m\u00eas de 2021, mas superior ao saldo de julho deste ano. J\u00e1 na capital paulista houve a cria\u00e7\u00e3o de 332 postos de trabalho com carteira assinada no setor, praticamente metade da vista em agosto de 2021, mas cerca de o dobro do saldo positivo de julho de 2022.<\/p>\n\n\n\n<p class=\"has-text-align-center\"><strong>Evolu\u00e7\u00e3o do saldo de empregos do varejo de material de constru\u00e7\u00e3o \u2013 RMSP e S\u00e3o Paulo\/SP<\/strong><\/p>\n\n\n\n<figure class=\"wp-block-image size-full\"><img loading=\"lazy\" decoding=\"async\" width=\"870\" height=\"541\" src=\"https:\/\/sincomavi.org.br\/wp-content\/uploads\/2022\/10\/image.png\" alt=\"\" class=\"wp-image-8937\" srcset=\"https:\/\/sincomavi.org.br\/wp-content\/uploads\/2022\/10\/image.png 870w, https:\/\/sincomavi.org.br\/wp-content\/uploads\/2022\/10\/image-300x187.png 300w, https:\/\/sincomavi.org.br\/wp-content\/uploads\/2022\/10\/image-768x478.png 768w, https:\/\/sincomavi.org.br\/wp-content\/uploads\/2022\/10\/image-675x420.png 675w, https:\/\/sincomavi.org.br\/wp-content\/uploads\/2022\/10\/image-640x398.png 640w, https:\/\/sincomavi.org.br\/wp-content\/uploads\/2022\/10\/image-681x423.png 681w\" sizes=\"auto, (max-width: 870px) 100vw, 870px\" \/><figcaption>Fonte: Caged<\/figcaption><\/figure>\n\n\n\n<p>Na Grande S\u00e3o Paulo, o saldo do m\u00eas foi puxado para cima pelo varejo de ferragens e ferramentas (+143 vagas) e pelos estabelecimentos de material de constru\u00e7\u00e3o em geral (+182 vagas). Destaca-se que em todos os grupos avaliados foi registrado mais admiss\u00f5es que desligamentos neste per\u00edodo.<\/p>\n\n\n\n<figure class=\"wp-block-image size-full\"><img loading=\"lazy\" decoding=\"async\" width=\"567\" height=\"269\" src=\"https:\/\/sincomavi.org.br\/wp-content\/uploads\/2022\/10\/image-1.png\" alt=\"\" class=\"wp-image-8938\" srcset=\"https:\/\/sincomavi.org.br\/wp-content\/uploads\/2022\/10\/image-1.png 567w, https:\/\/sincomavi.org.br\/wp-content\/uploads\/2022\/10\/image-1-300x142.png 300w\" sizes=\"auto, (max-width: 567px) 100vw, 567px\" \/><figcaption>Fonte:  Caged<\/figcaption><\/figure>\n\n\n\n<p>S\u00e3o quase 3,1 mil empregos criados na RMSP no ano, mais uma vez com importante influ\u00eancia dos varejistas de ferragens e ferramentas e que comercializam material de constru\u00e7\u00e3o em geral.<\/p>\n\n\n\n<figure class=\"wp-block-image size-full\"><img loading=\"lazy\" decoding=\"async\" width=\"541\" height=\"291\" src=\"https:\/\/sincomavi.org.br\/wp-content\/uploads\/2022\/10\/image-2.png\" alt=\"\" class=\"wp-image-8939\" srcset=\"https:\/\/sincomavi.org.br\/wp-content\/uploads\/2022\/10\/image-2.png 541w, https:\/\/sincomavi.org.br\/wp-content\/uploads\/2022\/10\/image-2-300x160.png 300w\" sizes=\"auto, (max-width: 541px) 100vw, 541px\" \/><figcaption>Fonte: Caged<\/figcaption><\/figure>\n\n\n\n<p>Jaime pondera que h\u00e1 duas \u00f3ticas a serem exploradas em rela\u00e7\u00e3o ao desempenho do mercado de trabalho do varejo de material de constru\u00e7\u00e3o da RMSP. \u201cSe compararmos os \u00faltimos saldos com os obtidos em agosto do ano passado se v\u00ea forte desacelera\u00e7\u00e3o da gera\u00e7\u00e3o de vagas &#8211; queda de cerca de 45% na RMSP e na Capital. Agora, em rela\u00e7\u00e3o aos n\u00fameros de julho h\u00e1 avan\u00e7o da cria\u00e7\u00e3o de emprego, mais especificamente de 11,5% na Grande S\u00e3o Paulo e de quase 100% na capital paulista\u201d. Ele lembra ainda que se em compara\u00e7\u00e3o a 2021 a realidade atual \u00e9 de uma conjuntura mais desfavor\u00e1vel, seja em rela\u00e7\u00e3o a juros, endividamento familiar e infla\u00e7\u00e3o, no curto prazo observa-se uma ameniza\u00e7\u00e3o do cen\u00e1rio mais desafiador verificado principalmente em rela\u00e7\u00e3o ao ritmo de crescimento dos pre\u00e7os gerais da economia. \u201cOcorrendo ultimamente at\u00e9 defla\u00e7\u00f5es seguidas\u201d, refor\u00e7a. \u201cEsta melhoria do cen\u00e1rio inflacion\u00e1rio, paraliza\u00e7\u00e3o do avan\u00e7o dos juros e queda do desemprego em geral ajuda o fortalecimento da demanda e, naturalmente, das expectativas dos empres\u00e1rios do setor\u201d.<\/p>\n\n\n<style>.wp-block-kadence-spacer.kt-block-spacer-_21e991-7e .kt-block-spacer{height:60px;}.wp-block-kadence-spacer.kt-block-spacer-_21e991-7e .kt-divider{border-top-width:1px;height:1px;border-top-color:#eee;width:80%;border-top-style:solid;}<\/style>\n<div class=\"wp-block-kadence-spacer aligncenter kt-block-spacer-_21e991-7e\"><div class=\"kt-block-spacer kt-block-spacer-halign-center\"><hr class=\"kt-divider\"\/><\/div><\/div>\n","protected":false},"excerpt":{"rendered":"<p>Dados do Cadastro Geral de Empregados e Desempregados (Caged) mostram um avan\u00e7o na gera\u00e7\u00e3o de emprego no varejo de material de constru\u00e7\u00e3o da Regi\u00e3o Metropolitana de S\u00e3o Paulo (RMSP). Foram 584 novas vagas em agosto, saldo de 3.785 admiss\u00f5es e 3.201 desligamentos. O economista Jaime Vasconcellos ressalta que esse desempenho positivo \u00e9 menor que o [&hellip;]<\/p>\n","protected":false},"author":1,"featured_media":8940,"comment_status":"closed","ping_status":"open","sticky":false,"template":"","format":"standard","meta":{"tdm_status":"","tdm_grid_status":"","footnotes":""},"categories":[153],"tags":[89,199,53,632,620,158,160,200],"class_list":["post-8936","post","type-post","status-publish","format-standard","has-post-thumbnail","hentry","category-noticias","tag-caged","tag-comercio","tag-emprego","tag-estudo-setorial","tag-levantamento","tag-material-de-construcao","tag-pesquisa","tag-varejo"],"amp_enabled":true,"_links":{"self":[{"href":"https:\/\/sincomavi.org.br\/index.php?rest_route=\/wp\/v2\/posts\/8936","targetHints":{"allow":["GET"]}}],"collection":[{"href":"https:\/\/sincomavi.org.br\/index.php?rest_route=\/wp\/v2\/posts"}],"about":[{"href":"https:\/\/sincomavi.org.br\/index.php?rest_route=\/wp\/v2\/types\/post"}],"author":[{"embeddable":true,"href":"https:\/\/sincomavi.org.br\/index.php?rest_route=\/wp\/v2\/users\/1"}],"replies":[{"embeddable":true,"href":"https:\/\/sincomavi.org.br\/index.php?rest_route=%2Fwp%2Fv2%2Fcomments&post=8936"}],"version-history":[{"count":1,"href":"https:\/\/sincomavi.org.br\/index.php?rest_route=\/wp\/v2\/posts\/8936\/revisions"}],"predecessor-version":[{"id":8941,"href":"https:\/\/sincomavi.org.br\/index.php?rest_route=\/wp\/v2\/posts\/8936\/revisions\/8941"}],"wp:featuredmedia":[{"embeddable":true,"href":"https:\/\/sincomavi.org.br\/index.php?rest_route=\/wp\/v2\/media\/8940"}],"wp:attachment":[{"href":"https:\/\/sincomavi.org.br\/index.php?rest_route=%2Fwp%2Fv2%2Fmedia&parent=8936"}],"wp:term":[{"taxonomy":"category","embeddable":true,"href":"https:\/\/sincomavi.org.br\/index.php?rest_route=%2Fwp%2Fv2%2Fcategories&post=8936"},{"taxonomy":"post_tag","embeddable":true,"href":"https:\/\/sincomavi.org.br\/index.php?rest_route=%2Fwp%2Fv2%2Ftags&post=8936"}],"curies":[{"name":"wp","href":"https:\/\/api.w.org\/{rel}","templated":true}]}}