{"id":8801,"date":"2022-09-21T10:09:40","date_gmt":"2022-09-21T13:09:40","guid":{"rendered":"https:\/\/sincomavi.org.br\/?p=8801"},"modified":"2022-09-21T10:10:10","modified_gmt":"2022-09-21T13:10:10","slug":"carta-de-conjuntura-setembro-de-2022","status":"publish","type":"post","link":"https:\/\/sincomavi.org.br\/?p=8801","title":{"rendered":"Carta de Conjuntura &#8211; setembro de 2022"},"content":{"rendered":"<style>.wp-block-kadence-spacer.kt-block-spacer-_ed9df8-24 .kt-block-spacer{height:60px;}.wp-block-kadence-spacer.kt-block-spacer-_ed9df8-24 .kt-divider{border-top-width:1px;height:1px;border-top-color:#eee;width:80%;border-top-style:solid;}<\/style>\n<div class=\"wp-block-kadence-spacer aligncenter kt-block-spacer-_ed9df8-24\"><div class=\"kt-block-spacer kt-block-spacer-halign-center\"><hr class=\"kt-divider\"\/><\/div><\/div>\n\n\n\n<p><em>Jaime Vasconcellos, economista.<\/em><\/p>\n\n\n\n<p>A fotografia da economia brasileira tirada em setembro \u00e9 melhor que a do m\u00eas passado. Esta afirma\u00e7\u00e3o em nossa carta de conjuntura se d\u00e1 pela consolida\u00e7\u00e3o do cen\u00e1rio mais positivo em 2022 j\u00e1 apresentado nos \u00faltimos meses e que, nos parece, ainda mais consistente com o conhecimento dos \u00faltimos n\u00fameros de infla\u00e7\u00e3o e Produto Interno Bruto (PIB).<\/p>\n\n\n\n<p>Pelo lado dos pre\u00e7os, o IPCA de agosto mostrou uma nova e relevante defla\u00e7\u00e3o, atingindo os -0,36%. N\u00e3o apenas novamente o grupo de transportes ajudou a puxar para baixo o n\u00edvel geral de pre\u00e7os da economia, como at\u00e9 mesmo o grupo de alimentos e bebidas viu a sua taxa mensal arrefecer, passando de +1,3% em julho, para +0,24% em agosto. Este cen\u00e1rio, adicionado a novas redu\u00e7\u00f5es de pre\u00e7os de combust\u00edveis, deve trazer tamb\u00e9m para setembro outra defla\u00e7\u00e3o. Este processo de queda r\u00e1pida da taxa de 12 meses do IPCA, agora em 8,73%, auxiliar\u00e1 a proje\u00e7\u00e3o de que provavelmente fecharemos 2022 com o \u00edndice abaixo dos 6%. E olha que ele j\u00e1 foi projetado meses atr\u00e1s circundando os 9%.<\/p>\n\n\n\n<p>Se pelo lado da infla\u00e7\u00e3o as not\u00edcias s\u00e3o boas, pelo olhar do desempenho econ\u00f4mico do pa\u00eds n\u00e3o se fica muito para tr\u00e1s. O avan\u00e7o de 1,2% do PIB brasileiro no segundo trimestre do ano (o mercado projetava +1%), consolidou o primeiro semestre com um avan\u00e7o de 2,5% deste mesmo indicador, trazendo a expectativa de que a economia brasileira rondar\u00e1 um crescimento de 3% em 2022, muito acima dos +0,4% que o Boletim Focus (BCB) apresentava nas primeiras proje\u00e7\u00f5es do ano.<\/p>\n\n\n\n<p>Tais cen\u00e1rios acima apresentados s\u00e3o alento a um processo importante de retomada da economia brasileira p\u00f3s-pandemia. Principalmente calcado na recupera\u00e7\u00e3o do setor de servi\u00e7os. A tend\u00eancia para este segundo semestre \u00e9 uma evolu\u00e7\u00e3o geral menos acelerada, seja por um certo esgotamento deste processo de retomada p\u00f3s-Covid 19 (que viria em algum momento), seja pelos efeitos naturais da pol\u00edtica monet\u00e1ria contracionista que tinha como objetivo exatamente controlar o processo inflacion\u00e1rio interno.<\/p>\n\n\n\n<p>J\u00e1 para 2023, a tend\u00eancia \u00e9 voltarmos aos patamares m\u00ednimos de crescimento. Espera-se um<a><\/a> avan\u00e7o do PIB abaixo de 1%, com infla\u00e7\u00e3o mais comportada, mas ainda com taxa b\u00e1sica de juros acima de dois d\u00edgitos. E se \u00e9 permitido pensar em 2023, a despeito de um processo eleitoral \u00e0s portas da publica\u00e7\u00e3o desta carta, os desafios principais est\u00e3o calcados na pol\u00edtica fiscal do governo central, principalmente na equaliza\u00e7\u00e3o do seu or\u00e7amento frente \u00e0s pol\u00edticas sociais de transfer\u00eancia de renda, e tamb\u00e9m dos impactos no Brasil de um arrefecimento econ\u00f4mico chin\u00eas e prov\u00e1vel recess\u00e3o nas economias americana e europeias. Em suma, temos boas not\u00edcias no presente, mas cautela com o que vem pela frente.<\/p>\n\n\n\n<p>Seguem as nossas proje\u00e7\u00f5es macroecon\u00f4micas para o encerramento de 2022:<\/p>\n\n\n\n<p><strong>PIB<\/strong>: +3%&nbsp;&nbsp;&nbsp;&nbsp;&nbsp;&nbsp;&nbsp;&nbsp;&nbsp;&nbsp; &nbsp;&nbsp;&nbsp;&nbsp;&nbsp;&nbsp;&nbsp;&nbsp;&nbsp;&nbsp;&nbsp;&nbsp;&nbsp;&nbsp;&nbsp;&nbsp;&nbsp;&nbsp;&nbsp;&nbsp;&nbsp;&nbsp;&nbsp;&nbsp;&nbsp;&nbsp;&nbsp;&nbsp;&nbsp;&nbsp;<\/p>\n\n\n\n<p><strong>IPCA<\/strong>: 6,0%&nbsp;&nbsp;&nbsp;&nbsp;&nbsp;&nbsp;&nbsp;&nbsp;&nbsp;&nbsp;&nbsp;&nbsp;&nbsp;&nbsp;&nbsp;&nbsp;&nbsp;&nbsp;&nbsp;&nbsp;&nbsp;&nbsp;&nbsp;&nbsp;&nbsp;&nbsp;&nbsp;&nbsp;&nbsp;&nbsp;&nbsp;&nbsp;&nbsp;&nbsp;&nbsp;&nbsp;&nbsp;&nbsp;&nbsp;&nbsp;<\/p>\n\n\n\n<p><strong>SELIC<\/strong>: 13,75% a.a.<\/p>\n\n\n\n<p><strong>Taxa de C\u00e2mbio:<\/strong> 5,20<\/p>\n\n\n\n<p><strong>Balan\u00e7a comercial<\/strong>: + US$ 65 bi<\/p>\n\n\n\n<p><strong>Vendas do varejo BR<\/strong>: +1%<\/p>\n\n\n\n<p><strong>Volume dos servi\u00e7os BR<\/strong>: +3%<\/p>\n\n\n<style>.wp-block-kadence-spacer.kt-block-spacer-_e8e241-39 .kt-block-spacer{height:60px;}.wp-block-kadence-spacer.kt-block-spacer-_e8e241-39 .kt-divider{border-top-width:1px;height:1px;border-top-color:#eee;width:80%;border-top-style:solid;}<\/style>\n<div class=\"wp-block-kadence-spacer aligncenter kt-block-spacer-_e8e241-39\"><div class=\"kt-block-spacer kt-block-spacer-halign-center\"><hr class=\"kt-divider\"\/><\/div><\/div>\n","protected":false},"excerpt":{"rendered":"<p>Jaime Vasconcellos, economista. A fotografia da economia brasileira tirada em setembro \u00e9 melhor que a do m\u00eas passado. Esta afirma\u00e7\u00e3o em nossa carta de conjuntura se d\u00e1 pela consolida\u00e7\u00e3o do cen\u00e1rio mais positivo em 2022 j\u00e1 apresentado nos \u00faltimos meses e que, nos parece, ainda mais consistente com o conhecimento dos \u00faltimos n\u00fameros de infla\u00e7\u00e3o [&hellip;]<\/p>\n","protected":false},"author":1,"featured_media":8802,"comment_status":"closed","ping_status":"open","sticky":false,"template":"","format":"standard","meta":{"tdm_status":"","tdm_grid_status":"","footnotes":""},"categories":[210],"tags":[1060,275,156,331,273,1062,202,1061,203,75],"class_list":["post-8801","post","type-post","status-publish","format-standard","has-post-thumbnail","hentry","category-artigos","tag-analise","tag-balanca-comercial","tag-economia","tag-inflacao","tag-ipca","tag-perspectivas","tag-pib","tag-projecao","tag-selic","tag-vendas"],"amp_enabled":true,"_links":{"self":[{"href":"https:\/\/sincomavi.org.br\/index.php?rest_route=\/wp\/v2\/posts\/8801","targetHints":{"allow":["GET"]}}],"collection":[{"href":"https:\/\/sincomavi.org.br\/index.php?rest_route=\/wp\/v2\/posts"}],"about":[{"href":"https:\/\/sincomavi.org.br\/index.php?rest_route=\/wp\/v2\/types\/post"}],"author":[{"embeddable":true,"href":"https:\/\/sincomavi.org.br\/index.php?rest_route=\/wp\/v2\/users\/1"}],"replies":[{"embeddable":true,"href":"https:\/\/sincomavi.org.br\/index.php?rest_route=%2Fwp%2Fv2%2Fcomments&post=8801"}],"version-history":[{"count":2,"href":"https:\/\/sincomavi.org.br\/index.php?rest_route=\/wp\/v2\/posts\/8801\/revisions"}],"predecessor-version":[{"id":8804,"href":"https:\/\/sincomavi.org.br\/index.php?rest_route=\/wp\/v2\/posts\/8801\/revisions\/8804"}],"wp:featuredmedia":[{"embeddable":true,"href":"https:\/\/sincomavi.org.br\/index.php?rest_route=\/wp\/v2\/media\/8802"}],"wp:attachment":[{"href":"https:\/\/sincomavi.org.br\/index.php?rest_route=%2Fwp%2Fv2%2Fmedia&parent=8801"}],"wp:term":[{"taxonomy":"category","embeddable":true,"href":"https:\/\/sincomavi.org.br\/index.php?rest_route=%2Fwp%2Fv2%2Fcategories&post=8801"},{"taxonomy":"post_tag","embeddable":true,"href":"https:\/\/sincomavi.org.br\/index.php?rest_route=%2Fwp%2Fv2%2Ftags&post=8801"}],"curies":[{"name":"wp","href":"https:\/\/api.w.org\/{rel}","templated":true}]}}