{"id":8620,"date":"2022-08-31T13:47:42","date_gmt":"2022-08-31T16:47:42","guid":{"rendered":"https:\/\/sincomavi.org.br\/?p=8620"},"modified":"2022-08-31T13:47:44","modified_gmt":"2022-08-31T16:47:44","slug":"fgv-registra-aumento-da-confianca","status":"publish","type":"post","link":"https:\/\/sincomavi.org.br\/?p=8620","title":{"rendered":"FGV registra aumento da confian\u00e7a"},"content":{"rendered":"<style>.wp-block-kadence-spacer.kt-block-spacer-_e4934f-c6 .kt-block-spacer{height:60px;}.wp-block-kadence-spacer.kt-block-spacer-_e4934f-c6 .kt-divider{border-top-width:1px;height:1px;border-top-color:#eee;width:80%;border-top-style:solid;}<\/style>\n<div class=\"wp-block-kadence-spacer aligncenter kt-block-spacer-_e4934f-c6\"><div class=\"kt-block-spacer kt-block-spacer-halign-center\"><hr class=\"kt-divider\"\/><\/div><\/div>\n\n\n\n<p>Dois indicadores da Funda\u00e7\u00e3o Getulio Vargas sobre o sentimento do empresariado nacional em rela\u00e7\u00e3o aos neg\u00f3cios e a economia do pa\u00eds contaram em agosto com varia\u00e7\u00e3o positiva. O \u00cdndice de Confian\u00e7a do Com\u00e9rcio teve um avan\u00e7o de 4,3 pontos no per\u00edodo, passando de 95,1 para 99,4 pontos. Rodolpho Tobler, economista do FGV IBRE, comenta que, ao contr\u00e1rio do que vinha ocorrendo em meses anteriores, a alta ocorreu em raz\u00e3o da melhora das expectativas. \u201cA desacelera\u00e7\u00e3o da infla\u00e7\u00e3o, medidas de est\u00edmulo do governo e melhora da confian\u00e7a do consumidor contribuem no \u00e2nimo dos empres\u00e1rios do setor com os pr\u00f3ximos meses\u201d. No entanto, ele faz uma ressalva: \u201cEmbora mais otimistas, isso n\u00e3o tem se refletido nas avalia\u00e7\u00f5es sobre o presente, j\u00e1 que pelo segundo m\u00eas consecutivo os indicadores que medem a demanda seguem em queda\u201d. Em sua opini\u00e3o, nos pr\u00f3ximos meses o indicador deve continuar numa tend\u00eancia de alta. Apesar disso, Rodolpho recomenda cautela em fun\u00e7\u00e3o do ambiente macroecon\u00f4mico permanecer ainda num est\u00e1gio fr\u00e1gil e com alguma oscila\u00e7\u00e3o devido \u00e0 proximidade das elei\u00e7\u00f5es.<\/p>\n\n\n\n<p>J\u00e1 o \u00cdndice de Confian\u00e7a Empresarial (ICE)\u00a0teve uma eleva\u00e7\u00e3o de 2,2 pontos em agosto e atingiu os 100,7 pontos &#8211; maior n\u00edvel alcan\u00e7ado desde agosto de 2021 (102,5 pts.). Aloisio Campelo Jr., superintendente de Estat\u00edsticas do FGV IBRE, explica que, com a alta deste m\u00eas, a confian\u00e7a empresarial retoma a trajet\u00f3ria ascendente iniciada em mar\u00e7o passado. \u201cPela primeira vez desde o in\u00edcio da pandemia, o n\u00edvel da confian\u00e7a dos quatro grandes setores acompanhados se aproxima, sinalizando uma saud\u00e1vel normaliza\u00e7\u00e3o das atividades ap\u00f3s uma crise que afetou de forma bastante heterog\u00eanea os diferentes segmentos econ\u00f4micos\u201d.<\/p>\n\n\n<style>.wp-block-kadence-spacer.kt-block-spacer-_a1e9f4-de .kt-block-spacer{height:60px;}.wp-block-kadence-spacer.kt-block-spacer-_a1e9f4-de .kt-divider{border-top-width:1px;height:1px;border-top-color:#eee;width:80%;border-top-style:solid;}<\/style>\n<div class=\"wp-block-kadence-spacer aligncenter kt-block-spacer-_a1e9f4-de\"><div class=\"kt-block-spacer kt-block-spacer-halign-center\"><hr class=\"kt-divider\"\/><\/div><\/div>\n","protected":false},"excerpt":{"rendered":"<p>Dois indicadores da Funda\u00e7\u00e3o Getulio Vargas sobre o sentimento do empresariado nacional em rela\u00e7\u00e3o aos neg\u00f3cios e a economia do pa\u00eds contaram em agosto com varia\u00e7\u00e3o positiva. O \u00cdndice de Confian\u00e7a do Com\u00e9rcio teve um avan\u00e7o de 4,3 pontos no per\u00edodo, passando de 95,1 para 99,4 pontos. Rodolpho Tobler, economista do FGV IBRE, comenta que, [&hellip;]<\/p>\n","protected":false},"author":1,"featured_media":8621,"comment_status":"closed","ping_status":"open","sticky":false,"template":"","format":"standard","meta":{"tdm_status":"","tdm_grid_status":"","footnotes":""},"categories":[153],"tags":[199,204,632,309,620,160,200],"class_list":["post-8620","post","type-post","status-publish","format-standard","has-post-thumbnail","hentry","category-noticias","tag-comercio","tag-confianca","tag-estudo-setorial","tag-fgv","tag-levantamento","tag-pesquisa","tag-varejo"],"amp_enabled":true,"_links":{"self":[{"href":"https:\/\/sincomavi.org.br\/index.php?rest_route=\/wp\/v2\/posts\/8620","targetHints":{"allow":["GET"]}}],"collection":[{"href":"https:\/\/sincomavi.org.br\/index.php?rest_route=\/wp\/v2\/posts"}],"about":[{"href":"https:\/\/sincomavi.org.br\/index.php?rest_route=\/wp\/v2\/types\/post"}],"author":[{"embeddable":true,"href":"https:\/\/sincomavi.org.br\/index.php?rest_route=\/wp\/v2\/users\/1"}],"replies":[{"embeddable":true,"href":"https:\/\/sincomavi.org.br\/index.php?rest_route=%2Fwp%2Fv2%2Fcomments&post=8620"}],"version-history":[{"count":1,"href":"https:\/\/sincomavi.org.br\/index.php?rest_route=\/wp\/v2\/posts\/8620\/revisions"}],"predecessor-version":[{"id":8622,"href":"https:\/\/sincomavi.org.br\/index.php?rest_route=\/wp\/v2\/posts\/8620\/revisions\/8622"}],"wp:featuredmedia":[{"embeddable":true,"href":"https:\/\/sincomavi.org.br\/index.php?rest_route=\/wp\/v2\/media\/8621"}],"wp:attachment":[{"href":"https:\/\/sincomavi.org.br\/index.php?rest_route=%2Fwp%2Fv2%2Fmedia&parent=8620"}],"wp:term":[{"taxonomy":"category","embeddable":true,"href":"https:\/\/sincomavi.org.br\/index.php?rest_route=%2Fwp%2Fv2%2Fcategories&post=8620"},{"taxonomy":"post_tag","embeddable":true,"href":"https:\/\/sincomavi.org.br\/index.php?rest_route=%2Fwp%2Fv2%2Ftags&post=8620"}],"curies":[{"name":"wp","href":"https:\/\/api.w.org\/{rel}","templated":true}]}}