{"id":8613,"date":"2022-08-29T14:10:41","date_gmt":"2022-08-29T17:10:41","guid":{"rendered":"https:\/\/sincomavi.org.br\/?p=8613"},"modified":"2022-08-29T14:12:01","modified_gmt":"2022-08-29T17:12:01","slug":"aumento-de-precos-no-matcons-perde-folego-em-agosto","status":"publish","type":"post","link":"https:\/\/sincomavi.org.br\/?p=8613","title":{"rendered":"Aumento de pre\u00e7os no matcons perde f\u00f4lego em agosto"},"content":{"rendered":"<style>.wp-block-kadence-spacer.kt-block-spacer-_ebc529-28 .kt-block-spacer{height:60px;}.wp-block-kadence-spacer.kt-block-spacer-_ebc529-28 .kt-divider{border-top-width:1px;height:1px;border-top-color:#eee;width:80%;border-top-style:solid;}<\/style>\n<div class=\"wp-block-kadence-spacer aligncenter kt-block-spacer-_ebc529-28\"><div class=\"kt-block-spacer kt-block-spacer-halign-center\"><hr class=\"kt-divider\"\/><\/div><\/div>\n\n\n\n<p>O \u00cdndice Nacional de Custo da Constru\u00e7\u00e3o &#8211; M (INCC-M), da Funda\u00e7\u00e3o Getulio Vargas,&nbsp;contou, em agosto, com uma varia\u00e7\u00e3o de 0,33% &#8211; resultado inferior ao apurado no m\u00eas anterior (1,16%). O indicador acumula alta de 8,80% no ano e 11,40% em 12 meses.<\/p>\n\n\n\n<p>A taxa relativa a Materiais, Equipamentos e Servi\u00e7os sofreu queda, passando de 0,60% em julho para 0,14% no per\u00edodo analisado. Os custos com M\u00e3o de Obra tamb\u00e9m reduziram a velocidade de expans\u00e3o e alcan\u00e7aram os 0,54% em agosto ap\u00f3s subir 1,76%, no m\u00eas anterior.<br>&nbsp;<\/p>\n\n\n\n<p>As categorias que contaram com os maiores aumentos ficaram por conta de material para pintura (1,41%), revestimentos, lou\u00e7as e pisos (0,98%), madeira para acabamento (0,91%) e pedras ornamentais para constru\u00e7\u00e3o (0,66%). Segundo a pesquisa, houve recuo nos pre\u00e7os de material met\u00e1lico (-1,49%), instala\u00e7\u00e3o hidr\u00e1ulica (-1,17%) e instala\u00e7\u00e3o el\u00e9trica (-0,82%). Em rela\u00e7\u00e3o aos produtos, as varia\u00e7\u00f5es mais relevantes no per\u00edodo foram as seguintes: tubos e conex\u00f5es de ferro e a\u00e7o (+0,85%), condutores el\u00e9tricos (-1,53%), compensados (-0,82%), vergalh\u00f5es e arames de a\u00e7o ao carbono (-0,39%) e tubos e conex\u00f5es de PVC (-0,10%).<\/p>\n\n\n\n<h2 class=\"wp-block-heading\">Confian\u00e7a<\/h2>\n\n\n\n<p>A Funda\u00e7\u00e3o Getulio Vargas tamb\u00e9m divulgou o \u00cdndice de Confian\u00e7a da Constru\u00e7\u00e3o (ICST), que mede o sentimento dos empres\u00e1rios do setor em rela\u00e7\u00e3o aos seus neg\u00f3cios e \u00e0 economia do Brasil. O indicador avan\u00e7ou 1,4 ponto em agosto, alcan\u00e7ando os 98,2 pontos, maior n\u00edvel desde dezembro de 2013 (98,3 pontos). Ana Maria Castelo, coordenadora de Projetos da Constru\u00e7\u00e3o do FGV IBRE, comenta que o aumento da confian\u00e7a no m\u00eas recuperou a queda anterior, embora ainda permane\u00e7a abaixo do n\u00edvel de neutralidade. \u201cApesar de uma percep\u00e7\u00e3o mais favor\u00e1vel sobre a situa\u00e7\u00e3o atual e a despeito das \u00faltimas medidas voltadas ao segmento de habita\u00e7\u00e3o social, as expectativas est\u00e3o mais pessimistas que h\u00e1 um ano, o que sinaliza um cen\u00e1rio ainda desafiador \u00e0 frente. O segmento de infraestrutura registrou maior queda do indicador na compara\u00e7\u00e3o interanual, o que pode ser resultado da perspectiva de desacelera\u00e7\u00e3o dos investimentos relacionados ao ciclo eleitoral. No segmento de Edifica\u00e7\u00f5es Residenciais, as expectativas referentes \u00e0 demanda prevista ficaram mais otimistas na compara\u00e7\u00e3o com julho\u201d.<\/p>\n\n\n<style>.wp-block-kadence-spacer.kt-block-spacer-_6ddcfa-3f .kt-block-spacer{height:60px;}.wp-block-kadence-spacer.kt-block-spacer-_6ddcfa-3f .kt-divider{border-top-width:1px;height:1px;border-top-color:#eee;width:80%;border-top-style:solid;}<\/style>\n<div class=\"wp-block-kadence-spacer aligncenter kt-block-spacer-_6ddcfa-3f\"><div class=\"kt-block-spacer kt-block-spacer-halign-center\"><hr class=\"kt-divider\"\/><\/div><\/div>\n","protected":false},"excerpt":{"rendered":"<p>O \u00cdndice Nacional de Custo da Constru\u00e7\u00e3o &#8211; M (INCC-M), da Funda\u00e7\u00e3o Getulio Vargas,&nbsp;contou, em agosto, com uma varia\u00e7\u00e3o de 0,33% &#8211; resultado inferior ao apurado no m\u00eas anterior (1,16%). O indicador acumula alta de 8,80% no ano e 11,40% em 12 meses. A taxa relativa a Materiais, Equipamentos e Servi\u00e7os sofreu queda, passando de [&hellip;]<\/p>\n","protected":false},"author":1,"featured_media":8614,"comment_status":"closed","ping_status":"open","sticky":false,"template":"","format":"standard","meta":{"tdm_status":"","tdm_grid_status":"","footnotes":""},"categories":[153],"tags":[199,204,309,619,331,620,158,160,237,200],"class_list":["post-8613","post","type-post","status-publish","format-standard","has-post-thumbnail","hentry","category-noticias","tag-comercio","tag-confianca","tag-fgv","tag-incc-m","tag-inflacao","tag-levantamento","tag-material-de-construcao","tag-pesquisa","tag-precos","tag-varejo"],"amp_enabled":true,"_links":{"self":[{"href":"https:\/\/sincomavi.org.br\/index.php?rest_route=\/wp\/v2\/posts\/8613","targetHints":{"allow":["GET"]}}],"collection":[{"href":"https:\/\/sincomavi.org.br\/index.php?rest_route=\/wp\/v2\/posts"}],"about":[{"href":"https:\/\/sincomavi.org.br\/index.php?rest_route=\/wp\/v2\/types\/post"}],"author":[{"embeddable":true,"href":"https:\/\/sincomavi.org.br\/index.php?rest_route=\/wp\/v2\/users\/1"}],"replies":[{"embeddable":true,"href":"https:\/\/sincomavi.org.br\/index.php?rest_route=%2Fwp%2Fv2%2Fcomments&post=8613"}],"version-history":[{"count":2,"href":"https:\/\/sincomavi.org.br\/index.php?rest_route=\/wp\/v2\/posts\/8613\/revisions"}],"predecessor-version":[{"id":8617,"href":"https:\/\/sincomavi.org.br\/index.php?rest_route=\/wp\/v2\/posts\/8613\/revisions\/8617"}],"wp:featuredmedia":[{"embeddable":true,"href":"https:\/\/sincomavi.org.br\/index.php?rest_route=\/wp\/v2\/media\/8614"}],"wp:attachment":[{"href":"https:\/\/sincomavi.org.br\/index.php?rest_route=%2Fwp%2Fv2%2Fmedia&parent=8613"}],"wp:term":[{"taxonomy":"category","embeddable":true,"href":"https:\/\/sincomavi.org.br\/index.php?rest_route=%2Fwp%2Fv2%2Fcategories&post=8613"},{"taxonomy":"post_tag","embeddable":true,"href":"https:\/\/sincomavi.org.br\/index.php?rest_route=%2Fwp%2Fv2%2Ftags&post=8613"}],"curies":[{"name":"wp","href":"https:\/\/api.w.org\/{rel}","templated":true}]}}