{"id":8577,"date":"2022-08-17T11:17:34","date_gmt":"2022-08-17T14:17:34","guid":{"rendered":"https:\/\/sincomavi.org.br\/?p=8577"},"modified":"2022-08-17T11:17:35","modified_gmt":"2022-08-17T14:17:35","slug":"aumento-de-11-na-atividade-economica-em-junho-segundo-fgv","status":"publish","type":"post","link":"https:\/\/sincomavi.org.br\/?p=8577","title":{"rendered":"Aumento de 1,1% na atividade econ\u00f4mica em junho, segundo FGV"},"content":{"rendered":"<style>.wp-block-kadence-spacer.kt-block-spacer-_ded5c5-c5 .kt-block-spacer{height:60px;}.wp-block-kadence-spacer.kt-block-spacer-_ded5c5-c5 .kt-divider{border-top-width:1px;height:1px;border-top-color:#eee;width:80%;border-top-style:solid;}<\/style>\n<div class=\"wp-block-kadence-spacer aligncenter kt-block-spacer-_ded5c5-c5\"><div class=\"kt-block-spacer kt-block-spacer-halign-center\"><hr class=\"kt-divider\"\/><\/div><\/div>\n\n\n\n<p>O\u00a0Monitor do PIB-FGV\u00a0registrou uma eleva\u00e7\u00e3o de 1,1% na atividade econ\u00f4mica no segundo trimestre em compara\u00e7\u00e3o ao primeiro e 0,1% em junho comparado a maio, considerando-se dados com ajuste sazonal. J\u00e1 na compara\u00e7\u00e3o interanual a economia cresceu 3,0% no segundo trimestre e 2,7% em junho. Para Juliana Trece, coordenadora da pesquisa, o crescimento de 1,1% do PIB no 2\u00ba trimestre \u00e9 reflexo do desempenho positivo das tr\u00eas grandes atividades econ\u00f4micas, embora seja esperada uma redu\u00e7\u00e3o do ritmo da atividade econ\u00f4mica no segundo semestre devido aos juros que est\u00e3o em patamares elevados, e a despeito da expectativa de redu\u00e7\u00e3o do ritmo inflacion\u00e1rio. \u201cPela \u00f3tica da demanda, o consumo das fam\u00edlias e a forma\u00e7\u00e3o bruta de capital fixo s\u00e3o os principais componentes a explicar o crescimento do PIB no trimestre\u201d. Em sua opini\u00e3o, \u00e9 poss\u00edvel ainda destacar que os est\u00edmulos aplicados a economia, como a libera\u00e7\u00e3o do FGTS e a redu\u00e7\u00e3o dos pre\u00e7os de alguns produtos considerados essenciais surtiram efeito positivo, pelo menos no curto prazo.<\/p>\n\n\n\n<p>Dados da pesquisa mostram que ocorreu um aumento no consumo das fam\u00edlias de 1,8% no segundo trimestre, comparado ao primeiro e 0,3% em junho frente a maio. Na compara\u00e7\u00e3o interanual houve crescimento de 4,3% no segundo trimestre.<\/p>\n\n\n<style>.wp-block-kadence-spacer.kt-block-spacer-_8957f5-d9 .kt-block-spacer{height:60px;}.wp-block-kadence-spacer.kt-block-spacer-_8957f5-d9 .kt-divider{border-top-width:1px;height:1px;border-top-color:#eee;width:80%;border-top-style:solid;}<\/style>\n<div class=\"wp-block-kadence-spacer aligncenter kt-block-spacer-_8957f5-d9\"><div class=\"kt-block-spacer kt-block-spacer-halign-center\"><hr class=\"kt-divider\"\/><\/div><\/div>\n","protected":false},"excerpt":{"rendered":"<p>O\u00a0Monitor do PIB-FGV\u00a0registrou uma eleva\u00e7\u00e3o de 1,1% na atividade econ\u00f4mica no segundo trimestre em compara\u00e7\u00e3o ao primeiro e 0,1% em junho comparado a maio, considerando-se dados com ajuste sazonal. J\u00e1 na compara\u00e7\u00e3o interanual a economia cresceu 3,0% no segundo trimestre e 2,7% em junho. Para Juliana Trece, coordenadora da pesquisa, o crescimento de 1,1% do [&hellip;]<\/p>\n","protected":false},"author":1,"featured_media":8578,"comment_status":"closed","ping_status":"open","sticky":false,"template":"","format":"standard","meta":{"tdm_status":"","tdm_grid_status":"","footnotes":""},"categories":[153],"tags":[1036,156,620,1037,160],"class_list":["post-8577","post","type-post","status-publish","format-standard","has-post-thumbnail","hentry","category-noticias","tag-atividade-economica","tag-economia","tag-levantamento","tag-monitor-pib-fgv","tag-pesquisa"],"amp_enabled":true,"_links":{"self":[{"href":"https:\/\/sincomavi.org.br\/index.php?rest_route=\/wp\/v2\/posts\/8577","targetHints":{"allow":["GET"]}}],"collection":[{"href":"https:\/\/sincomavi.org.br\/index.php?rest_route=\/wp\/v2\/posts"}],"about":[{"href":"https:\/\/sincomavi.org.br\/index.php?rest_route=\/wp\/v2\/types\/post"}],"author":[{"embeddable":true,"href":"https:\/\/sincomavi.org.br\/index.php?rest_route=\/wp\/v2\/users\/1"}],"replies":[{"embeddable":true,"href":"https:\/\/sincomavi.org.br\/index.php?rest_route=%2Fwp%2Fv2%2Fcomments&post=8577"}],"version-history":[{"count":1,"href":"https:\/\/sincomavi.org.br\/index.php?rest_route=\/wp\/v2\/posts\/8577\/revisions"}],"predecessor-version":[{"id":8579,"href":"https:\/\/sincomavi.org.br\/index.php?rest_route=\/wp\/v2\/posts\/8577\/revisions\/8579"}],"wp:featuredmedia":[{"embeddable":true,"href":"https:\/\/sincomavi.org.br\/index.php?rest_route=\/wp\/v2\/media\/8578"}],"wp:attachment":[{"href":"https:\/\/sincomavi.org.br\/index.php?rest_route=%2Fwp%2Fv2%2Fmedia&parent=8577"}],"wp:term":[{"taxonomy":"category","embeddable":true,"href":"https:\/\/sincomavi.org.br\/index.php?rest_route=%2Fwp%2Fv2%2Fcategories&post=8577"},{"taxonomy":"post_tag","embeddable":true,"href":"https:\/\/sincomavi.org.br\/index.php?rest_route=%2Fwp%2Fv2%2Ftags&post=8577"}],"curies":[{"name":"wp","href":"https:\/\/api.w.org\/{rel}","templated":true}]}}