{"id":8567,"date":"2022-08-16T09:16:00","date_gmt":"2022-08-16T12:16:00","guid":{"rendered":"https:\/\/sincomavi.org.br\/?p=8567"},"modified":"2022-08-15T16:24:30","modified_gmt":"2022-08-15T19:24:30","slug":"carta-de-conjuntura-agosto-de-2022","status":"publish","type":"post","link":"https:\/\/sincomavi.org.br\/?p=8567","title":{"rendered":"Carta de conjuntura &#8211; Agosto de 2022"},"content":{"rendered":"<style>.wp-block-kadence-spacer.kt-block-spacer-_48c985-71 .kt-block-spacer{height:60px;}.wp-block-kadence-spacer.kt-block-spacer-_48c985-71 .kt-divider{border-top-width:1px;height:1px;border-top-color:#eee;width:80%;border-top-style:solid;}<\/style>\n<div class=\"wp-block-kadence-spacer aligncenter kt-block-spacer-_48c985-71\"><div class=\"kt-block-spacer kt-block-spacer-halign-center\"><hr class=\"kt-divider\"\/><\/div><\/div>\n\n\n\n<p>Por Jaime Vasconcellos, economista.<\/p>\n\n\n\n<p>Em nossa carta de conjuntura do m\u00eas passado j\u00e1 mostr\u00e1vamos que as perspectivas para economia em 2022 estavam melhores, enquanto a expectativas com 2023 haviam piorado. Esta tend\u00eancia parece ainda mais concreta ap\u00f3s os principais indicadores macroecon\u00f4micos brasileiros serem atualizados e novamente projetados.<\/p>\n\n\n\n<p>A defla\u00e7\u00e3o de 0,68% no IPCA em julho, conjunta com nova boa possibilidade de redu\u00e7\u00e3o dos n\u00edveis gerais de pre\u00e7os em agosto, mostram que encerraremos o ano com infla\u00e7\u00e3o menor do que se esperava, o que significar\u00e1 um respiro ao indicador mais preocupante de 2022. Outro bom resultado vem do setor de servi\u00e7os, que avan\u00e7ou 0,7% em junho, mostrando consist\u00eancia na expans\u00e3o p\u00f3s-pandemia e carregando consigo o pr\u00f3prio desempenho da economia brasileira.<\/p>\n\n\n\n<p>Da mesma forma em que as boas not\u00edcias s\u00e3o provenientes da redu\u00e7\u00e3o mais acelerada da infla\u00e7\u00e3o e do bom ritmo do setor de servi\u00e7os, chama aten\u00e7\u00e3o a queda expressiva da taxa de desemprego brasileira. Segundo o IBGE, a taxa de desocupa\u00e7\u00e3o do pa\u00eds no segundo trimestre do ano ficou em 9,3%, ante 11,1% do primeiro trimestre de 2022 e de 14,2% no mesmo trimestre de 2021. Seja em rela\u00e7\u00e3o ao in\u00edcio do ano ou em doze meses, houve o crescimento de ocupados em praticamente todas as categorias, sejam empregados (formais ou informais) do setor privado, p\u00fablico e dom\u00e9sticos, bem como das categorias de empregadores e daqueles ocupados por conta pr\u00f3pria (com ou sem CNPJ).<\/p>\n\n\n\n<p>Se os n\u00fameros acima justificam o otimismo, nos parece ser no m\u00ednimo respons\u00e1vel citar o que causa cautela. O freio deste processo, fora as pr\u00f3prias instabilidades trazidas pelo per\u00edodo eleitoral que se horizonta, est\u00e1 no fato de que os juros brasileiros devem atingir em breve os 14% ao ano, o que controla o \u00edmpeto inflacion\u00e1rio, mas diminuir\u00e1 o ritmo econ\u00f4mico de 2023. Outro ponto relevante \u00e9 o n\u00edvel de endividamento das fam\u00edlias. Na cidade de S\u00e3o Paulo, segundo a FecomercioSP, temos o patamar mais elevado da hist\u00f3ria, onde praticamente tr\u00eas em cada quatro fam\u00edlias se mostram endividadas. O acr\u00e9scimo na inadimpl\u00eancia (endividados com contas em atraso) foi pouco sentido ainda, mas todo cuidado \u00e9 pouco, at\u00e9 devido ao impacto do avan\u00e7o dos juros aos consumidores.<\/p>\n\n\n\n<p>Em suma, o que se v\u00ea \u00e9 que no campo econ\u00f4mico para 2022 parece dado: a infla\u00e7\u00e3o ser\u00e1 menor que a esperada e a economia melhor do que anteriormente projetada. A redu\u00e7\u00e3o dos pre\u00e7os internacionais de algumas commodities, a diminui\u00e7\u00e3o do ICMS nos combust\u00edveis e os impactos ainda da retomada p\u00f3s-Covid no setor de servi\u00e7os, respectivamente, explicam tais movimentos. Isto posto, nosso olhar se vira cada vez mais para a corrida eleitoral, seus debates e discursos, ambos por vezes infelizes no que tange a an\u00e1lise real das necessidades socioecon\u00f4micas brasileiras, mas ainda a nossa maior e \u00fanica sa\u00edda para alguma transforma\u00e7\u00e3o estrutural e conjuntural de nossa economia e sociedade.<\/p>\n\n\n\n<h4 class=\"wp-block-heading\">Seguem as nossas proje\u00e7\u00f5es macroecon\u00f4micas para o atual ano:<\/h4>\n\n\n\n<p><strong>PIB<\/strong>: +2%&nbsp;&nbsp;&nbsp;&nbsp;&nbsp;&nbsp;&nbsp;&nbsp;&nbsp;&nbsp; &nbsp;&nbsp;&nbsp;&nbsp;&nbsp;&nbsp;&nbsp;&nbsp;&nbsp;&nbsp;&nbsp;&nbsp;&nbsp;&nbsp;&nbsp;&nbsp;&nbsp;&nbsp;&nbsp;&nbsp;&nbsp;&nbsp;&nbsp;&nbsp;&nbsp;&nbsp;&nbsp;&nbsp;&nbsp;&nbsp;<\/p>\n\n\n\n<p><strong>IPCA<\/strong>: 7,0%&nbsp;&nbsp;&nbsp;&nbsp;&nbsp;&nbsp;&nbsp;&nbsp;&nbsp;&nbsp;&nbsp;&nbsp;&nbsp;&nbsp;&nbsp;&nbsp;&nbsp;&nbsp;&nbsp;&nbsp;&nbsp;&nbsp;&nbsp;&nbsp;&nbsp;&nbsp;&nbsp;&nbsp;&nbsp;&nbsp;&nbsp;&nbsp;&nbsp;&nbsp;&nbsp;&nbsp;&nbsp;&nbsp;&nbsp;&nbsp;<\/p>\n\n\n\n<p><strong>SELIC<\/strong>: 14,0% a.a.<\/p>\n\n\n\n<p><strong>Taxa de C\u00e2mbio:<\/strong> 5,25<\/p>\n\n\n\n<p><strong>Balan\u00e7a comercial<\/strong>: + US$ 65 bi<\/p>\n\n\n\n<p><strong>Vendas do varejo<\/strong>: +1,5%<\/p>\n\n\n\n<p><strong>Volume dos servi\u00e7os<\/strong>: +2,5%<\/p>\n\n\n<style>.wp-block-kadence-spacer.kt-block-spacer-_83d56a-d6 .kt-block-spacer{height:60px;}.wp-block-kadence-spacer.kt-block-spacer-_83d56a-d6 .kt-divider{border-top-width:1px;height:1px;border-top-color:#eee;width:80%;border-top-style:solid;}<\/style>\n<div class=\"wp-block-kadence-spacer aligncenter kt-block-spacer-_83d56a-d6\"><div class=\"kt-block-spacer kt-block-spacer-halign-center\"><hr class=\"kt-divider\"\/><\/div><\/div>\n","protected":false},"excerpt":{"rendered":"<p>Por Jaime Vasconcellos, economista. Em nossa carta de conjuntura do m\u00eas passado j\u00e1 mostr\u00e1vamos que as perspectivas para economia em 2022 estavam melhores, enquanto a expectativas com 2023 haviam piorado. Esta tend\u00eancia parece ainda mais concreta ap\u00f3s os principais indicadores macroecon\u00f4micos brasileiros serem atualizados e novamente projetados. A defla\u00e7\u00e3o de 0,68% no IPCA em julho, [&hellip;]<\/p>\n","protected":false},"author":1,"featured_media":8568,"comment_status":"closed","ping_status":"open","sticky":false,"template":"","format":"standard","meta":{"tdm_status":"","tdm_grid_status":"","footnotes":""},"categories":[210],"tags":[199,250,1027,156,53,772,410,331,273,1026,773,202,203,200,75],"class_list":["post-8567","post","type-post","status-publish","format-standard","has-post-thumbnail","hentry","category-artigos","tag-comercio","tag-credito","tag-dividas","tag-economia","tag-emprego","tag-estimativa","tag-inadimplencia","tag-inflacao","tag-ipca","tag-jaime-vasconcellos","tag-perspectiva","tag-pib","tag-selic","tag-varejo","tag-vendas"],"amp_enabled":true,"_links":{"self":[{"href":"https:\/\/sincomavi.org.br\/index.php?rest_route=\/wp\/v2\/posts\/8567","targetHints":{"allow":["GET"]}}],"collection":[{"href":"https:\/\/sincomavi.org.br\/index.php?rest_route=\/wp\/v2\/posts"}],"about":[{"href":"https:\/\/sincomavi.org.br\/index.php?rest_route=\/wp\/v2\/types\/post"}],"author":[{"embeddable":true,"href":"https:\/\/sincomavi.org.br\/index.php?rest_route=\/wp\/v2\/users\/1"}],"replies":[{"embeddable":true,"href":"https:\/\/sincomavi.org.br\/index.php?rest_route=%2Fwp%2Fv2%2Fcomments&post=8567"}],"version-history":[{"count":1,"href":"https:\/\/sincomavi.org.br\/index.php?rest_route=\/wp\/v2\/posts\/8567\/revisions"}],"predecessor-version":[{"id":8569,"href":"https:\/\/sincomavi.org.br\/index.php?rest_route=\/wp\/v2\/posts\/8567\/revisions\/8569"}],"wp:featuredmedia":[{"embeddable":true,"href":"https:\/\/sincomavi.org.br\/index.php?rest_route=\/wp\/v2\/media\/8568"}],"wp:attachment":[{"href":"https:\/\/sincomavi.org.br\/index.php?rest_route=%2Fwp%2Fv2%2Fmedia&parent=8567"}],"wp:term":[{"taxonomy":"category","embeddable":true,"href":"https:\/\/sincomavi.org.br\/index.php?rest_route=%2Fwp%2Fv2%2Fcategories&post=8567"},{"taxonomy":"post_tag","embeddable":true,"href":"https:\/\/sincomavi.org.br\/index.php?rest_route=%2Fwp%2Fv2%2Ftags&post=8567"}],"curies":[{"name":"wp","href":"https:\/\/api.w.org\/{rel}","templated":true}]}}