{"id":8460,"date":"2022-07-19T08:45:15","date_gmt":"2022-07-19T11:45:15","guid":{"rendered":"https:\/\/sincomavi.org.br\/?p=8460"},"modified":"2022-07-19T08:45:16","modified_gmt":"2022-07-19T11:45:16","slug":"carta-de-conjuntura-julho-de-2022","status":"publish","type":"post","link":"https:\/\/sincomavi.org.br\/?p=8460","title":{"rendered":"Carta de Conjuntura &#8211; julho de 2022"},"content":{"rendered":"<style>.wp-block-kadence-spacer.kt-block-spacer-_cd7b32-11 .kt-block-spacer{height:60px;}.wp-block-kadence-spacer.kt-block-spacer-_cd7b32-11 .kt-divider{border-top-width:1px;height:1px;border-top-color:#eee;width:80%;border-top-style:solid;}<\/style>\n<div class=\"wp-block-kadence-spacer aligncenter kt-block-spacer-_cd7b32-11\"><div class=\"kt-block-spacer kt-block-spacer-halign-center\"><hr class=\"kt-divider\"\/><\/div><\/div>\n\n\n\n<p><strong>Por Jaime Vasconcellos, economista.<\/strong><\/p>\n\n\n\n<p>Em mais uma fotografia da an\u00e1lise conjuntural macroecon\u00f4mica brasileira, destacamos na nossa carta de julho principalmente a melhoria das perspectivas \u00e0 economia em 2022, em detrimento a piora do horizonte para o ano que vem. Em geral, o que se v\u00ea positivamente \u00e9 o mercado apostando em mais PIB &#8211; maior proximidade de +2% do que de +1% -, menos infla\u00e7\u00e3o &#8211; mais pr\u00f3xima de 7,5% do que de 9% &#8211; e menos desemprego, abaixo dos 10% no encerrar do ano.<\/p>\n\n\n\n<p>Mas vamos ponto a ponto. \u00c9 esperado melhor desempenho da economia, pois o mercado de trabalho se mant\u00e9m aquecido, seja observando os bons e significativos saldos de emprego medido pelo CAGED, seja pela tend\u00eancia continua de queda na taxa de desemprego auferida pelo IBGE, que n\u00e3o se restringe ao emprego formal.<\/p>\n\n\n\n<p>A perspectiva de menos infla\u00e7\u00e3o, que inclusive ajuda o desempenho do pr\u00f3prio PIB, se d\u00e1 pela defla\u00e7\u00e3o prevista para julho e baix\u00edssimo avan\u00e7o de pre\u00e7os projetado para agosto, devido sobretudo \u00e0s mudan\u00e7as de al\u00edquotas de ICMS para combust\u00edveis, energia el\u00e9trica, g\u00e1s, comunica\u00e7\u00e3o e transporte. E o desemprego em queda se d\u00e1 n\u00e3o apenas devido ao avan\u00e7o do emprego com carteira assinada em geral, mas tamb\u00e9m pela recupera\u00e7\u00e3o do mercado informal, sendo o setor de servi\u00e7os e turismo carros-chefes deste processo.<\/p>\n\n\n\n<p>Alia-se a este cen\u00e1rio medidas (consideradas em geral populistas) de distribui\u00e7\u00e3o de renda \u00e0 popula\u00e7\u00e3o de mais baixa renda e categorias, como dos caminhoneiros, que injetam recursos na economia. Isto posto, \u00e9 relevante dizer que o que se est\u00e1 fazendo \u00e9 retirar o crescimento econ\u00f4mico de 2023, simplesmente trazendo-o para 2022. Enfim, a conta ser\u00e1 paga no ano que vem.<\/p>\n\n\n\n<p>As mudan\u00e7as nas al\u00edquotas de ICMS v\u00e3o at\u00e9 31 de dezembro, isto \u00e9, em janeiro teremos de volta mais infla\u00e7\u00e3o. O g\u00e1s injetado nas pol\u00edticas de distribui\u00e7\u00e3o de renda cria tamb\u00e9m mais infla\u00e7\u00e3o e eleva consigo o risco fiscal, mesmo com tais pol\u00edticas cessando tamb\u00e9m ao fim de 2022. Fora todo ambiente internacional de recess\u00e3o esperada nos EUA e Europa, que nos impactar\u00e1 menos do que se fosse na China, mas chegar\u00e1 at\u00e9 n\u00f3s.<\/p>\n\n\n\n<p>Em suma, o que se v\u00ea s\u00e3o razo\u00e1veis melhorias de tend\u00eancias para o que ser\u00e1 2022, mesmo com incertezas naturais de um per\u00edodo eleitoral \u00e0 frente. Agora, para 2023 se espera crescimento p\u00edfio e mais juros e infla\u00e7\u00e3o do que anteriormente era projetado. E n\u00e3o podemos nos esquecer, termos melhores perspectivas ao atual ano n\u00e3o inibe constatar como estamos convivendo com cr\u00e9dito mais caro, infla\u00e7\u00e3o persistente (principalmente para camadas de mais baixa renda), \u00edndices recordes de endividamento e inadimpl\u00eancia familiar, bem como a gera\u00e7\u00e3o de emprego de baixa capacita\u00e7\u00e3o, sal\u00e1rios e produtividade. As boas not\u00edcias s\u00e3o de curto prazo.<\/p>\n\n\n\n<p>Com isso, atualizamos<a><\/a> as nossas proje\u00e7\u00f5es macroecon\u00f4micas para o ano de 2022:<\/p>\n\n\n\n<ul class=\"wp-block-list\"><li><strong>PIB<\/strong>: +1,5%\u00a0\u00a0\u00a0\u00a0\u00a0\u00a0\u00a0\u00a0\u00a0\u00a0 \u00a0\u00a0\u00a0\u00a0\u00a0\u00a0\u00a0\u00a0\u00a0\u00a0\u00a0\u00a0\u00a0\u00a0\u00a0\u00a0\u00a0\u00a0\u00a0\u00a0\u00a0\u00a0\u00a0\u00a0\u00a0\u00a0\u00a0\u00a0\u00a0\u00a0<\/li><\/ul>\n\n\n\n<ul class=\"wp-block-list\"><li><strong>IPCA<\/strong>: 7,5%\u00a0\u00a0\u00a0\u00a0\u00a0\u00a0\u00a0\u00a0\u00a0\u00a0\u00a0\u00a0\u00a0\u00a0\u00a0\u00a0\u00a0\u00a0\u00a0\u00a0\u00a0\u00a0\u00a0\u00a0\u00a0\u00a0\u00a0\u00a0\u00a0\u00a0\u00a0\u00a0\u00a0\u00a0\u00a0\u00a0\u00a0\u00a0\u00a0\u00a0<\/li><\/ul>\n\n\n\n<ul class=\"wp-block-list\"><li><strong>SELIC<\/strong>: 13,75%\u00a0\u00a0\u00a0\u00a0\u00a0\u00a0\u00a0\u00a0\u00a0\u00a0<\/li><\/ul>\n\n\n\n<ul class=\"wp-block-list\"><li><strong>Taxa de C\u00e2mbio:<\/strong> 5,15<\/li><\/ul>\n\n\n\n<ul class=\"wp-block-list\"><li><strong>Balan\u00e7a comercial<\/strong>: + US$ 65 bi<\/li><\/ul>\n\n\n\n<ul class=\"wp-block-list\"><li><strong>Vendas do varejo<\/strong>: +1%<\/li><\/ul>\n\n\n\n<ul class=\"wp-block-list\"><li><strong>Volume dos servi\u00e7os<\/strong>: +2%<\/li><\/ul>\n\n\n<style>.wp-block-kadence-spacer.kt-block-spacer-_f268d5-57 .kt-block-spacer{height:60px;}.wp-block-kadence-spacer.kt-block-spacer-_f268d5-57 .kt-divider{border-top-width:1px;height:1px;border-top-color:#eee;width:80%;border-top-style:solid;}<\/style>\n<div class=\"wp-block-kadence-spacer aligncenter kt-block-spacer-_f268d5-57\"><div class=\"kt-block-spacer kt-block-spacer-halign-center\"><hr class=\"kt-divider\"\/><\/div><\/div>\n","protected":false},"excerpt":{"rendered":"<p>Por Jaime Vasconcellos, economista. Em mais uma fotografia da an\u00e1lise conjuntural macroecon\u00f4mica brasileira, destacamos na nossa carta de julho principalmente a melhoria das perspectivas \u00e0 economia em 2022, em detrimento a piora do horizonte para o ano que vem. Em geral, o que se v\u00ea positivamente \u00e9 o mercado apostando em mais PIB &#8211; maior [&hellip;]<\/p>\n","protected":false},"author":1,"featured_media":8461,"comment_status":"closed","ping_status":"open","sticky":false,"template":"","format":"standard","meta":{"tdm_status":"","tdm_grid_status":"","footnotes":""},"categories":[210],"tags":[275,89,272,199,156,53,772,331,273,773,202,203,274,200,75],"class_list":["post-8460","post","type-post","status-publish","format-standard","has-post-thumbnail","hentry","category-artigos","tag-balanca-comercial","tag-caged","tag-carta-de-conjuntura","tag-comercio","tag-economia","tag-emprego","tag-estimativa","tag-inflacao","tag-ipca","tag-perspectiva","tag-pib","tag-selic","tag-taxa-de-cambio","tag-varejo","tag-vendas"],"amp_enabled":true,"_links":{"self":[{"href":"https:\/\/sincomavi.org.br\/index.php?rest_route=\/wp\/v2\/posts\/8460","targetHints":{"allow":["GET"]}}],"collection":[{"href":"https:\/\/sincomavi.org.br\/index.php?rest_route=\/wp\/v2\/posts"}],"about":[{"href":"https:\/\/sincomavi.org.br\/index.php?rest_route=\/wp\/v2\/types\/post"}],"author":[{"embeddable":true,"href":"https:\/\/sincomavi.org.br\/index.php?rest_route=\/wp\/v2\/users\/1"}],"replies":[{"embeddable":true,"href":"https:\/\/sincomavi.org.br\/index.php?rest_route=%2Fwp%2Fv2%2Fcomments&post=8460"}],"version-history":[{"count":1,"href":"https:\/\/sincomavi.org.br\/index.php?rest_route=\/wp\/v2\/posts\/8460\/revisions"}],"predecessor-version":[{"id":8462,"href":"https:\/\/sincomavi.org.br\/index.php?rest_route=\/wp\/v2\/posts\/8460\/revisions\/8462"}],"wp:featuredmedia":[{"embeddable":true,"href":"https:\/\/sincomavi.org.br\/index.php?rest_route=\/wp\/v2\/media\/8461"}],"wp:attachment":[{"href":"https:\/\/sincomavi.org.br\/index.php?rest_route=%2Fwp%2Fv2%2Fmedia&parent=8460"}],"wp:term":[{"taxonomy":"category","embeddable":true,"href":"https:\/\/sincomavi.org.br\/index.php?rest_route=%2Fwp%2Fv2%2Fcategories&post=8460"},{"taxonomy":"post_tag","embeddable":true,"href":"https:\/\/sincomavi.org.br\/index.php?rest_route=%2Fwp%2Fv2%2Ftags&post=8460"}],"curies":[{"name":"wp","href":"https:\/\/api.w.org\/{rel}","templated":true}]}}