{"id":8213,"date":"2022-05-30T08:47:00","date_gmt":"2022-05-30T11:47:00","guid":{"rendered":"https:\/\/sincomavi.org.br\/?p=8213"},"modified":"2022-05-19T13:52:58","modified_gmt":"2022-05-19T16:52:58","slug":"feriado-de-corpus-christi-16-de-junho-de-2022-foi-antecipado-em-sao-paulo-sp","status":"publish","type":"post","link":"https:\/\/sincomavi.org.br\/?p=8213","title":{"rendered":"Feriado de Corpus Christi, 16 de junho de 2022, foi antecipado em S\u00e3o Paulo (SP)"},"content":{"rendered":"<style>.wp-block-kadence-spacer.kt-block-spacer-_1b182c-c6 .kt-block-spacer{height:60px;}.wp-block-kadence-spacer.kt-block-spacer-_1b182c-c6 .kt-divider{border-top-width:1px;height:1px;border-top-color:#eee;width:80%;border-top-style:solid;}<\/style>\n<div class=\"wp-block-kadence-spacer aligncenter kt-block-spacer-_1b182c-c6\"><div class=\"kt-block-spacer kt-block-spacer-halign-center\"><hr class=\"kt-divider\"\/><\/div><\/div>\n\n\n\n<p>A Prefeitura Municipal de S\u00e3o Paulo, em mar\u00e7o de 2021, tomou uma s\u00e9rie de medidas para aumentar o isolamento social e combater a pandemia da Covid-19. Entre as quais consta a antecipa\u00e7\u00e3o de alguns feriados municipais. Por essa raz\u00e3o, a celebra\u00e7\u00e3o de Corpus Christi, que tradicionalmente ocorre em 16 de junho, foi antecipada.<\/p>\n\n\n\n<p>Dessa forma, o tratamento dispensado em rela\u00e7\u00e3o ao pr\u00f3ximo dia 16 de junho depender\u00e1 da pol\u00edtica adotada naquela \u00e9poca por cada empresa:<\/p>\n\n\n\n<p><strong>a) com\u00e9rcios que optaram por antecipar o feriado:<\/strong><\/p>\n\n\n\n<p>\u2013 16 de junho dever\u00e1 ser considerada data comercial normal.<\/p>\n\n\n\n<p><strong>b) com\u00e9rcios que operaram normalmente (n\u00e3o anteciparam):<\/strong><\/p>\n\n\n\n<p>\u2013 16 de junho dever\u00e1 ser considerado feriado.<\/p>\n\n\n\n<p>Importante ressaltar que essa medida foi estabelecida pela prefeitura da capital e possui validade somente em seu territ\u00f3rio. Outros munic\u00edpios podem, ou n\u00e3o, ter tomado medida semelhante e para melhor elucida\u00e7\u00e3o se mostra necess\u00e1rio consulta \u00e0 legisla\u00e7\u00e3o local.<\/p>\n\n\n\n<p>\u00c9 preciso lembrar tamb\u00e9m que as empresas que forem abrir nessa data (e em outros feriados ou domingos) dever\u00e3o possuir o Certificado e seguir as normas a respeito, previstos em nossas CCTs e Termos de Aditamento, para evitar problemas e passivos trabalhistas.<\/p>\n\n\n\n<p>Mais detalhes podem ser obtidos no link dos bot\u00f5es abaixo:<\/p>\n\n\n\n<div style=\"height:13px\" aria-hidden=\"true\" class=\"wp-block-spacer\"><\/div>\n\n\n<style>.wp-block-kadence-advancedbtn.kb-btns_fd5549-9d{gap:var(--global-kb-gap-xs, 0.5rem );justify-content:center;align-items:center;}.kt-btns_fd5549-9d .kt-button{font-weight:normal;font-style:normal;}.kt-btns_fd5549-9d .kt-btn-wrap-0{margin-right:5px;}.wp-block-kadence-advancedbtn.kt-btns_fd5549-9d .kt-btn-wrap-0 .kt-button{color:#555555;border-color:#555555;}.wp-block-kadence-advancedbtn.kt-btns_fd5549-9d .kt-btn-wrap-0 .kt-button:hover, .wp-block-kadence-advancedbtn.kt-btns_fd5549-9d .kt-btn-wrap-0 .kt-button:focus{color:#ffffff;border-color:#444444;}.wp-block-kadence-advancedbtn.kt-btns_fd5549-9d .kt-btn-wrap-0 .kt-button::before{display:none;}.wp-block-kadence-advancedbtn.kt-btns_fd5549-9d .kt-btn-wrap-0 .kt-button:hover, .wp-block-kadence-advancedbtn.kt-btns_fd5549-9d .kt-btn-wrap-0 .kt-button:focus{background:#444444;}<\/style>\n<div class=\"wp-block-kadence-advancedbtn kt-btn-align-center kt-btn-tablet-align-inherit kt-btn-mobile-align-inherit kt-btns-wrap kt-btns_fd5549-9d\"><div class=\"kt-btn-wrap kt-btn-wrap-0\"><a class=\"kt-button button kt-btn-0-action kt-btn-size-standard kt-btn-style-basic kt-btn-svg-show-always kt-btn-has-text-true kt-btn-has-svg-false\" href=\"https:\/\/sincomavi.org.br\/requerimentos-e-declaracoes\/\"><span class=\"kt-btn-inner-text\">REQUERIMENTO PARA ABERTURA AOS DOMINGOS E FERIADOS<\/span><\/a><\/div><\/div>\n\n\n\n<div style=\"height:13px\" aria-hidden=\"true\" class=\"wp-block-spacer\"><\/div>\n\n\n<style>.wp-block-kadence-advancedbtn.kb-btns_932ec6-70{gap:var(--global-kb-gap-xs, 0.5rem );justify-content:center;align-items:center;}.kt-btns_932ec6-70 .kt-button{font-weight:normal;font-style:normal;}.kt-btns_932ec6-70 .kt-btn-wrap-0{margin-right:5px;}.wp-block-kadence-advancedbtn.kt-btns_932ec6-70 .kt-btn-wrap-0 .kt-button{color:#555555;border-color:#555555;}.wp-block-kadence-advancedbtn.kt-btns_932ec6-70 .kt-btn-wrap-0 .kt-button:hover, .wp-block-kadence-advancedbtn.kt-btns_932ec6-70 .kt-btn-wrap-0 .kt-button:focus{color:#ffffff;border-color:#444444;}.wp-block-kadence-advancedbtn.kt-btns_932ec6-70 .kt-btn-wrap-0 .kt-button::before{display:none;}.wp-block-kadence-advancedbtn.kt-btns_932ec6-70 .kt-btn-wrap-0 .kt-button:hover, .wp-block-kadence-advancedbtn.kt-btns_932ec6-70 .kt-btn-wrap-0 .kt-button:focus{background:#444444;}<\/style>\n<div class=\"wp-block-kadence-advancedbtn kt-btn-align-center kt-btn-tablet-align-inherit kt-btn-mobile-align-inherit kt-btns-wrap kt-btns_932ec6-70\"><div class=\"kt-btn-wrap kt-btn-wrap-0\"><a class=\"kt-button button kt-btn-0-action kt-btn-size-standard kt-btn-style-basic kt-btn-svg-show-always kt-btn-has-text-true kt-btn-has-svg-false\" href=\"#\"><span class=\"kt-btn-inner-text\">DECRETO MUNICIPAL 60.131<\/span><\/a><\/div><\/div>\n\n\n<style>.wp-block-kadence-spacer.kt-block-spacer-_ce3730-1f .kt-block-spacer{height:60px;}.wp-block-kadence-spacer.kt-block-spacer-_ce3730-1f .kt-divider{border-top-width:1px;height:1px;border-top-color:#eee;width:80%;border-top-style:solid;}<\/style>\n<div class=\"wp-block-kadence-spacer aligncenter kt-block-spacer-_ce3730-1f\"><div class=\"kt-block-spacer kt-block-spacer-halign-center\"><hr class=\"kt-divider\"\/><\/div><\/div>\n","protected":false},"excerpt":{"rendered":"<p>A Prefeitura Municipal de S\u00e3o Paulo, em mar\u00e7o de 2021, tomou uma s\u00e9rie de medidas para aumentar o isolamento social e combater a pandemia da Covid-19. Entre as quais consta a antecipa\u00e7\u00e3o de alguns feriados municipais. Por essa raz\u00e3o, a celebra\u00e7\u00e3o de Corpus Christi, que tradicionalmente ocorre em 16 de junho, foi antecipada. Dessa forma, [&hellip;]<\/p>\n","protected":false},"author":1,"featured_media":8214,"comment_status":"closed","ping_status":"open","sticky":false,"template":"","format":"standard","meta":{"tdm_status":"","tdm_grid_status":"","footnotes":""},"categories":[157],"tags":[538,964,965,141,963,219],"class_list":["post-8213","post","type-post","status-publish","format-standard","has-post-thumbnail","hentry","category-alerta","tag-capital","tag-corpus-christi","tag-decreto-60-131","tag-domingos-e-feriados","tag-feriado-antecipado","tag-sao-paulo"],"amp_enabled":true,"_links":{"self":[{"href":"https:\/\/sincomavi.org.br\/index.php?rest_route=\/wp\/v2\/posts\/8213","targetHints":{"allow":["GET"]}}],"collection":[{"href":"https:\/\/sincomavi.org.br\/index.php?rest_route=\/wp\/v2\/posts"}],"about":[{"href":"https:\/\/sincomavi.org.br\/index.php?rest_route=\/wp\/v2\/types\/post"}],"author":[{"embeddable":true,"href":"https:\/\/sincomavi.org.br\/index.php?rest_route=\/wp\/v2\/users\/1"}],"replies":[{"embeddable":true,"href":"https:\/\/sincomavi.org.br\/index.php?rest_route=%2Fwp%2Fv2%2Fcomments&post=8213"}],"version-history":[{"count":1,"href":"https:\/\/sincomavi.org.br\/index.php?rest_route=\/wp\/v2\/posts\/8213\/revisions"}],"predecessor-version":[{"id":8215,"href":"https:\/\/sincomavi.org.br\/index.php?rest_route=\/wp\/v2\/posts\/8213\/revisions\/8215"}],"wp:featuredmedia":[{"embeddable":true,"href":"https:\/\/sincomavi.org.br\/index.php?rest_route=\/wp\/v2\/media\/8214"}],"wp:attachment":[{"href":"https:\/\/sincomavi.org.br\/index.php?rest_route=%2Fwp%2Fv2%2Fmedia&parent=8213"}],"wp:term":[{"taxonomy":"category","embeddable":true,"href":"https:\/\/sincomavi.org.br\/index.php?rest_route=%2Fwp%2Fv2%2Fcategories&post=8213"},{"taxonomy":"post_tag","embeddable":true,"href":"https:\/\/sincomavi.org.br\/index.php?rest_route=%2Fwp%2Fv2%2Ftags&post=8213"}],"curies":[{"name":"wp","href":"https:\/\/api.w.org\/{rel}","templated":true}]}}