{"id":8025,"date":"2022-04-13T11:41:25","date_gmt":"2022-04-13T14:41:25","guid":{"rendered":"https:\/\/sincomavi.org.br\/?p=8025"},"modified":"2022-04-13T11:52:51","modified_gmt":"2022-04-13T14:52:51","slug":"a-pressao-da-inflacao-da-pandemia-sobre-as-familias-mais-pobres","status":"publish","type":"post","link":"https:\/\/sincomavi.org.br\/?p=8025","title":{"rendered":"A press\u00e3o da infla\u00e7\u00e3o da pandemia sobre as fam\u00edlias mais pobres"},"content":{"rendered":"<style>.wp-block-kadence-spacer.kt-block-spacer-_14bba3-06 .kt-block-spacer{height:60px;}.wp-block-kadence-spacer.kt-block-spacer-_14bba3-06 .kt-divider{border-top-width:1px;height:1px;border-top-color:#eee;width:80%;border-top-style:solid;}<\/style>\n<div class=\"wp-block-kadence-spacer aligncenter kt-block-spacer-_14bba3-06\"><div class=\"kt-block-spacer kt-block-spacer-halign-center\"><hr class=\"kt-divider\"\/><\/div><\/div>\n\n\n\n<p><strong>Por Aloisio Campelo Jr., Andr\u00e9 Braz, Ta\u00edse Lyra e J\u00falio C\u00e9sar de Azevedo.<\/strong><br> <a href=\"https:\/\/portalibre.fgv.br\/\" target=\"_blank\" rel=\"noreferrer noopener\"><strong>Funda\u00e7\u00e3o Getulio Vargas &#8211; Instituto Brasileiro de Economia (FGV-IBRE).<\/strong><\/a><\/p>\n\n\n\n<div style=\"height:16px\" aria-hidden=\"true\" class=\"wp-block-spacer\"><\/div>\n\n\n\n<p>O drag\u00e3o da infla\u00e7\u00e3o \u00e9 um velho conhecido dos brasileiros. Foi domado com a chegada do Plano Real mas, vez por outra, volta a ocupar as primeiras p\u00e1ginas dos jornais. A preocupa\u00e7\u00e3o se justifica. N\u00edveis elevados de infla\u00e7\u00e3o provocam aloca\u00e7\u00e3o ineficiente de recursos, aumentam a incerteza, desorganizam a economia e afetam o bem-estar, principalmente dos segmentos mais carentes da sociedade. Isso se torna ainda mais grave em um pa\u00eds com grande desigualdade social como o Brasil, j\u00e1 que as fam\u00edlias de baixa renda possuem menos reservas de poupan\u00e7a e menor flexibilidade or\u00e7ament\u00e1ria para enfrentar os per\u00edodos de carestia.&nbsp;<\/p>\n\n\n\n<p>Os principais \u00edndices de infla\u00e7\u00e3o ajudam a entender como est\u00e1 evoluindo a infla\u00e7\u00e3o geral no pa\u00eds embora representem cestas de consumo muito abrangentes das fam\u00edlias. N\u00e3o permitem, portanto, entender como a infla\u00e7\u00e3o afeta or\u00e7amentos de distintos padr\u00f5es de renda familiar.&nbsp;<\/p>\n\n\n\n<p>Neste artigo procuramos analisar como evoluiu a infla\u00e7\u00e3o em diferentes n\u00edveis de renda familiar desde o in\u00edcio de 2020, per\u00edodo em que o drag\u00e3o voltou a assombrar o pa\u00eds e a infla\u00e7\u00e3o vem persistentemente se situando acima da meta estabelecida pela autoridade monet\u00e1ria, comprometendo or\u00e7amentos familiares e iniciando um ciclo de alta dos juros que j\u00e1 dura 12 meses e elevou a Selic de 2% a.a. para 11,75% a.a. entre mar\u00e7o de 2021 e mar\u00e7o de 2022.&nbsp;<\/p>\n\n\n\n<p>Com a abertura por decis de renda familiar podemos identificar que parcela da sociedade est\u00e1 sendo mais afetada pelo processo inflacion\u00e1rio, ilustrando o fato de que nem sempre a infla\u00e7\u00e3o atinge todas as fam\u00edlias com a mesma intensidade.&nbsp;<\/p>\n\n\n\n<p>A tabela 1 a seguir mostra como fam\u00edlias com distintos n\u00edveis de renda perceberam a infla\u00e7\u00e3o nos \u00faltimos dois anos. Os decis de renda foram determinados de acordo com a renda das fam\u00edlias, segundo dados da Pesquisa de Or\u00e7amentos Familiares (POF) do Instituto Brasileiro de Geografia e Estat\u00edstica (IBGE), criando dez diferentes estruturas de pondera\u00e7\u00e3o para o IPC-Brasil, o \u00cdndice de Pre\u00e7os ao Consumidor do FGV IBRE.<\/p>\n\n\n\n<div class=\"wp-block-image\"><figure class=\"aligncenter size-full\"><img loading=\"lazy\" decoding=\"async\" width=\"550\" height=\"468\" src=\"https:\/\/sincomavi.org.br\/wp-content\/uploads\/2022\/04\/FGV_ARTIGO1.jpg\" alt=\"\" class=\"wp-image-8026\" srcset=\"https:\/\/sincomavi.org.br\/wp-content\/uploads\/2022\/04\/FGV_ARTIGO1.jpg 550w, https:\/\/sincomavi.org.br\/wp-content\/uploads\/2022\/04\/FGV_ARTIGO1-300x255.jpg 300w, https:\/\/sincomavi.org.br\/wp-content\/uploads\/2022\/04\/FGV_ARTIGO1-494x420.jpg 494w\" sizes=\"auto, (max-width: 550px) 100vw, 550px\" \/><figcaption><strong>Fonte: Elabora\u00e7\u00e3o FGV IBRE com dados da POF\/IBGE<\/strong><\/figcaption><\/figure><\/div>\n\n\n\n<div class=\"wp-block-image\"><figure class=\"aligncenter size-full\"><img loading=\"lazy\" decoding=\"async\" width=\"502\" height=\"404\" src=\"https:\/\/sincomavi.org.br\/wp-content\/uploads\/2022\/04\/FGV2.png\" alt=\"\" class=\"wp-image-8027\" srcset=\"https:\/\/sincomavi.org.br\/wp-content\/uploads\/2022\/04\/FGV2.png 502w, https:\/\/sincomavi.org.br\/wp-content\/uploads\/2022\/04\/FGV2-300x241.png 300w\" sizes=\"auto, (max-width: 502px) 100vw, 502px\" \/><figcaption>Fonte: elabora\u00e7\u00e3o FGV-IBRE<\/figcaption><\/figure><\/div>\n\n\n\n<div class=\"wp-block-image\"><figure class=\"aligncenter size-full\"><img loading=\"lazy\" decoding=\"async\" width=\"500\" height=\"400\" src=\"https:\/\/sincomavi.org.br\/wp-content\/uploads\/2022\/04\/FGV3.png\" alt=\"\" class=\"wp-image-8028\" srcset=\"https:\/\/sincomavi.org.br\/wp-content\/uploads\/2022\/04\/FGV3.png 500w, https:\/\/sincomavi.org.br\/wp-content\/uploads\/2022\/04\/FGV3-300x240.png 300w\" sizes=\"auto, (max-width: 500px) 100vw, 500px\" \/><figcaption>Fonte: elabora\u00e7\u00e3o FGV-IBRE<\/figcaption><\/figure><\/div>\n\n\n\n<p><strong>[1]<\/strong> A estrutura de pondera\u00e7\u00e3o do IPC-Brasil do FGV IBRE leva em considera\u00e7\u00e3o fam\u00edlias com renda mensal entre 1 e 33 sal\u00e1rios m\u00ednimos. Pra facilitar, descrevemos neste artigo os limites da primeira e \u00faltima faixas da seguinte forma: \u201cat\u00e9 1,5 sal\u00e1rio m\u00ednimo\u201d e \u201cacima de R\uff0411,5 sal\u00e1rios m\u00ednimos\u201d, respectivamente.<\/p>\n\n\n\n<p>A infla\u00e7\u00e3o foi decrescente com a renda em 2020 tamb\u00e9m pelo fato de que, dentro dos grupos Alimenta\u00e7\u00e3o e Habita\u00e7\u00e3o, a press\u00e3o de pre\u00e7os foi maior para as fam\u00edlias de baixa renda. Enquanto as fam\u00edlias do primeiro decil de renda enfrentaram alta de 16,7% nos pre\u00e7os dos alimentos, as do \u00faltimo decil registraram alta de 10,3%. Analogamente, a infla\u00e7\u00e3o dos itens de habita\u00e7\u00e3o foi de 6,60% para os mais pobres e de 4,68% para os mais ricos.<\/p>\n\n\n\n<p>A tabela 2 a seguir, mostra que os dois grupos responderam por 85% da infla\u00e7\u00e3o de 7,0% das fam\u00edlias de baixa renda e 63% da infla\u00e7\u00e3o de 4,3% das fam\u00edlias mais abastadas naquele ano.<\/p>\n\n\n\n<h3 class=\"has-text-align-center wp-block-heading\"><strong>Tabela 2 &#8212; Principais influ\u00eancias por Classes de Despesa em 2020, segundo IPC-Brasil (FGV)<\/strong><\/h3>\n\n\n\n<div class=\"wp-block-image\"><figure class=\"aligncenter size-full\"><img loading=\"lazy\" decoding=\"async\" width=\"923\" height=\"369\" src=\"https:\/\/sincomavi.org.br\/wp-content\/uploads\/2022\/04\/FGV4.png\" alt=\"\" class=\"wp-image-8029\" srcset=\"https:\/\/sincomavi.org.br\/wp-content\/uploads\/2022\/04\/FGV4.png 923w, https:\/\/sincomavi.org.br\/wp-content\/uploads\/2022\/04\/FGV4-300x120.png 300w, https:\/\/sincomavi.org.br\/wp-content\/uploads\/2022\/04\/FGV4-768x307.png 768w, https:\/\/sincomavi.org.br\/wp-content\/uploads\/2022\/04\/FGV4-640x256.png 640w, https:\/\/sincomavi.org.br\/wp-content\/uploads\/2022\/04\/FGV4-681x272.png 681w\" sizes=\"auto, (max-width: 923px) 100vw, 923px\" \/><figcaption> Fonte: elabora\u00e7\u00e3o FGV-IBRE <\/figcaption><\/figure><\/div>\n\n\n\n<p>Analisando mais detidamente a infla\u00e7\u00e3o das fam\u00edlias com renda at\u00e9 1,5 sal\u00e1rio m\u00ednimo (SM), nota-se que todos os 10 itens com maior influ\u00eancia na infla\u00e7\u00e3o de 2020 pertencem aos grupos Alimenta\u00e7\u00e3o e Habita\u00e7\u00e3o, com destaque para&nbsp;<em>tarifa de eletricidade, arroz, g\u00e1s de buj\u00e3o e \u00f3leo de soja<\/em>, todos com altas acima da m\u00e9dia da infla\u00e7\u00e3o no ano.<\/p>\n\n\n\n<h3 class=\"has-text-align-center wp-block-heading\"><strong>Tabela 3 &#8212; Maiores influ\u00eancias positivas, segundo IPC-Brasil (FGV) por classes de renda<\/strong><\/h3>\n\n\n\n<figure class=\"wp-block-image size-large\"><img loading=\"lazy\" decoding=\"async\" width=\"1024\" height=\"381\" src=\"https:\/\/sincomavi.org.br\/wp-content\/uploads\/2022\/04\/FGV5-1024x381.png\" alt=\"\" class=\"wp-image-8031\" srcset=\"https:\/\/sincomavi.org.br\/wp-content\/uploads\/2022\/04\/FGV5-1024x381.png 1024w, https:\/\/sincomavi.org.br\/wp-content\/uploads\/2022\/04\/FGV5-300x112.png 300w, https:\/\/sincomavi.org.br\/wp-content\/uploads\/2022\/04\/FGV5-768x286.png 768w, https:\/\/sincomavi.org.br\/wp-content\/uploads\/2022\/04\/FGV5-640x238.png 640w, https:\/\/sincomavi.org.br\/wp-content\/uploads\/2022\/04\/FGV5-681x254.png 681w, https:\/\/sincomavi.org.br\/wp-content\/uploads\/2022\/04\/FGV5.png 1090w\" sizes=\"auto, (max-width: 1024px) 100vw, 1024px\" \/><figcaption> <strong>Fonte: Elabora\u00e7\u00e3o FGV IBRE com dados da POF\/IBGE<\/strong> <\/figcaption><\/figure>\n\n\n\n<p>No caso das fam\u00edlias com renda superior a 11,5 SM, somente cinco dos dez itens de maior influ\u00eancia vieram dos grupos Alimenta\u00e7\u00e3o e Habita\u00e7\u00e3o. Entre os destaques para esta faixa de renda h\u00e1 diversos itens com peso muito baixo entre as fam\u00edlias de menor renda, como os&nbsp;<em>autom\u00f3veis novos<\/em>&nbsp;e&nbsp;<em>passagens a\u00e9reas<\/em>.<\/p>\n\n\n\n<p>Os n\u00fameros mostram que a infla\u00e7\u00e3o de 2020 foi pouco democr\u00e1tica, terminando por exacerbar as dificuldades das fam\u00edlias de baixa renda e neutralizando parte do impacto positivo das medidas emergenciais de combate aos efeitos nocivos da pandemia de covid-19 sobre a economia. Ainda em 2020, a infla\u00e7\u00e3o das fam\u00edlias mais ricas foi mitigada por fatores como o adiamento do reajuste dos planos de sa\u00fade e por descontos concedidos por escolas particulares em fun\u00e7\u00e3o da pr\u00e1tica do Ensino \u00e0 Dist\u00e2ncia (EAD).<\/p>\n\n\n\n<h3 class=\"has-text-align-center wp-block-heading\"><strong>2021: a infla\u00e7\u00e3o se democratiza (no mau sentido)<\/strong><\/h3>\n\n\n\n<p>Em 2021, a infla\u00e7\u00e3o acelerou para todos os grupos de renda e foi, de forma n\u00e3o virtuosa, mais \u201cdemocr\u00e1tica\u201d, com o maior espalhamento dos reajustes de pre\u00e7os. Embora n\u00e3o muito distantes das demais, as taxas mais elevadas ocorreram em classes intermedi\u00e1rias de renda, em outras palavras, na classe m\u00e9dia, como mostra a tabela 1. Entre os mais pobres, os grupos Alimenta\u00e7\u00e3o e Habita\u00e7\u00e3o continuaram sendo os vil\u00f5es, mas os Transportes surgiram como um novo fator de press\u00e3o para a infla\u00e7\u00e3o de 8,88% deste grupo no ano. Entre os mais ricos, a alta de 18,5% nos pre\u00e7os de Transportes respondeu por nada menos que 43% da infla\u00e7\u00e3o de 8,72% no ano. Entre os itens que mais influenciaram neste resultado est\u00e3o as altas de pre\u00e7os de 49,12% da gasolina, 10,66% do autom\u00f3vel novo e de 42,67% nas passagens a\u00e9reas.<\/p>\n\n\n\n<h3 class=\"has-text-align-center wp-block-heading\"><strong>Tabela 4 &#8212; Principais influ\u00eancias por Classes de Despesa em 2021, segundo IPC-Brasil (FGV)<\/strong><\/h3>\n\n\n\n<div class=\"wp-block-image\"><figure class=\"aligncenter size-full\"><img loading=\"lazy\" decoding=\"async\" width=\"939\" height=\"425\" src=\"https:\/\/sincomavi.org.br\/wp-content\/uploads\/2022\/04\/FGV6.png\" alt=\"\" class=\"wp-image-8032\" srcset=\"https:\/\/sincomavi.org.br\/wp-content\/uploads\/2022\/04\/FGV6.png 939w, https:\/\/sincomavi.org.br\/wp-content\/uploads\/2022\/04\/FGV6-300x136.png 300w, https:\/\/sincomavi.org.br\/wp-content\/uploads\/2022\/04\/FGV6-768x348.png 768w, https:\/\/sincomavi.org.br\/wp-content\/uploads\/2022\/04\/FGV6-928x420.png 928w, https:\/\/sincomavi.org.br\/wp-content\/uploads\/2022\/04\/FGV6-640x290.png 640w, https:\/\/sincomavi.org.br\/wp-content\/uploads\/2022\/04\/FGV6-681x308.png 681w\" sizes=\"auto, (max-width: 939px) 100vw, 939px\" \/><figcaption>  <strong>Fonte: Elabora\u00e7\u00e3o FGV IBRE com dados da POF\/IBGE<\/strong>  <\/figcaption><\/figure><\/div>\n\n\n\n<p>Os energ\u00e9ticos foram os novos grandes vil\u00f5es da infla\u00e7\u00e3o em 2021, ano em que gasolina, energia, diesel, GLP e etanol representaram quase 50% do IPC-Brasil.<\/p>\n\n\n\n<p>A tabela 5 apresenta as despesas que mais impactaram os or\u00e7amentos das fam\u00edlias em 2021. Para as fam\u00edlias de baixa renda, as tr\u00eas primeiras posi\u00e7\u00f5es foram ocupadas por itens de energia, que responderam por 48% da infla\u00e7\u00e3o. A press\u00e3o da infla\u00e7\u00e3o deste grupo tamb\u00e9m foi grande para as fam\u00edlias mais ricas. E como o grupo transportes onera 20% do or\u00e7amento dos mais ricos, o reajuste dos combust\u00edveis impactou significativamente o custo de vida destas fam\u00edlias, superando as participa\u00e7\u00f5es dos grupos Habita\u00e7\u00e3o (21,4%) e Alimenta\u00e7\u00e3o (15%).<\/p>\n\n\n\n<h3 class=\"has-text-align-center wp-block-heading\"><strong>Gr\u00e1fico 2 &#8211; Peso do grupo Transportes por decis de renda<\/strong><\/h3>\n\n\n\n<div class=\"wp-block-image\"><figure class=\"aligncenter size-full\"><img loading=\"lazy\" decoding=\"async\" width=\"577\" height=\"311\" src=\"https:\/\/sincomavi.org.br\/wp-content\/uploads\/2022\/04\/FGV7.png\" alt=\"\" class=\"wp-image-8033\" srcset=\"https:\/\/sincomavi.org.br\/wp-content\/uploads\/2022\/04\/FGV7.png 577w, https:\/\/sincomavi.org.br\/wp-content\/uploads\/2022\/04\/FGV7-300x162.png 300w\" sizes=\"auto, (max-width: 577px) 100vw, 577px\" \/><figcaption>  Fonte: elabora\u00e7\u00e3o FGV-IBRE  <\/figcaption><\/figure><\/div>\n\n\n\n<h3 class=\"has-text-align-center wp-block-heading\"><strong>Tabela 5 &#8212; Maiores influ\u00eancias positivas em 2021, segundo IPC-Brasil (FGV) por classes de renda<\/strong><\/h3>\n\n\n\n<div class=\"wp-block-image\"><figure class=\"aligncenter size-large\"><img loading=\"lazy\" decoding=\"async\" width=\"1024\" height=\"357\" src=\"https:\/\/sincomavi.org.br\/wp-content\/uploads\/2022\/04\/FGV8-1024x357.png\" alt=\"\" class=\"wp-image-8035\" srcset=\"https:\/\/sincomavi.org.br\/wp-content\/uploads\/2022\/04\/FGV8-1024x357.png 1024w, https:\/\/sincomavi.org.br\/wp-content\/uploads\/2022\/04\/FGV8-300x105.png 300w, https:\/\/sincomavi.org.br\/wp-content\/uploads\/2022\/04\/FGV8-768x268.png 768w, https:\/\/sincomavi.org.br\/wp-content\/uploads\/2022\/04\/FGV8-640x223.png 640w, https:\/\/sincomavi.org.br\/wp-content\/uploads\/2022\/04\/FGV8-681x237.png 681w, https:\/\/sincomavi.org.br\/wp-content\/uploads\/2022\/04\/FGV8.png 1090w\" sizes=\"auto, (max-width: 1024px) 100vw, 1024px\" \/><figcaption>   <strong>Fonte: Elabora\u00e7\u00e3o FGV IBRE com dados da POF\/IBGE<\/strong>   <\/figcaption><\/figure><\/div>\n\n\n\n<h3 class=\"has-text-align-center wp-block-heading\"><strong>Perda de Bem-Estar das fam\u00edlias captada no \u00cdndice de Confian\u00e7a do Consumidor<\/strong><\/h3>\n\n\n\n<p>Considerando-se a infla\u00e7\u00e3o acumulada nos dois anos desde o in\u00edcio da pandemia, entre fevereiro de 2020 e fevereiro de 2022, as classes de renda mais baixas continuam sofrendo mais. Para um IPC-FGV acumulado de 15,2%, a infla\u00e7\u00e3o das fam\u00edlias de renda mais baixa foi de 16,8% e a das de renda mais alta de 13,6%. A classe m\u00e9dia ficou no meio do caminho. A perda de bem-estar com esta press\u00e3o de pre\u00e7os \u00e9 de certa forma captada pela evolu\u00e7\u00e3o recente dos \u00edndices de confian\u00e7a do consumidor de alta e baixa renda. Partindo de um n\u00edvel de 100 pontos em fevereiro de 2020, a diferen\u00e7a entre a confian\u00e7a dos consumidores de renda mais baixa e mais alta foi crescente desde o in\u00edcio da pandemia at\u00e9 meados do ano passado. Mais recentemente, os dois \u00edndices se aproximaram um pouco, mas a confian\u00e7a da baixa renda continua inferior \u00e0 das fam\u00edlias de renda mais alta, como mostra o gr\u00e1fico a seguir.<\/p>\n\n\n\n<h3 class=\"has-text-align-center wp-block-heading\"><strong>Gr\u00e1fico 3 &#8211; Infla\u00e7\u00e3o contribui para reduzir confian\u00e7a das fam\u00edlias de baixa Renda<\/strong><\/h3>\n\n\n\n<div class=\"wp-block-image\"><figure class=\"aligncenter size-full\"><img loading=\"lazy\" decoding=\"async\" width=\"750\" height=\"450\" src=\"https:\/\/sincomavi.org.br\/wp-content\/uploads\/2022\/04\/FGV9.png\" alt=\"\" class=\"wp-image-8036\" srcset=\"https:\/\/sincomavi.org.br\/wp-content\/uploads\/2022\/04\/FGV9.png 750w, https:\/\/sincomavi.org.br\/wp-content\/uploads\/2022\/04\/FGV9-300x180.png 300w, https:\/\/sincomavi.org.br\/wp-content\/uploads\/2022\/04\/FGV9-700x420.png 700w, https:\/\/sincomavi.org.br\/wp-content\/uploads\/2022\/04\/FGV9-640x384.png 640w, https:\/\/sincomavi.org.br\/wp-content\/uploads\/2022\/04\/FGV9-681x409.png 681w\" sizes=\"auto, (max-width: 750px) 100vw, 750px\" \/><figcaption>  <strong>Fonte: Elabora\u00e7\u00e3o FGV IBRE com dados da POF\/IBGE<\/strong>  <\/figcaption><\/figure><\/div>\n\n\n\n<p><strong>O que esperar para 2022?<\/strong><\/p>\n\n\n\n<p>Em 2022, novamente o pa\u00eds observar\u00e1 n\u00edveis elevados de infla\u00e7\u00e3o. Nossa proje\u00e7\u00e3o de 7% para o IPCA \u00e9 dois pontos percentuais superior ao teto de toler\u00e2ncia da meta de infla\u00e7\u00e3o para o ano. A situa\u00e7\u00e3o tornou-se mais incerta e complicada recentemente com a deflagra\u00e7\u00e3o do conflito entre Ucr\u00e2nia e R\u00fassia. Este conflito geopol\u00edtico tende a provocar press\u00f5es inflacion\u00e1rias em importantes&nbsp;<em>commodities<\/em>&nbsp;agr\u00edcolas e minerais. A escalada do pre\u00e7o do petr\u00f3leo e dos gr\u00e3os, sobretudo trigo, far\u00e1 com que a infla\u00e7\u00e3o destes itens afete fam\u00edlias de todos os n\u00edveis de renda. No sentido contr\u00e1rio, a associa\u00e7\u00e3o entre a fuga de capitais de pa\u00edses envolvidos no conflito e n\u00edveis de juros reais elevados no Brasil levou \u00e0 valoriza\u00e7\u00e3o do c\u00e2mbio R\uff04\/US\uff04, o que deve atenuar a press\u00e3o de commodities, assim como a mudan\u00e7a de bandeira tarif\u00e1ria de eletricidade a partir dos pr\u00f3ximos meses.<\/p>\n\n\n\n<p>Ilustrando como a guerra pode afetar todas as classes de renda, os embargos promovidos contra a R\u00fassia tendem a desmobilizar cadeias de distribui\u00e7\u00e3o de mat\u00e9rias-primas, favorecendo o aumento de pre\u00e7os de commodities. A escalada dos pre\u00e7os do petr\u00f3leo afetar\u00e1 outros produtos de maneira direta e indireta. A cadeia de derivados, composta por resinas, pl\u00e1sticos, fertilizantes e combust\u00edveis, espalhar\u00e3o as press\u00f5es inflacion\u00e1rias por diversos segmentos. E, indiretamente, os pre\u00e7os do petr\u00f3leo tamb\u00e9m afetar\u00e3o outros setores, como o t\u00eaxtil, encarecendo o algod\u00e3o, dado o prov\u00e1vel aumento do pre\u00e7o do poli\u00e9ster, bem como o setor sucroalcooleiro, dada a substitui\u00e7\u00e3o de gasolina por etanol e a prov\u00e1vel decis\u00e3o do setor em produzir mais etanol do que a\u00e7\u00facar.<\/p>\n\n\n\n<p>Na esteira de aumentos de pre\u00e7os esperados para 2022 est\u00e3o, em ordem: combust\u00edveis f\u00f3sseis, alimentos, bens dur\u00e1veis e servi\u00e7os. Esta extensa rela\u00e7\u00e3o de itens para os quais se espera alta n\u00e3o poupa classes sociais e, mais uma vez, a infla\u00e7\u00e3o ser\u00e1 percebida por todos. No contexto macroecon\u00f4mico, a infla\u00e7\u00e3o mais alta levar\u00e1 a ajustes no ritmo de crescimento econ\u00f4mico, adiando o sonho da retomada de uma rota de crescimento sustentado de nossa economia para 2023.<\/p>\n\n\n<style>.wp-block-kadence-spacer.kt-block-spacer-_4efaf5-42 .kt-block-spacer{height:60px;}.wp-block-kadence-spacer.kt-block-spacer-_4efaf5-42 .kt-divider{border-top-width:1px;height:1px;border-top-color:#eee;width:80%;border-top-style:solid;}<\/style>\n<div class=\"wp-block-kadence-spacer aligncenter kt-block-spacer-_4efaf5-42\"><div class=\"kt-block-spacer kt-block-spacer-halign-center\"><hr class=\"kt-divider\"\/><\/div><\/div>\n","protected":false},"excerpt":{"rendered":"<p>Por Aloisio Campelo Jr., Andr\u00e9 Braz, Ta\u00edse Lyra e J\u00falio C\u00e9sar de Azevedo. Funda\u00e7\u00e3o Getulio Vargas &#8211; Instituto Brasileiro de Economia (FGV-IBRE). O drag\u00e3o da infla\u00e7\u00e3o \u00e9 um velho conhecido dos brasileiros. Foi domado com a chegada do Plano Real mas, vez por outra, volta a ocupar as primeiras p\u00e1ginas dos jornais. A preocupa\u00e7\u00e3o se [&hellip;]<\/p>\n","protected":false},"author":1,"featured_media":8037,"comment_status":"closed","ping_status":"open","sticky":false,"template":"","format":"standard","meta":{"tdm_status":"","tdm_grid_status":"","footnotes":""},"categories":[210],"tags":[199,204,205,156,163,754,331,620,160,200],"class_list":["post-8025","post","type-post","status-publish","format-standard","has-post-thumbnail","hentry","category-artigos","tag-comercio","tag-confianca","tag-consumidor","tag-economia","tag-estudo","tag-fgv-ibre","tag-inflacao","tag-levantamento","tag-pesquisa","tag-varejo"],"amp_enabled":true,"_links":{"self":[{"href":"https:\/\/sincomavi.org.br\/index.php?rest_route=\/wp\/v2\/posts\/8025","targetHints":{"allow":["GET"]}}],"collection":[{"href":"https:\/\/sincomavi.org.br\/index.php?rest_route=\/wp\/v2\/posts"}],"about":[{"href":"https:\/\/sincomavi.org.br\/index.php?rest_route=\/wp\/v2\/types\/post"}],"author":[{"embeddable":true,"href":"https:\/\/sincomavi.org.br\/index.php?rest_route=\/wp\/v2\/users\/1"}],"replies":[{"embeddable":true,"href":"https:\/\/sincomavi.org.br\/index.php?rest_route=%2Fwp%2Fv2%2Fcomments&post=8025"}],"version-history":[{"count":5,"href":"https:\/\/sincomavi.org.br\/index.php?rest_route=\/wp\/v2\/posts\/8025\/revisions"}],"predecessor-version":[{"id":8040,"href":"https:\/\/sincomavi.org.br\/index.php?rest_route=\/wp\/v2\/posts\/8025\/revisions\/8040"}],"wp:featuredmedia":[{"embeddable":true,"href":"https:\/\/sincomavi.org.br\/index.php?rest_route=\/wp\/v2\/media\/8037"}],"wp:attachment":[{"href":"https:\/\/sincomavi.org.br\/index.php?rest_route=%2Fwp%2Fv2%2Fmedia&parent=8025"}],"wp:term":[{"taxonomy":"category","embeddable":true,"href":"https:\/\/sincomavi.org.br\/index.php?rest_route=%2Fwp%2Fv2%2Fcategories&post=8025"},{"taxonomy":"post_tag","embeddable":true,"href":"https:\/\/sincomavi.org.br\/index.php?rest_route=%2Fwp%2Fv2%2Ftags&post=8025"}],"curies":[{"name":"wp","href":"https:\/\/api.w.org\/{rel}","templated":true}]}}