{"id":7953,"date":"2022-04-06T11:44:50","date_gmt":"2022-04-06T14:44:50","guid":{"rendered":"https:\/\/sincomavi.org.br\/?p=7953"},"modified":"2022-04-08T13:57:13","modified_gmt":"2022-04-08T16:57:13","slug":"campanha-pintou-sobrou-levou-e-prorrogada-ate-05-de-maio","status":"publish","type":"post","link":"https:\/\/sincomavi.org.br\/?p=7953","title":{"rendered":"Campanha  \u201cPintou, Sobrou, Levou\u201d \u00e9 prorrogada at\u00e9 05 de maio"},"content":{"rendered":"<style>.wp-block-kadence-spacer.kt-block-spacer-_dadd78-4c .kt-block-spacer{height:60px;}.wp-block-kadence-spacer.kt-block-spacer-_dadd78-4c .kt-divider{border-top-width:1px;height:1px;border-top-color:#eee;width:80%;border-top-style:solid;}<\/style>\n<div class=\"wp-block-kadence-spacer aligncenter kt-block-spacer-_dadd78-4c\"><div class=\"kt-block-spacer kt-block-spacer-halign-center\"><hr class=\"kt-divider\"\/><\/div><\/div>\n\n\n\n<p>Um evento reunindo todos os participantes da campanha \u201cPintou, Sobrou, Levou\u201d, realizado ontem, 05 de abril, na unidade Morumbi da Leroy Merlin, serviu n\u00e3o s\u00f3 para comemorar os resultados preliminares, mas tamb\u00e9m para repassar todos os detalhes do projeto para Patr\u00edcia Faga Iglecias Lemos, diretora-presidente da Cetesb, que em seu pronunciamento elogiou a iniciativa (veja no v\u00eddeo no final da p\u00e1gina) e confirmou a prorroga\u00e7\u00e3o do Certificado de Movimenta\u00e7\u00e3o de Res\u00edduos de Interesse Ambiental (Cadri) por mais 30 dias. Dessa forma, a campanha ser\u00e1 finalizada em 05 de maio de 2022 e mantida nos mesmos pontos de venda: C&amp;C Aricanduva, Leroy Merlin Morumbi, Telhanorte Marginal Tiet\u00ea e Tintas MC Sa\u00fade.<\/p>\n\n\n\n<figure class=\"wp-block-image size-large\"><img loading=\"lazy\" decoding=\"async\" width=\"1024\" height=\"492\" src=\"https:\/\/sincomavi.org.br\/wp-content\/uploads\/2022\/04\/LUIZ_HENRIQUE-1024x492.jpg\" alt=\"\" class=\"wp-image-7958\" srcset=\"https:\/\/sincomavi.org.br\/wp-content\/uploads\/2022\/04\/LUIZ_HENRIQUE-1024x492.jpg 1024w, https:\/\/sincomavi.org.br\/wp-content\/uploads\/2022\/04\/LUIZ_HENRIQUE-300x144.jpg 300w, https:\/\/sincomavi.org.br\/wp-content\/uploads\/2022\/04\/LUIZ_HENRIQUE-768x369.jpg 768w, https:\/\/sincomavi.org.br\/wp-content\/uploads\/2022\/04\/LUIZ_HENRIQUE-875x420.jpg 875w, https:\/\/sincomavi.org.br\/wp-content\/uploads\/2022\/04\/LUIZ_HENRIQUE-640x307.jpg 640w, https:\/\/sincomavi.org.br\/wp-content\/uploads\/2022\/04\/LUIZ_HENRIQUE-681x327.jpg 681w, https:\/\/sincomavi.org.br\/wp-content\/uploads\/2022\/04\/LUIZ_HENRIQUE.jpg 1400w\" sizes=\"auto, (max-width: 1024px) 100vw, 1024px\" \/><\/figure>\n\n\n\n<p>O varejo teve como representantes Luiz Henrique Ayres Marques, vice-presidente do Sincomavi, e Cristiane Lima Cortez, assessora t\u00e9cnica do Conselho de Sustentabilidade e dos Comit\u00eas Energia, ESG e Log\u00edstica Reversa da FecomercioSP. O evento contou ainda com a presen\u00e7a de Odair Garcia Senra, presidente do SindusCon-SP, e F\u00e1bio Humberg, diretor de Comunica\u00e7\u00e3o e Rela\u00e7\u00f5es Institucionais da Abrafati.<\/p>\n\n\n\n<figure class=\"wp-block-image size-large\"><img loading=\"lazy\" decoding=\"async\" width=\"1024\" height=\"711\" src=\"https:\/\/sincomavi.org.br\/wp-content\/uploads\/2022\/04\/SINCOMAVI_SINDUSCON-1024x711.jpg\" alt=\"\" class=\"wp-image-7956\" srcset=\"https:\/\/sincomavi.org.br\/wp-content\/uploads\/2022\/04\/SINCOMAVI_SINDUSCON-1024x711.jpg 1024w, https:\/\/sincomavi.org.br\/wp-content\/uploads\/2022\/04\/SINCOMAVI_SINDUSCON-300x208.jpg 300w, https:\/\/sincomavi.org.br\/wp-content\/uploads\/2022\/04\/SINCOMAVI_SINDUSCON-768x533.jpg 768w, https:\/\/sincomavi.org.br\/wp-content\/uploads\/2022\/04\/SINCOMAVI_SINDUSCON-605x420.jpg 605w, https:\/\/sincomavi.org.br\/wp-content\/uploads\/2022\/04\/SINCOMAVI_SINDUSCON-640x444.jpg 640w, https:\/\/sincomavi.org.br\/wp-content\/uploads\/2022\/04\/SINCOMAVI_SINDUSCON-681x473.jpg 681w, https:\/\/sincomavi.org.br\/wp-content\/uploads\/2022\/04\/SINCOMAVI_SINDUSCON.jpg 1400w\" sizes=\"auto, (max-width: 1024px) 100vw, 1024px\" \/><figcaption>Luiz Henrique Ayres Marques, vice-presidente do Sincomavi (lado esquerdo), e Odair Garcia Senra, presidente do SindusCon-SP <\/figcaption><\/figure>\n\n\n\n<p>Em seu discurso, Luiz Henrique lembrou que a campanha \u00e9 um marco para toda a cadeia de consumo de tintas e acess\u00f3rios para pintura. \u201cN\u00e3o s\u00f3 por ter conseguido reunir no mesmo projeto todos os agentes de mercado: ind\u00fastrias, distribuidores, varejistas, institui\u00e7\u00f5es de pesquisas, entidades de classe e empresas especializadas em reciclagem e log\u00edstica reversa, mas tamb\u00e9m por buscar integrar todo o sistema e procurar encontrar solu\u00e7\u00f5es sustent\u00e1veis, e porque n\u00e3o dizer lucrativas, se valendo do conceito de economia circular\u201d.<\/p>\n\n\n\n<figure class=\"wp-block-video\"><video controls src=\"https:\/\/sincomavi.org.br\/wp-content\/uploads\/2022\/04\/EVENTO_B.mp4\"><\/video><figcaption> Patr\u00edcia Faga Iglecias Lemos, diretora-presidente da Cetesb <\/figcaption><\/figure>\n\n\n\n<div style=\"height:34px\" aria-hidden=\"true\" class=\"wp-block-spacer\"><\/div>\n\n\n\n<p>Mais informa\u00e7\u00f5es sobre a Campanha Pintou, Sobrou, Levou \u2013 inclusive sobre quantidade m\u00e1xima de descarte -, podem ser obtidas no link abaixo.<\/p>\n\n\n\n<div style=\"height:34px\" aria-hidden=\"true\" class=\"wp-block-spacer\"><\/div>\n\n\n<style>.wp-block-kadence-advancedbtn.kb-btns_54c9b7-ab{gap:var(--global-kb-gap-xs, 0.5rem );justify-content:center;align-items:center;}.kt-btns_54c9b7-ab .kt-button{font-weight:normal;font-style:normal;}.kt-btns_54c9b7-ab .kt-btn-wrap-0{margin-right:5px;}.wp-block-kadence-advancedbtn.kt-btns_54c9b7-ab .kt-btn-wrap-0 .kt-button{color:#555555;border-color:#555555;}.wp-block-kadence-advancedbtn.kt-btns_54c9b7-ab .kt-btn-wrap-0 .kt-button:hover, .wp-block-kadence-advancedbtn.kt-btns_54c9b7-ab .kt-btn-wrap-0 .kt-button:focus{color:#ffffff;border-color:#444444;}.wp-block-kadence-advancedbtn.kt-btns_54c9b7-ab .kt-btn-wrap-0 .kt-button::before{display:none;}.wp-block-kadence-advancedbtn.kt-btns_54c9b7-ab .kt-btn-wrap-0 .kt-button:hover, .wp-block-kadence-advancedbtn.kt-btns_54c9b7-ab .kt-btn-wrap-0 .kt-button:focus{background:#444444;}<\/style>\n<div class=\"wp-block-kadence-advancedbtn kt-btn-align-center kt-btn-tablet-align-inherit kt-btn-mobile-align-inherit kt-btns-wrap kt-btns_54c9b7-ab\"><div class=\"kt-btn-wrap kt-btn-wrap-0\"><a class=\"kt-button button kt-btn-0-action kt-btn-size-standard kt-btn-style-basic kt-btn-svg-show-always kt-btn-has-text-true kt-btn-has-svg-false\" href=\"https:\/\/representa.fecomercio.com.br\/pintousobroulevou\" target=\"_blank\" rel=\"noreferrer noopener\"><span class=\"kt-btn-inner-text\">CLIQUE AQUI<\/span><\/a><\/div><\/div>\n\n\n\n<div style=\"height:34px\" aria-hidden=\"true\" class=\"wp-block-spacer\"><\/div>\n\n\n\n<h2 class=\"wp-block-heading\">Pintou, Sobrou, Levou \u2013 descarte de tintas, embalagens e acess\u00f3rios de pintura<\/h2>\n\n\n\n<p><strong>Data:<\/strong> At\u00e9 05 de maio de 2022<\/p>\n\n\n\n<p><strong>Hor\u00e1rio:<\/strong> das 10h \u00e0s 17h<\/p>\n\n\n\n<h2 class=\"wp-block-heading\">Endere\u00e7os:<\/h2>\n\n\n\n<p>C&amp;C Aricanduva \u2013 Av. Aricanduva, 5.555<\/p>\n\n\n\n<p>Leroy Merlin Morumbi \u2013 Av. Magalh\u00e3es de Castro, 12.000<\/p>\n\n\n\n<p>Telhanorte Marginal Tiet\u00ea \u2013 Av. Presidente Castelo Branco, 6.201<\/p>\n\n\n\n<p>Tintas MC Sa\u00fade \u2013 Av. Prof. Abra\u00e3o de Morais, 378<\/p>\n\n\n\n<p>Execu\u00e7\u00e3o<\/p>\n\n\n\n<p>Abrafati, Instituto Senai Mario Amato, Rafa Resolve<\/p>\n\n\n\n<h2 class=\"wp-block-heading\">Realiza\u00e7\u00e3o<\/h2>\n\n\n\n<p>Abea\u00e7o, Abiplast, Adolpho Lindemberg, Bomix, C&amp;C, Coral, Engelux, FecomercioSP, Ibratin, Imangai, Leroy Merlin, Luca Ambiental, Multilix, Plano &amp; Plano, Prolata, Quartzolit, Rafa Entulhos, Sincomavi, SindusCon-SP, Sitivesp, Suvinil, Tegra, Telhanorte, Tintas MC, Trisul, Universo Tintas<\/p>\n\n\n\n<h2 class=\"wp-block-heading\">Apoio<\/h2>\n\n\n\n<p>CETESB<\/p>\n\n\n<style>.wp-block-kadence-spacer.kt-block-spacer-_9cf4c1-60 .kt-block-spacer{height:60px;}.wp-block-kadence-spacer.kt-block-spacer-_9cf4c1-60 .kt-divider{border-top-width:1px;height:1px;border-top-color:#eee;width:80%;border-top-style:solid;}<\/style>\n<div class=\"wp-block-kadence-spacer aligncenter kt-block-spacer-_9cf4c1-60\"><div class=\"kt-block-spacer kt-block-spacer-halign-center\"><hr class=\"kt-divider\"\/><\/div><\/div>\n","protected":false},"excerpt":{"rendered":"<p>Um evento reunindo todos os participantes da campanha \u201cPintou, Sobrou, Levou\u201d, realizado ontem, 05 de abril, na unidade Morumbi da Leroy Merlin, serviu n\u00e3o s\u00f3 para comemorar os resultados preliminares, mas tamb\u00e9m para repassar todos os detalhes do projeto para Patr\u00edcia Faga Iglecias Lemos, diretora-presidente da Cetesb, que em seu pronunciamento elogiou a iniciativa (veja [&hellip;]<\/p>\n","protected":false},"author":1,"featured_media":7959,"comment_status":"closed","ping_status":"open","sticky":false,"template":"","format":"standard","meta":{"tdm_status":"","tdm_grid_status":"","footnotes":""},"categories":[153],"tags":[196,786,95,783,232],"class_list":["post-7953","post","type-post","status-publish","format-standard","has-post-thumbnail","hentry","category-noticias","tag-campanha","tag-cetesb","tag-logistica-reversa","tag-pnrs","tag-tintas"],"amp_enabled":true,"_links":{"self":[{"href":"https:\/\/sincomavi.org.br\/index.php?rest_route=\/wp\/v2\/posts\/7953","targetHints":{"allow":["GET"]}}],"collection":[{"href":"https:\/\/sincomavi.org.br\/index.php?rest_route=\/wp\/v2\/posts"}],"about":[{"href":"https:\/\/sincomavi.org.br\/index.php?rest_route=\/wp\/v2\/types\/post"}],"author":[{"embeddable":true,"href":"https:\/\/sincomavi.org.br\/index.php?rest_route=\/wp\/v2\/users\/1"}],"replies":[{"embeddable":true,"href":"https:\/\/sincomavi.org.br\/index.php?rest_route=%2Fwp%2Fv2%2Fcomments&post=7953"}],"version-history":[{"count":9,"href":"https:\/\/sincomavi.org.br\/index.php?rest_route=\/wp\/v2\/posts\/7953\/revisions"}],"predecessor-version":[{"id":8067,"href":"https:\/\/sincomavi.org.br\/index.php?rest_route=\/wp\/v2\/posts\/7953\/revisions\/8067"}],"wp:featuredmedia":[{"embeddable":true,"href":"https:\/\/sincomavi.org.br\/index.php?rest_route=\/wp\/v2\/media\/7959"}],"wp:attachment":[{"href":"https:\/\/sincomavi.org.br\/index.php?rest_route=%2Fwp%2Fv2%2Fmedia&parent=7953"}],"wp:term":[{"taxonomy":"category","embeddable":true,"href":"https:\/\/sincomavi.org.br\/index.php?rest_route=%2Fwp%2Fv2%2Fcategories&post=7953"},{"taxonomy":"post_tag","embeddable":true,"href":"https:\/\/sincomavi.org.br\/index.php?rest_route=%2Fwp%2Fv2%2Ftags&post=7953"}],"curies":[{"name":"wp","href":"https:\/\/api.w.org\/{rel}","templated":true}]}}