{"id":7944,"date":"2022-03-30T14:58:30","date_gmt":"2022-03-30T17:58:30","guid":{"rendered":"https:\/\/sincomavi.org.br\/?p=7944"},"modified":"2022-03-30T14:58:31","modified_gmt":"2022-03-30T17:58:31","slug":"queda-de-02-ponto-em-marco-na-confianca-do-comercio","status":"publish","type":"post","link":"https:\/\/sincomavi.org.br\/?p=7944","title":{"rendered":"Queda de 0,2 ponto em mar\u00e7o na confian\u00e7a do com\u00e9rcio"},"content":{"rendered":"<style>.wp-block-kadence-spacer.kt-block-spacer-_5c1d1a-de .kt-block-spacer{height:60px;}.wp-block-kadence-spacer.kt-block-spacer-_5c1d1a-de .kt-divider{border-top-width:1px;height:1px;border-top-color:#eee;width:80%;border-top-style:solid;}<\/style>\n<div class=\"wp-block-kadence-spacer aligncenter kt-block-spacer-_5c1d1a-de\"><div class=\"kt-block-spacer kt-block-spacer-halign-center\"><hr class=\"kt-divider\"\/><\/div><\/div>\n\n\n\n<p>Houve uma leve retra\u00e7\u00e3o no \u00cdndice de Confian\u00e7a do Com\u00e9rcio (ICOM), medido pelo Instituto Brasileiro de Economia da FGV (FGV IBRE), em 0,2 ponto em mar\u00e7o. O indicador caiu de 87,0 para 86,8 pontos. Rodolpho Tobler, economista do FGV IBRE, comenta que essa estabilidade foi resultado da combina\u00e7\u00e3o da expressiva alta do \u00edndice que mede o volume de demanda no momento presente e da intensa queda das expectativas em rela\u00e7\u00e3o aos pr\u00f3ximos meses. \u201cNos dois sentidos \u00e9 preciso cautela, dado que a alta do ISA-COM recupera apenas 31% das perdas acumuladas nos sete meses anteriores. E pelo lado das expectativas, a queda mais intensa pode ter sido influenciada pelo aumento da incerteza ao longo do m\u00eas, em especial aquelas relacionadas aos desdobramentos da Guerra\u201d. Ele refor\u00e7a ainda que o patamar da confian\u00e7a continua baixo e ainda n\u00e3o \u00e9 poss\u00edvel imaginar uma recupera\u00e7\u00e3o mais consistente nos pr\u00f3ximos meses, dado o cen\u00e1rio macroecon\u00f4mico negativo e a prov\u00e1vel manuten\u00e7\u00e3o de n\u00edveis elevados de incerteza.<\/p>\n\n\n\n<h2 class=\"wp-block-heading\">IPEA<\/h2>\n\n\n\n<p>Apesar dessa desconfian\u00e7a com o futuro, o Instituto de Pesquisa Econ\u00f4mica Aplicada (Ipea) fez uma an\u00e1lise sobre o desempenho recente dos indicadores mensais de ind\u00fastria, com\u00e9rcio e servi\u00e7os em janeiro e fevereiro de 2022. Em rela\u00e7\u00e3o ao com\u00e9rcio varejista, as estimativas apontam para alta de 1,3% em fevereiro, sem efeitos sazonais. No caso do varejo restrito, as vendas, segundo avalia\u00e7\u00e3o do Ipea, devem ter contado com aumento de 1,2%, na mesma base de compara\u00e7\u00e3o.<\/p>\n\n\n<style>.wp-block-kadence-spacer.kt-block-spacer-_df0387-5d .kt-block-spacer{height:60px;}.wp-block-kadence-spacer.kt-block-spacer-_df0387-5d .kt-divider{border-top-width:1px;height:1px;border-top-color:#eee;width:80%;border-top-style:solid;}<\/style>\n<div class=\"wp-block-kadence-spacer aligncenter kt-block-spacer-_df0387-5d\"><div class=\"kt-block-spacer kt-block-spacer-halign-center\"><hr class=\"kt-divider\"\/><\/div><\/div>\n","protected":false},"excerpt":{"rendered":"<p>Houve uma leve retra\u00e7\u00e3o no \u00cdndice de Confian\u00e7a do Com\u00e9rcio (ICOM), medido pelo Instituto Brasileiro de Economia da FGV (FGV IBRE), em 0,2 ponto em mar\u00e7o. O indicador caiu de 87,0 para 86,8 pontos. Rodolpho Tobler, economista do FGV IBRE, comenta que essa estabilidade foi resultado da combina\u00e7\u00e3o da expressiva alta do \u00edndice que mede [&hellip;]<\/p>\n","protected":false},"author":1,"featured_media":7945,"comment_status":"closed","ping_status":"open","sticky":false,"template":"","format":"standard","meta":{"tdm_status":"","tdm_grid_status":"","footnotes":""},"categories":[153],"tags":[199,204,632,754,903,904,620,160,200,75],"class_list":["post-7944","post","type-post","status-publish","format-standard","has-post-thumbnail","hentry","category-noticias","tag-comercio","tag-confianca","tag-estudo-setorial","tag-fgv-ibre","tag-icom","tag-ipea","tag-levantamento","tag-pesquisa","tag-varejo","tag-vendas"],"amp_enabled":true,"_links":{"self":[{"href":"https:\/\/sincomavi.org.br\/index.php?rest_route=\/wp\/v2\/posts\/7944","targetHints":{"allow":["GET"]}}],"collection":[{"href":"https:\/\/sincomavi.org.br\/index.php?rest_route=\/wp\/v2\/posts"}],"about":[{"href":"https:\/\/sincomavi.org.br\/index.php?rest_route=\/wp\/v2\/types\/post"}],"author":[{"embeddable":true,"href":"https:\/\/sincomavi.org.br\/index.php?rest_route=\/wp\/v2\/users\/1"}],"replies":[{"embeddable":true,"href":"https:\/\/sincomavi.org.br\/index.php?rest_route=%2Fwp%2Fv2%2Fcomments&post=7944"}],"version-history":[{"count":1,"href":"https:\/\/sincomavi.org.br\/index.php?rest_route=\/wp\/v2\/posts\/7944\/revisions"}],"predecessor-version":[{"id":7946,"href":"https:\/\/sincomavi.org.br\/index.php?rest_route=\/wp\/v2\/posts\/7944\/revisions\/7946"}],"wp:featuredmedia":[{"embeddable":true,"href":"https:\/\/sincomavi.org.br\/index.php?rest_route=\/wp\/v2\/media\/7945"}],"wp:attachment":[{"href":"https:\/\/sincomavi.org.br\/index.php?rest_route=%2Fwp%2Fv2%2Fmedia&parent=7944"}],"wp:term":[{"taxonomy":"category","embeddable":true,"href":"https:\/\/sincomavi.org.br\/index.php?rest_route=%2Fwp%2Fv2%2Fcategories&post=7944"},{"taxonomy":"post_tag","embeddable":true,"href":"https:\/\/sincomavi.org.br\/index.php?rest_route=%2Fwp%2Fv2%2Ftags&post=7944"}],"curies":[{"name":"wp","href":"https:\/\/api.w.org\/{rel}","templated":true}]}}