{"id":7932,"date":"2022-03-24T10:03:07","date_gmt":"2022-03-24T13:03:07","guid":{"rendered":"https:\/\/sincomavi.org.br\/?p=7932"},"modified":"2022-03-24T10:05:10","modified_gmt":"2022-03-24T13:05:10","slug":"sincomavi-tera-extensa-programacao-na-feicon-2022","status":"publish","type":"post","link":"https:\/\/sincomavi.org.br\/?p=7932","title":{"rendered":"Sincomavi ter\u00e1 extensa programa\u00e7\u00e3o na Feicon 2022"},"content":{"rendered":"<style>.wp-block-kadence-spacer.kt-block-spacer-_06dc29-ff .kt-block-spacer{height:60px;}.wp-block-kadence-spacer.kt-block-spacer-_06dc29-ff .kt-divider{border-top-width:1px;height:1px;border-top-color:#eee;width:80%;border-top-style:solid;}<\/style>\n<div class=\"wp-block-kadence-spacer aligncenter kt-block-spacer-_06dc29-ff\"><div class=\"kt-block-spacer kt-block-spacer-halign-center\"><hr class=\"kt-divider\"\/><\/div><\/div>\n\n\n\n<p>Os comerciantes e profissionais do varejo de material de constru\u00e7\u00e3o ter\u00e3o a oportunidade de tomar contato com v\u00e1rios temas sens\u00edveis ao setor durante a Feicon 2022, que ser\u00e1 realizada entre os dias 29 de mar\u00e7o e 1\u00ba de abril no S\u00e3o Paulo Expo, em S\u00e3o Paulo (SP). Isso porque o Sincomavi oferecer\u00e1 uma programa\u00e7\u00e3o com tem\u00e1tica bastante ampla aos visitantes, como vendas, log\u00edstica reversa, tecnologia, economia, atendimento, Recursos Humanos, com\u00e9rcio eletr\u00f4nico e muito mais.<\/p>\n\n\n\n<p>No <strong>dia 29 de mar\u00e7o<\/strong>, com a curadoria do Sincomavi, o <strong>N\u00facleo de Conte\u00fado<\/strong>, Rua E011 da \u00e1rea de exposi\u00e7\u00f5es, contar\u00e1 com as seguintes palestras:<\/p>\n\n\n\n<p><strong>13h&nbsp;&#8211;&nbsp;Como vender mais na loja usando canais digitais<\/strong>,&nbsp;com Maximiliano Freire, <strong>&nbsp;<\/strong>especialista em Expans\u00e3o Empresaria, ESG Gest\u00e3o de Processos e Governan\u00e7a Corporativa.<br><strong>14h&nbsp;&#8211;&nbsp;Log\u00edstica Reversa: O papel da ind\u00fastria, com\u00e9rcio e seus clientes<\/strong>,&nbsp;com Cristiane Lima Cortez, assessora t\u00e9cnica do Conselho de Sustentabilidade e dos Comit\u00eas Energia, ESG e Log\u00edstica Reversa da FecomercioSP,&nbsp;e Thais Fagury, presidente executiva da ABEA\u00c7O e diretora executiva da Prolata Reciclagem.<br><strong>15h&nbsp;&#8211;&nbsp;A Confian\u00e7a como elemento-chave na transforma\u00e7\u00e3o digital<\/strong>,&nbsp;com Mauricio Gasperini, diretor na yHub, respons\u00e1vel pela \u00e1rea de materiais para constru\u00e7\u00e3o.<br><strong>16h&nbsp;&#8211;&nbsp;Venda mais conhecendo seu cliente<\/strong>,&nbsp;com Andr\u00e9 Garcia, cofundador da <strong>Estoque da Constru\u00e7\u00e3o e Kitbaco &#8211; startups com forte atua\u00e7\u00e3o no mercado on-line.<br>17h&nbsp;&#8211;&nbsp;Planejando estrategicamente o futuro do seu neg\u00f3cio<\/strong>,&nbsp;com Nina de Oliveira, psic\u00f3loga pela Unesp, especialista na gest\u00e3o de pessoas e treinamento.<br><strong>18h&nbsp;&#8211;&nbsp;Humanizar as conex\u00f5es como estrat\u00e9gia do neg\u00f3cio<\/strong>,&nbsp;com Cristiane Andrade, pedagoga, p\u00f3s graduada em gest\u00e3o de RH pela Universidade S\u00e3o Judas Tadeu e MBA em gest\u00e3o empresarial pela FGV.<\/p>\n\n\n\n<p>O <strong>Simp\u00f3sio Sincomavi<\/strong>, um dos mais tradicionais eventos paralelos da Feicon, est\u00e1 programado para o <strong>dia 31 de mar\u00e7o, das 8h30 \u00e0s 12h30, na Sala 211 &#8211; Mezanino<\/strong>. Com o tema \u201cRepensando o Futuro do Varejo\u201d, essa edi\u00e7\u00e3o ter\u00e1 a participa\u00e7\u00e3o de Adriano S\u00e1, publicit\u00e1rio e professor da Funda\u00e7\u00e3o Dom Cabral, Jaime Vasconcellos, economista do Sincomavi e da FecomercioSP, Oleg\u00e1rio Ara\u00fajo, professor e pesquisador do FGVcev \u2013 Centro de Excel\u00eancia em Varejo, e Renato S\u00e1, CEO da Aliar Group (Tintas MC \u2013 Distribuidora Premium). As inscri\u00e7\u00f5es podem ser feitas no link abaixo.<\/p>\n\n\n\n<div style=\"height:16px\" aria-hidden=\"true\" class=\"wp-block-spacer\"><\/div>\n\n\n<style>.wp-block-kadence-advancedbtn.kb-btns_6309c7-e2{gap:var(--global-kb-gap-xs, 0.5rem );justify-content:center;align-items:center;}.kt-btns_6309c7-e2 .kt-button{font-weight:normal;font-style:normal;}.kt-btns_6309c7-e2 .kt-btn-wrap-0{margin-right:5px;}.wp-block-kadence-advancedbtn.kt-btns_6309c7-e2 .kt-btn-wrap-0 .kt-button{color:#555555;border-color:#555555;}.wp-block-kadence-advancedbtn.kt-btns_6309c7-e2 .kt-btn-wrap-0 .kt-button:hover, .wp-block-kadence-advancedbtn.kt-btns_6309c7-e2 .kt-btn-wrap-0 .kt-button:focus{color:#ffffff;border-color:#444444;}.wp-block-kadence-advancedbtn.kt-btns_6309c7-e2 .kt-btn-wrap-0 .kt-button::before{display:none;}.wp-block-kadence-advancedbtn.kt-btns_6309c7-e2 .kt-btn-wrap-0 .kt-button:hover, .wp-block-kadence-advancedbtn.kt-btns_6309c7-e2 .kt-btn-wrap-0 .kt-button:focus{background:#444444;}<\/style>\n<div class=\"wp-block-kadence-advancedbtn kt-btn-align-center kt-btn-tablet-align-inherit kt-btn-mobile-align-inherit kt-btns-wrap kt-btns_6309c7-e2\"><div class=\"kt-btn-wrap kt-btn-wrap-0\"><a class=\"kt-button button kt-btn-0-action kt-btn-size-standard kt-btn-style-basic kt-btn-svg-show-always kt-btn-has-text-true kt-btn-has-svg-false\" href=\"https:\/\/sincomavi.org.br\/16a-simposio-sincomavi-repensando-o-futuro-do-varejo-31-03-22\/\" target=\"_blank\" rel=\"noreferrer noopener\"><span class=\"kt-btn-inner-text\">CLIQUE AQUI<\/span><\/a><\/div><\/div>\n\n\n\n<div style=\"height:17px\" aria-hidden=\"true\" class=\"wp-block-spacer\"><\/div>\n\n\n\n<p>No mesmo dia, <strong>31 de mar\u00e7o<\/strong>, o Sincomavi tamb\u00e9m ser\u00e1 respons\u00e1vel pela curadoria do <strong>N\u00facleo de Conte\u00fado<\/strong>, Rua E011 da \u00e1rea de exposi\u00e7\u00f5es, e as palestras programas s\u00e3o essas:<\/p>\n\n\n\n<p><strong>14h&nbsp;&#8211;&nbsp;Lideran\u00e7a: o futuro chegou e agora?<\/strong>, com Ana Penarotti, pedagoga com Especializa\u00e7\u00e3o em Did\u00e1tica do Ensino Superior.<br><strong>15h&nbsp;&#8211;&nbsp;Employer Branding + Pandemia + Digitaliza\u00e7\u00e3o<\/strong>, com Adriano Costa S\u00e1, publicit\u00e1rio, cursa doutorado em Marketing na ESPM\/SP, professor da Funda\u00e7\u00e3o Dom Cabral.<br><strong>16h&nbsp;&#8211;&nbsp;O triunfo da loja f\u00edsica, com Gustavo Carrer<\/strong>, consultor especialista em varejo e inova\u00e7\u00e3o.<br><strong>17h&nbsp;&#8211;&nbsp;4 passos para aumentar a produtividade da sua equipe de vendas<\/strong>, com Marcello Miranda, diretor Administrativo da Center Mega, rede de varejo de materiais para constru\u00e7\u00e3o.<br><strong>18h&nbsp;&#8211;&nbsp;Metaverso: Oportunidades e Desafios do Varejo Brasileiro<\/strong>, com Caio Jahara, cofundador e CEO da R2U, empresa de solu\u00e7\u00f5es em Realidade Aumentada para o varejo.<\/p>\n\n\n\n<p>Vale lembrar que para assistir as palestras do N\u00facleo do Conte\u00fado n\u00e3o existe a necessidade de inscri\u00e7\u00e3o pr\u00e9via. O interessado dever\u00e1 apenas se apresentar cerca de 10 minutos antes do in\u00edcio de cada palestra para reservar a sua vaga.<\/p>\n\n\n\n<p>&gt;&gt; Importante esclarecer que para ter acesso a \u00e1rea dos eventos, mezanino e exposi\u00e7\u00e3o,&nbsp;\u00e9 preciso realizar o credenciamento da Feicon, que pode ser feito em <a href=\"http:\/\/www.feicon.com.br\"><strong>www.feicon.com.br<\/strong><\/a>.<\/p>\n\n\n\n<p><strong>PASSAPORTE DE VACINA<\/strong><br>Conforme Decreto 60.488, de 27 de Agosto de 2021 e suas futuras atualiza\u00e7\u00f5es, ser\u00e1 obrigat\u00f3ria a apresenta\u00e7\u00e3o de comprovante vacinal de duas doses (ou uma no caso da Jansen)&nbsp;&nbsp;contra o COVID-19 para acesso aos eventos, por meio de comprovante f\u00edsico, ou pelas plataformas Vacivida, ConectaSUS e e-sa\u00fade.<\/p>\n\n\n\n<h2 class=\"wp-block-heading\">Feicon<\/h2>\n\n\n\n<p>29 de mar\u00e7o a 1\u00ba de abril<br>das 10h00 \u00e0s 20h00<br><strong>Local:&nbsp;<\/strong>S\u00e3o Paulo Expo \u2013 S\u00e3o Paulo\/SP<br>Rod. dos Imigrantes Km 1,5 &#8211; \u00c1gua Funda<\/p>\n\n\n<style>.wp-block-kadence-spacer.kt-block-spacer-_75ee0f-9b .kt-block-spacer{height:60px;}.wp-block-kadence-spacer.kt-block-spacer-_75ee0f-9b .kt-divider{border-top-width:1px;height:1px;border-top-color:#eee;width:80%;border-top-style:solid;}<\/style>\n<div class=\"wp-block-kadence-spacer aligncenter kt-block-spacer-_75ee0f-9b\"><div class=\"kt-block-spacer kt-block-spacer-halign-center\"><hr class=\"kt-divider\"\/><\/div><\/div>\n","protected":false},"excerpt":{"rendered":"<p>Os comerciantes e profissionais do varejo de material de constru\u00e7\u00e3o ter\u00e3o a oportunidade de tomar contato com v\u00e1rios temas sens\u00edveis ao setor durante a Feicon 2022, que ser\u00e1 realizada entre os dias 29 de mar\u00e7o e 1\u00ba de abril no S\u00e3o Paulo Expo, em S\u00e3o Paulo (SP). Isso porque o Sincomavi oferecer\u00e1 uma programa\u00e7\u00e3o com [&hellip;]<\/p>\n","protected":false},"author":1,"featured_media":6156,"comment_status":"closed","ping_status":"open","sticky":false,"template":"","format":"standard","meta":{"tdm_status":"","tdm_grid_status":"","footnotes":""},"categories":[153],"tags":[181,684,382,335,177,259],"class_list":["post-7932","post","type-post","status-publish","format-standard","has-post-thumbnail","hentry","category-noticias","tag-evento","tag-feicon","tag-gratuito","tag-nucleo-de-conteudo","tag-palestra","tag-simposio-sincomavi"],"amp_enabled":true,"_links":{"self":[{"href":"https:\/\/sincomavi.org.br\/index.php?rest_route=\/wp\/v2\/posts\/7932","targetHints":{"allow":["GET"]}}],"collection":[{"href":"https:\/\/sincomavi.org.br\/index.php?rest_route=\/wp\/v2\/posts"}],"about":[{"href":"https:\/\/sincomavi.org.br\/index.php?rest_route=\/wp\/v2\/types\/post"}],"author":[{"embeddable":true,"href":"https:\/\/sincomavi.org.br\/index.php?rest_route=\/wp\/v2\/users\/1"}],"replies":[{"embeddable":true,"href":"https:\/\/sincomavi.org.br\/index.php?rest_route=%2Fwp%2Fv2%2Fcomments&post=7932"}],"version-history":[{"count":3,"href":"https:\/\/sincomavi.org.br\/index.php?rest_route=\/wp\/v2\/posts\/7932\/revisions"}],"predecessor-version":[{"id":7935,"href":"https:\/\/sincomavi.org.br\/index.php?rest_route=\/wp\/v2\/posts\/7932\/revisions\/7935"}],"wp:featuredmedia":[{"embeddable":true,"href":"https:\/\/sincomavi.org.br\/index.php?rest_route=\/wp\/v2\/media\/6156"}],"wp:attachment":[{"href":"https:\/\/sincomavi.org.br\/index.php?rest_route=%2Fwp%2Fv2%2Fmedia&parent=7932"}],"wp:term":[{"taxonomy":"category","embeddable":true,"href":"https:\/\/sincomavi.org.br\/index.php?rest_route=%2Fwp%2Fv2%2Fcategories&post=7932"},{"taxonomy":"post_tag","embeddable":true,"href":"https:\/\/sincomavi.org.br\/index.php?rest_route=%2Fwp%2Fv2%2Ftags&post=7932"}],"curies":[{"name":"wp","href":"https:\/\/api.w.org\/{rel}","templated":true}]}}