{"id":7921,"date":"2022-03-18T11:24:27","date_gmt":"2022-03-18T14:24:27","guid":{"rendered":"https:\/\/sincomavi.org.br\/?p=7921"},"modified":"2022-03-18T11:26:33","modified_gmt":"2022-03-18T14:26:33","slug":"uso-de-mascaras-e-flexibilizado","status":"publish","type":"post","link":"https:\/\/sincomavi.org.br\/?p=7921","title":{"rendered":"Uso de m\u00e1scaras \u00e9 flexibilizado"},"content":{"rendered":"<style>.wp-block-kadence-spacer.kt-block-spacer-_fc8e87-ea .kt-block-spacer{height:60px;}.wp-block-kadence-spacer.kt-block-spacer-_fc8e87-ea .kt-divider{border-top-width:1px;height:1px;border-top-color:#eee;width:80%;border-top-style:solid;}<\/style>\n<div class=\"wp-block-kadence-spacer aligncenter kt-block-spacer-_fc8e87-ea\"><div class=\"kt-block-spacer kt-block-spacer-halign-center\"><hr class=\"kt-divider\"\/><\/div><\/div>\n\n\n\n<p>18\/03\/22 &#8211; O Governo do Estado de S\u00e3o Paulo anunciou o fim da obrigatoriedade do uso de m\u00e1scaras em locais fechados no territ\u00f3rio paulista. No entanto, existem algumas exce\u00e7\u00f5es, pois as m\u00e1scaras continuam sendo obrigat\u00f3rias em unidades de sa\u00fade, hospitais, transporte p\u00fablico e nos acessos a esses locais (plataformas, corredores, halls etc.). O Decreto 66.575\/22 foi publicado ontem em edi\u00e7\u00e3o extra do Di\u00e1rio Oficial do Estado, com vig\u00eancia imediata.<\/p>\n\n\n\n<p>A medida tamb\u00e9m est\u00e1 valendo na cidade de S\u00e3o Paulo, conforme o Decreto n\u00ba 61.149, publicado no Di\u00e1rio Oficial do munic\u00edpio na data de hoje, 18 de mar\u00e7o de 2022, com as mesmas exce\u00e7\u00f5es determinadas pelo governo estadual na \u00e1rea da sa\u00fade, transporte p\u00fablico e seus acessos.<\/p>\n\n\n\n<p>Lembre-se que a flexibiliza\u00e7\u00e3o permitida pelos decretos dizem a respeito somente \u00e0s m\u00e1scaras e n\u00e3o modificaram e nem mencionaram as outras medidas oficiais em rela\u00e7\u00e3o \u00e0 preven\u00e7\u00e3o ao cont\u00e1gio (uso de \u00e1lcool gel, sinaliza\u00e7\u00e3o, outros meios de evitar aglomera\u00e7\u00e3o etc.) determinadas anteriormente.<\/p>\n\n\n\n<p>Vale ressaltar que antes de adotar qualquer iniciativa a respeito, recomenda-se ao comerciante o estudo detalhado da legisla\u00e7\u00e3o espec\u00edfica de cada munic\u00edpio.<\/p>\n\n\n<style>.wp-block-kadence-spacer.kt-block-spacer-_eadeb2-de .kt-block-spacer{height:60px;}.wp-block-kadence-spacer.kt-block-spacer-_eadeb2-de .kt-divider{border-top-width:1px;height:1px;border-top-color:#eee;width:80%;border-top-style:solid;}<\/style>\n<div class=\"wp-block-kadence-spacer aligncenter kt-block-spacer-_eadeb2-de\"><div class=\"kt-block-spacer kt-block-spacer-halign-center\"><hr class=\"kt-divider\"\/><\/div><\/div>\n","protected":false},"excerpt":{"rendered":"<p>18\/03\/22 &#8211; O Governo do Estado de S\u00e3o Paulo anunciou o fim da obrigatoriedade do uso de m\u00e1scaras em locais fechados no territ\u00f3rio paulista. No entanto, existem algumas exce\u00e7\u00f5es, pois as m\u00e1scaras continuam sendo obrigat\u00f3rias em unidades de sa\u00fade, hospitais, transporte p\u00fablico e nos acessos a esses locais (plataformas, corredores, halls etc.). O Decreto 66.575\/22 [&hellip;]<\/p>\n","protected":false},"author":1,"featured_media":7922,"comment_status":"closed","ping_status":"open","sticky":false,"template":"","format":"standard","meta":{"tdm_status":"","tdm_grid_status":"","footnotes":""},"categories":[157],"tags":[349,397,901,900,899,527],"class_list":["post-7921","post","type-post","status-publish","format-standard","has-post-thumbnail","hentry","category-alerta","tag-coronavirus","tag-covid-19","tag-decreto-61149-22","tag-decreto-66575-22","tag-governo-do-estado-de-sao-paulo","tag-mascara"],"amp_enabled":true,"_links":{"self":[{"href":"https:\/\/sincomavi.org.br\/index.php?rest_route=\/wp\/v2\/posts\/7921","targetHints":{"allow":["GET"]}}],"collection":[{"href":"https:\/\/sincomavi.org.br\/index.php?rest_route=\/wp\/v2\/posts"}],"about":[{"href":"https:\/\/sincomavi.org.br\/index.php?rest_route=\/wp\/v2\/types\/post"}],"author":[{"embeddable":true,"href":"https:\/\/sincomavi.org.br\/index.php?rest_route=\/wp\/v2\/users\/1"}],"replies":[{"embeddable":true,"href":"https:\/\/sincomavi.org.br\/index.php?rest_route=%2Fwp%2Fv2%2Fcomments&post=7921"}],"version-history":[{"count":3,"href":"https:\/\/sincomavi.org.br\/index.php?rest_route=\/wp\/v2\/posts\/7921\/revisions"}],"predecessor-version":[{"id":7925,"href":"https:\/\/sincomavi.org.br\/index.php?rest_route=\/wp\/v2\/posts\/7921\/revisions\/7925"}],"wp:featuredmedia":[{"embeddable":true,"href":"https:\/\/sincomavi.org.br\/index.php?rest_route=\/wp\/v2\/media\/7922"}],"wp:attachment":[{"href":"https:\/\/sincomavi.org.br\/index.php?rest_route=%2Fwp%2Fv2%2Fmedia&parent=7921"}],"wp:term":[{"taxonomy":"category","embeddable":true,"href":"https:\/\/sincomavi.org.br\/index.php?rest_route=%2Fwp%2Fv2%2Fcategories&post=7921"},{"taxonomy":"post_tag","embeddable":true,"href":"https:\/\/sincomavi.org.br\/index.php?rest_route=%2Fwp%2Fv2%2Ftags&post=7921"}],"curies":[{"name":"wp","href":"https:\/\/api.w.org\/{rel}","templated":true}]}}