{"id":7916,"date":"2022-03-17T13:55:27","date_gmt":"2022-03-17T16:55:27","guid":{"rendered":"https:\/\/sincomavi.org.br\/?p=7916"},"modified":"2022-03-17T13:56:27","modified_gmt":"2022-03-17T16:56:27","slug":"recuo-de-43-na-demanda-por-credito","status":"publish","type":"post","link":"https:\/\/sincomavi.org.br\/?p=7916","title":{"rendered":"Recuo de 4,3% na demanda por cr\u00e9dito"},"content":{"rendered":"<style>.wp-block-kadence-spacer.kt-block-spacer-_c6a44b-12 .kt-block-spacer{height:60px;}.wp-block-kadence-spacer.kt-block-spacer-_c6a44b-12 .kt-divider{border-top-width:1px;height:1px;border-top-color:#eee;width:80%;border-top-style:solid;}<\/style>\n<div class=\"wp-block-kadence-spacer aligncenter kt-block-spacer-_c6a44b-12\"><div class=\"kt-block-spacer kt-block-spacer-halign-center\"><hr class=\"kt-divider\"\/><\/div><\/div>\n\n\n\n<p>Dados coletados pela Boa Vista mostram que ocorreu uma redu\u00e7\u00e3o de 4,3% entre os meses de janeiro e fevereiro na compara\u00e7\u00e3o dos dados dessazonalizados na demanda por cr\u00e9dito. Mesmo assim, a m\u00e9dia m\u00f3vel trimestral ainda revela um aumento de 5,6% no trimestre encerrado em fevereiro contra o trimestre encerrado em novembro. J\u00e1 na compara\u00e7\u00e3o interanual os n\u00fameros se revelam maiores: alta de 17,4%.<\/p>\n\n\n\n<p>O segmento caiu no per\u00edodo 2% na compara\u00e7\u00e3o mensal. Por sua vez, o n\u00e3o finaceiro sofreu uma queda superior, chegando aos 5,7%.<\/p>\n\n\n<style>.wp-block-kadence-spacer.kt-block-spacer-_64f2da-38 .kt-block-spacer{height:60px;}.wp-block-kadence-spacer.kt-block-spacer-_64f2da-38 .kt-divider{border-top-width:1px;height:1px;border-top-color:#eee;width:80%;border-top-style:solid;}<\/style>\n<div class=\"wp-block-kadence-spacer aligncenter kt-block-spacer-_64f2da-38\"><div class=\"kt-block-spacer kt-block-spacer-halign-center\"><hr class=\"kt-divider\"\/><\/div><\/div>\n","protected":false},"excerpt":{"rendered":"<p>Dados coletados pela Boa Vista mostram que ocorreu uma redu\u00e7\u00e3o de 4,3% entre os meses de janeiro e fevereiro na compara\u00e7\u00e3o dos dados dessazonalizados na demanda por cr\u00e9dito. Mesmo assim, a m\u00e9dia m\u00f3vel trimestral ainda revela um aumento de 5,6% no trimestre encerrado em fevereiro contra o trimestre encerrado em novembro. J\u00e1 na compara\u00e7\u00e3o interanual [&hellip;]<\/p>\n","protected":false},"author":1,"featured_media":7919,"comment_status":"closed","ping_status":"open","sticky":false,"template":"","format":"standard","meta":{"tdm_status":"","tdm_grid_status":"","footnotes":""},"categories":[153],"tags":[809,199,225,250,620,160,200],"class_list":["post-7916","post","type-post","status-publish","format-standard","has-post-thumbnail","hentry","category-noticias","tag-boa-vista","tag-comercio","tag-consumo","tag-credito","tag-levantamento","tag-pesquisa","tag-varejo"],"amp_enabled":true,"_links":{"self":[{"href":"https:\/\/sincomavi.org.br\/index.php?rest_route=\/wp\/v2\/posts\/7916","targetHints":{"allow":["GET"]}}],"collection":[{"href":"https:\/\/sincomavi.org.br\/index.php?rest_route=\/wp\/v2\/posts"}],"about":[{"href":"https:\/\/sincomavi.org.br\/index.php?rest_route=\/wp\/v2\/types\/post"}],"author":[{"embeddable":true,"href":"https:\/\/sincomavi.org.br\/index.php?rest_route=\/wp\/v2\/users\/1"}],"replies":[{"embeddable":true,"href":"https:\/\/sincomavi.org.br\/index.php?rest_route=%2Fwp%2Fv2%2Fcomments&post=7916"}],"version-history":[{"count":1,"href":"https:\/\/sincomavi.org.br\/index.php?rest_route=\/wp\/v2\/posts\/7916\/revisions"}],"predecessor-version":[{"id":7918,"href":"https:\/\/sincomavi.org.br\/index.php?rest_route=\/wp\/v2\/posts\/7916\/revisions\/7918"}],"wp:featuredmedia":[{"embeddable":true,"href":"https:\/\/sincomavi.org.br\/index.php?rest_route=\/wp\/v2\/media\/7919"}],"wp:attachment":[{"href":"https:\/\/sincomavi.org.br\/index.php?rest_route=%2Fwp%2Fv2%2Fmedia&parent=7916"}],"wp:term":[{"taxonomy":"category","embeddable":true,"href":"https:\/\/sincomavi.org.br\/index.php?rest_route=%2Fwp%2Fv2%2Fcategories&post=7916"},{"taxonomy":"post_tag","embeddable":true,"href":"https:\/\/sincomavi.org.br\/index.php?rest_route=%2Fwp%2Fv2%2Ftags&post=7916"}],"curies":[{"name":"wp","href":"https:\/\/api.w.org\/{rel}","templated":true}]}}