{"id":7767,"date":"2022-02-25T13:38:44","date_gmt":"2022-02-25T16:38:44","guid":{"rendered":"https:\/\/sincomavi.org.br\/?p=7767"},"modified":"2022-02-25T13:38:45","modified_gmt":"2022-02-25T16:38:45","slug":"confianca-do-comercio-volta-a-subir","status":"publish","type":"post","link":"https:\/\/sincomavi.org.br\/?p=7767","title":{"rendered":"Confian\u00e7a do Com\u00e9rcio volta a subir"},"content":{"rendered":"<style>.wp-block-kadence-spacer.kt-block-spacer-_4294fa-ef .kt-block-spacer{height:60px;}.wp-block-kadence-spacer.kt-block-spacer-_4294fa-ef .kt-divider{border-top-width:1px;height:1px;border-top-color:#eee;width:80%;border-top-style:solid;}<\/style>\n<div class=\"wp-block-kadence-spacer aligncenter kt-block-spacer-_4294fa-ef\"><div class=\"kt-block-spacer kt-block-spacer-halign-center\" style=\"height:60px\"><hr class=\"kt-divider\" style=\"border-top-color:#eee;border-top-width:1px;width:80%;border-top-style:solid\"\/><\/div><\/div>\n\n\n\n<p>Ap\u00f3s tr\u00eas quedas consecutivas, o \u00cdndice de Confian\u00e7a do Com\u00e9rcio (ICOM),&nbsp;do Instituto Brasileiro de Economia da FGV (FGV IBRE), contou com uma alta de 2,1 pontos em fevereiro, passando de 84,9 para 87,0 pontos. Apesar do desempenho favor\u00e1vel, em m\u00e9dias m\u00f3veis trimestrais o indicador continuou em queda: recuo de 0,3 ponto.<br>&nbsp;<\/p>\n\n\n\n<p>Rodolpho Tobler, economista do FGV IBRE, comenta que depois de alguns meses com n\u00fameros negativos, a confian\u00e7a do com\u00e9rcio voltou a subir. \u201cMesmo com o resultado positivo, ainda \u00e9 necess\u00e1ria certa cautela\u201d, avalia. \u201cA melhora de fevereiro foi totalmente influenciada pelas expectativas, que tem se comportado de forma um pouco mais vol\u00e1til nos \u00faltimos meses\u201d. Enquanto a percep\u00e7\u00e3o sobre o volume de vendas no m\u00eas cai pelo s\u00e9timo m\u00eas consecutivo, sugerindo que o setor tem tido dificuldades em voltar ao caminho da recupera\u00e7\u00e3o. Para os pr\u00f3ximos meses, a expectativa ainda n\u00e3o \u00e9 muito positiva, em especial no curto prazo. \u201cMesmo com controle da pandemia, o cen\u00e1rio macroecon\u00f4mico negativo ainda deve dominar as expectativas mais fracas\u201d, finaliza.<\/p>\n\n\n\n<div class=\"wp-block-image\"><figure class=\"aligncenter size-large\"><img loading=\"lazy\" decoding=\"async\" width=\"1024\" height=\"649\" src=\"https:\/\/sincomavi.org.br\/wp-content\/uploads\/2022\/02\/sondagem-do-comercio-fgv_press-release_fev22_0-1-1024x649.jpg\" alt=\"\" class=\"wp-image-7768\" srcset=\"https:\/\/sincomavi.org.br\/wp-content\/uploads\/2022\/02\/sondagem-do-comercio-fgv_press-release_fev22_0-1-1024x649.jpg 1024w, https:\/\/sincomavi.org.br\/wp-content\/uploads\/2022\/02\/sondagem-do-comercio-fgv_press-release_fev22_0-1-300x190.jpg 300w, https:\/\/sincomavi.org.br\/wp-content\/uploads\/2022\/02\/sondagem-do-comercio-fgv_press-release_fev22_0-1-768x487.jpg 768w, https:\/\/sincomavi.org.br\/wp-content\/uploads\/2022\/02\/sondagem-do-comercio-fgv_press-release_fev22_0-1-663x420.jpg 663w, https:\/\/sincomavi.org.br\/wp-content\/uploads\/2022\/02\/sondagem-do-comercio-fgv_press-release_fev22_0-1-640x406.jpg 640w, https:\/\/sincomavi.org.br\/wp-content\/uploads\/2022\/02\/sondagem-do-comercio-fgv_press-release_fev22_0-1-681x432.jpg 681w, https:\/\/sincomavi.org.br\/wp-content\/uploads\/2022\/02\/sondagem-do-comercio-fgv_press-release_fev22_0-1.jpg 1453w\" sizes=\"auto, (max-width: 1024px) 100vw, 1024px\" \/><figcaption>Fonte: FGV  IBRE<\/figcaption><\/figure><\/div>\n\n\n<style>.wp-block-kadence-spacer.kt-block-spacer-_420e90-f3 .kt-block-spacer{height:60px;}.wp-block-kadence-spacer.kt-block-spacer-_420e90-f3 .kt-divider{border-top-width:1px;height:1px;border-top-color:#eee;width:80%;border-top-style:solid;}<\/style>\n<div class=\"wp-block-kadence-spacer aligncenter kt-block-spacer-_420e90-f3\"><div class=\"kt-block-spacer kt-block-spacer-halign-center\" style=\"height:60px\"><hr class=\"kt-divider\" style=\"border-top-color:#eee;border-top-width:1px;width:80%;border-top-style:solid\"\/><\/div><\/div>\n","protected":false},"excerpt":{"rendered":"<p>Ap\u00f3s tr\u00eas quedas consecutivas, o \u00cdndice de Confian\u00e7a do Com\u00e9rcio (ICOM),&nbsp;do Instituto Brasileiro de Economia da FGV (FGV IBRE), contou com uma alta de 2,1 pontos em fevereiro, passando de 84,9 para 87,0 pontos. Apesar do desempenho favor\u00e1vel, em m\u00e9dias m\u00f3veis trimestrais o indicador continuou em queda: recuo de 0,3 ponto.&nbsp; Rodolpho Tobler, economista do [&hellip;]<\/p>\n","protected":false},"author":1,"featured_media":7769,"comment_status":"closed","ping_status":"open","sticky":false,"template":"","format":"standard","meta":{"tdm_status":"","tdm_grid_status":"","footnotes":""},"categories":[153],"tags":[199,204,632,754,620,160,200],"class_list":["post-7767","post","type-post","status-publish","format-standard","has-post-thumbnail","hentry","category-noticias","tag-comercio","tag-confianca","tag-estudo-setorial","tag-fgv-ibre","tag-levantamento","tag-pesquisa","tag-varejo"],"amp_enabled":true,"_links":{"self":[{"href":"https:\/\/sincomavi.org.br\/index.php?rest_route=\/wp\/v2\/posts\/7767","targetHints":{"allow":["GET"]}}],"collection":[{"href":"https:\/\/sincomavi.org.br\/index.php?rest_route=\/wp\/v2\/posts"}],"about":[{"href":"https:\/\/sincomavi.org.br\/index.php?rest_route=\/wp\/v2\/types\/post"}],"author":[{"embeddable":true,"href":"https:\/\/sincomavi.org.br\/index.php?rest_route=\/wp\/v2\/users\/1"}],"replies":[{"embeddable":true,"href":"https:\/\/sincomavi.org.br\/index.php?rest_route=%2Fwp%2Fv2%2Fcomments&post=7767"}],"version-history":[{"count":1,"href":"https:\/\/sincomavi.org.br\/index.php?rest_route=\/wp\/v2\/posts\/7767\/revisions"}],"predecessor-version":[{"id":7770,"href":"https:\/\/sincomavi.org.br\/index.php?rest_route=\/wp\/v2\/posts\/7767\/revisions\/7770"}],"wp:featuredmedia":[{"embeddable":true,"href":"https:\/\/sincomavi.org.br\/index.php?rest_route=\/wp\/v2\/media\/7769"}],"wp:attachment":[{"href":"https:\/\/sincomavi.org.br\/index.php?rest_route=%2Fwp%2Fv2%2Fmedia&parent=7767"}],"wp:term":[{"taxonomy":"category","embeddable":true,"href":"https:\/\/sincomavi.org.br\/index.php?rest_route=%2Fwp%2Fv2%2Fcategories&post=7767"},{"taxonomy":"post_tag","embeddable":true,"href":"https:\/\/sincomavi.org.br\/index.php?rest_route=%2Fwp%2Fv2%2Ftags&post=7767"}],"curies":[{"name":"wp","href":"https:\/\/api.w.org\/{rel}","templated":true}]}}