{"id":7756,"date":"2022-02-24T09:50:48","date_gmt":"2022-02-24T12:50:48","guid":{"rendered":"https:\/\/sincomavi.org.br\/?p=7756"},"modified":"2022-03-29T11:17:09","modified_gmt":"2022-03-29T14:17:09","slug":"pintou-sobrou-levou-campanha-tera-inicio-em-05-de-marco","status":"publish","type":"post","link":"https:\/\/sincomavi.org.br\/?p=7756","title":{"rendered":"Campanha &#8220;Pintou, Sobrou, Levou&#8221; come\u00e7a em 05 de mar\u00e7o"},"content":{"rendered":"<style>.wp-block-kadence-spacer.kt-block-spacer-_fe9cbb-dc .kt-block-spacer{height:60px;}.wp-block-kadence-spacer.kt-block-spacer-_fe9cbb-dc .kt-divider{border-top-width:1px;height:1px;border-top-color:#eee;width:80%;border-top-style:solid;}<\/style>\n<div class=\"wp-block-kadence-spacer aligncenter kt-block-spacer-_fe9cbb-dc\"><div class=\"kt-block-spacer kt-block-spacer-halign-center\"><hr class=\"kt-divider\"\/><\/div><\/div>\n\n\n\n<p>Ser\u00e1 realizada entre os dias 05 de mar\u00e7o e 05 de abril , das 10h \u00e0s 17h, a campanha Pintou, Sobrou, Levou &#8211; uma iniciativa conjunta do com\u00e9rcio, ind\u00fastria, empresas de reciclagem e entidades representativas do setor, incluindo o Sincomavi. O objetivo da iniciativa \u00e9 estudar e produzir um diagn\u00f3stico sobre o descarte adequado de todos os itens utilizados durante a pintura pelo consumidor, como embalagens, acess\u00f3rios e sobras de tintas. Depois de avaliado todo o processo de log\u00edstica reversa, a expectativa \u00e9 a utiliza\u00e7\u00e3o do princ\u00edpio da economia circular e a cria\u00e7\u00e3o de alternativas de reutiliza\u00e7\u00e3o dos res\u00edduos gerados na cadeia.<\/p>\n\n\n\n<p>C&amp;C Aricanduva, Leroy Merlin Morumbi, Telhanorte Marginal Tiet\u00ea e Tintas MC Sa\u00fade ser\u00e3o os estabelecimentos envolvidos no projeto nessa primeira fase e respons\u00e1veis pelo recebimento dos produtos e res\u00edduos p\u00f3s-consumo. Al\u00e9m da coleta dos itens, as lojas repassar\u00e3o informa\u00e7\u00f5es aos clientes sobre as vantagens do consumo consci\u00eancia de tintas, bem como material sobre a import\u00e2ncia de planejar a pintura, como forma de evitar sobras, e as maneiras corretas de dar destina\u00e7\u00e3o aos res\u00edduos, como doa\u00e7\u00e3o e locais preparados para o descarte. Vale lembrar que somente essas quatro lojas estar\u00e3o operando dentro dos par\u00e2metros estabelecidos pela campanha.<\/p>\n\n\n\n<h4 class=\"has-text-align-center wp-block-heading\">Mais informa\u00e7\u00f5es sobre a Campanha Pintou, Sobrou, Levou &#8211; inclusive sobre quantidade m\u00e1xima de descarte -, podem ser obtidas no link abaixo.<\/h4>\n\n\n\n<div style=\"height:6px\" aria-hidden=\"true\" class=\"wp-block-spacer\"><\/div>\n\n\n<style>.wp-block-kadence-advancedbtn.kb-btns_142ea7-66{gap:var(--global-kb-gap-xs, 0.5rem );justify-content:center;align-items:center;}.kt-btns_142ea7-66 .kt-button{font-weight:normal;font-style:normal;}.kt-btns_142ea7-66 .kt-btn-wrap-0{margin-right:5px;}.wp-block-kadence-advancedbtn.kt-btns_142ea7-66 .kt-btn-wrap-0 .kt-button{color:#555555;border-color:#555555;}.wp-block-kadence-advancedbtn.kt-btns_142ea7-66 .kt-btn-wrap-0 .kt-button:hover, .wp-block-kadence-advancedbtn.kt-btns_142ea7-66 .kt-btn-wrap-0 .kt-button:focus{color:#ffffff;border-color:#444444;}.wp-block-kadence-advancedbtn.kt-btns_142ea7-66 .kt-btn-wrap-0 .kt-button::before{display:none;}.wp-block-kadence-advancedbtn.kt-btns_142ea7-66 .kt-btn-wrap-0 .kt-button:hover, .wp-block-kadence-advancedbtn.kt-btns_142ea7-66 .kt-btn-wrap-0 .kt-button:focus{background:#444444;}<\/style>\n<div class=\"wp-block-kadence-advancedbtn kt-btn-align-center kt-btn-tablet-align-inherit kt-btn-mobile-align-inherit kt-btns-wrap kt-btns_142ea7-66\"><div class=\"kt-btn-wrap kt-btn-wrap-0\"><a class=\"kt-button button kt-btn-0-action kt-btn-size-standard kt-btn-style-basic kt-btn-svg-show-always kt-btn-has-text-true kt-btn-has-svg-false\" href=\"https:\/\/representa.fecomercio.com.br\/pintousobroulevou\" target=\"_blank\" rel=\"noreferrer noopener\"><span class=\"kt-btn-inner-text\">CLIQUE AQUI<\/span><\/a><\/div><\/div>\n\n\n\n<div style=\"height:9px\" aria-hidden=\"true\" class=\"wp-block-spacer\"><\/div>\n\n\n\n<h2 class=\"wp-block-heading\">Pintou, Sobrou, Levou \u2013 descarte de tintas, embalagens e acess\u00f3rios de pintura<\/h2>\n\n\n\n<p><strong>Data:<\/strong> 5 de mar\u00e7o a 5 de maio de 2022<\/p>\n\n\n\n<p><strong>Hor\u00e1rio:<\/strong> das 10h \u00e0s 17h<\/p>\n\n\n\n<p><strong>Endere\u00e7os:<\/strong><\/p>\n\n\n\n<p><strong>C&amp;C Aricanduva<\/strong> \u2013 Av. Aricanduva, 5.555<\/p>\n\n\n\n<p><strong>Leroy Merlin Morumbi<\/strong> \u2013 Av. Magalh\u00e3es de Castro, 12.000<\/p>\n\n\n\n<p><strong>Telhanorte Marginal Tiet\u00ea <\/strong>\u2013 Av. Presidente Castelo Branco, 6.201<\/p>\n\n\n\n<p><strong>Tintas MC Sa\u00fade<\/strong> \u2013 Av. Prof. Abra\u00e3o de Morais, 378<\/p>\n\n\n\n<h2 class=\"wp-block-heading\">Execu\u00e7\u00e3o<\/h2>\n\n\n\n<p>Abrafati, Instituto Senai Mario Amato, Rafa Resolve<\/p>\n\n\n\n<h2 class=\"wp-block-heading\">Realiza\u00e7\u00e3o<\/h2>\n\n\n\n<p>Abea\u00e7o, Abiplast, Adolpho Lindemberg, Bomix, C&amp;C, Coral, Engelux, FecomercioSP, Ibratin, Imangai, Leroy Merlin, Luca Ambiental, Multilix, Plano &amp; Plano, Prolata, Quartzolit, Rafa Entulhos, Sincomavi, SindusCon-SP, Sitivesp, Suvinil, Tegra, Telhanorte, Tintas MC, Trisul, Universo Tintas<\/p>\n\n\n\n<h2 class=\"wp-block-heading\">Apoio<\/h2>\n\n\n\n<p>CETESB<\/p>\n\n\n<style>.wp-block-kadence-spacer.kt-block-spacer-_856484-91 .kt-block-spacer{height:60px;}.wp-block-kadence-spacer.kt-block-spacer-_856484-91 .kt-divider{border-top-width:1px;height:1px;border-top-color:#eee;width:80%;border-top-style:solid;}<\/style>\n<div class=\"wp-block-kadence-spacer aligncenter kt-block-spacer-_856484-91\"><div class=\"kt-block-spacer kt-block-spacer-halign-center\"><hr class=\"kt-divider\"\/><\/div><\/div>\n","protected":false},"excerpt":{"rendered":"<p>Ser\u00e1 realizada entre os dias 05 de mar\u00e7o e 05 de abril , das 10h \u00e0s 17h, a campanha Pintou, Sobrou, Levou &#8211; uma iniciativa conjunta do com\u00e9rcio, ind\u00fastria, empresas de reciclagem e entidades representativas do setor, incluindo o Sincomavi. O objetivo da iniciativa \u00e9 estudar e produzir um diagn\u00f3stico sobre o descarte adequado de [&hellip;]<\/p>\n","protected":false},"author":1,"featured_media":7757,"comment_status":"closed","ping_status":"open","sticky":false,"template":"","format":"standard","meta":{"tdm_status":"","tdm_grid_status":"","footnotes":""},"categories":[153],"tags":[194,95,783,778,541,232],"class_list":["post-7756","post","type-post","status-publish","format-standard","has-post-thumbnail","hentry","category-noticias","tag-embalagens","tag-logistica-reversa","tag-pnrs","tag-politica-nacional-de-residuos-solidos","tag-reciclagem","tag-tintas"],"amp_enabled":true,"_links":{"self":[{"href":"https:\/\/sincomavi.org.br\/index.php?rest_route=\/wp\/v2\/posts\/7756","targetHints":{"allow":["GET"]}}],"collection":[{"href":"https:\/\/sincomavi.org.br\/index.php?rest_route=\/wp\/v2\/posts"}],"about":[{"href":"https:\/\/sincomavi.org.br\/index.php?rest_route=\/wp\/v2\/types\/post"}],"author":[{"embeddable":true,"href":"https:\/\/sincomavi.org.br\/index.php?rest_route=\/wp\/v2\/users\/1"}],"replies":[{"embeddable":true,"href":"https:\/\/sincomavi.org.br\/index.php?rest_route=%2Fwp%2Fv2%2Fcomments&post=7756"}],"version-history":[{"count":7,"href":"https:\/\/sincomavi.org.br\/index.php?rest_route=\/wp\/v2\/posts\/7756\/revisions"}],"predecessor-version":[{"id":8069,"href":"https:\/\/sincomavi.org.br\/index.php?rest_route=\/wp\/v2\/posts\/7756\/revisions\/8069"}],"wp:featuredmedia":[{"embeddable":true,"href":"https:\/\/sincomavi.org.br\/index.php?rest_route=\/wp\/v2\/media\/7757"}],"wp:attachment":[{"href":"https:\/\/sincomavi.org.br\/index.php?rest_route=%2Fwp%2Fv2%2Fmedia&parent=7756"}],"wp:term":[{"taxonomy":"category","embeddable":true,"href":"https:\/\/sincomavi.org.br\/index.php?rest_route=%2Fwp%2Fv2%2Fcategories&post=7756"},{"taxonomy":"post_tag","embeddable":true,"href":"https:\/\/sincomavi.org.br\/index.php?rest_route=%2Fwp%2Fv2%2Ftags&post=7756"}],"curies":[{"name":"wp","href":"https:\/\/api.w.org\/{rel}","templated":true}]}}