{"id":7721,"date":"2022-02-22T15:20:14","date_gmt":"2022-02-22T18:20:14","guid":{"rendered":"https:\/\/sincomavi.org.br\/?p=7721"},"modified":"2022-02-22T15:20:15","modified_gmt":"2022-02-22T18:20:15","slug":"alta-de-29-pontos-na-confianca-dos-consumidores-em-fevereiro","status":"publish","type":"post","link":"https:\/\/sincomavi.org.br\/?p=7721","title":{"rendered":"Alta de 2,9 pontos na confian\u00e7a dos consumidores em fevereiro"},"content":{"rendered":"<style>.wp-block-kadence-spacer.kt-block-spacer-_7c0b1a-27 .kt-block-spacer{height:60px;}.wp-block-kadence-spacer.kt-block-spacer-_7c0b1a-27 .kt-divider{border-top-width:1px;height:1px;border-top-color:#eee;width:80%;border-top-style:solid;}<\/style>\n<div class=\"wp-block-kadence-spacer aligncenter kt-block-spacer-_7c0b1a-27\"><div class=\"kt-block-spacer kt-block-spacer-halign-center\" style=\"height:60px\"><hr class=\"kt-divider\" style=\"border-top-color:#eee;border-top-width:1px;width:80%;border-top-style:solid\"\/><\/div><\/div>\n\n\n\n<p>O \u00cdndice de Confian\u00e7a do Consumidor (ICC), da Funda\u00e7\u00e3o Getulio Vargas (FGV IBRE), atingiu os 77,0 pontos em fevereiro &#8211; eleva\u00e7\u00e3o de 2,9 pontos sobre o resultado anterior. Esse foi o maior patamar alcan\u00e7ado pelo indicador desde agosto de 2021, per\u00edodo no qual alcan\u00e7ou 81,8 pontos.<\/p>\n\n\n\n<p>Viviane Seda Bittencourt, coordenadora das Sondagens do FGV IBRE, comenta que os dados do levantamento revelam uma avalia\u00e7\u00e3o menos negativa sobre a situa\u00e7\u00e3o atual e um aumento das expectativas em rela\u00e7\u00e3o aos pr\u00f3ximos meses. \u201cO destaque foi o aumento da inten\u00e7\u00e3o de compras de bens dur\u00e1veis, em queda h\u00e1 cinco meses consecutivos\u201d, ressalta. Outras poss\u00edveis influ\u00eancias s\u00e3o a repercuss\u00e3o positiva do Aux\u00edlio Brasil nas faixas de renda mais baixas, perspectivas mais favor\u00e1veis sobre o mercado de trabalho e situa\u00e7\u00e3o econ\u00f4mica que voltaram a ficar mais otimistas, com indicadores superando o n\u00edvel neutro de 100 pontos. \u201cMas \u00e9 preciso ter cautela, o n\u00edvel ainda \u00e9 muito baixo em termos hist\u00f3ricos e o comportamento vol\u00e1til dos consumidores nos \u00faltimos meses mostram que a incerteza elevada tem afetado bastante a manuten\u00e7\u00e3o de uma tend\u00eancia mais clara da confian\u00e7a no curto prazo\u201d, adverte.<\/p>\n\n\n<style>.wp-block-kadence-spacer.kt-block-spacer-_0f832d-c3 .kt-block-spacer{height:60px;}.wp-block-kadence-spacer.kt-block-spacer-_0f832d-c3 .kt-divider{border-top-width:1px;height:1px;border-top-color:#eee;width:80%;border-top-style:solid;}<\/style>\n<div class=\"wp-block-kadence-spacer aligncenter kt-block-spacer-_0f832d-c3\"><div class=\"kt-block-spacer kt-block-spacer-halign-center\" style=\"height:60px\"><hr class=\"kt-divider\" style=\"border-top-color:#eee;border-top-width:1px;width:80%;border-top-style:solid\"\/><\/div><\/div>\n","protected":false},"excerpt":{"rendered":"<p>O \u00cdndice de Confian\u00e7a do Consumidor (ICC), da Funda\u00e7\u00e3o Getulio Vargas (FGV IBRE), atingiu os 77,0 pontos em fevereiro &#8211; eleva\u00e7\u00e3o de 2,9 pontos sobre o resultado anterior. Esse foi o maior patamar alcan\u00e7ado pelo indicador desde agosto de 2021, per\u00edodo no qual alcan\u00e7ou 81,8 pontos. Viviane Seda Bittencourt, coordenadora das Sondagens do FGV IBRE, [&hellip;]<\/p>\n","protected":false},"author":1,"featured_media":7722,"comment_status":"closed","ping_status":"open","sticky":false,"template":"","format":"standard","meta":{"tdm_status":"","tdm_grid_status":"","footnotes":""},"categories":[153],"tags":[204,205,754,885],"class_list":["post-7721","post","type-post","status-publish","format-standard","has-post-thumbnail","hentry","category-noticias","tag-confianca","tag-consumidor","tag-fgv-ibre","tag-icc"],"amp_enabled":true,"_links":{"self":[{"href":"https:\/\/sincomavi.org.br\/index.php?rest_route=\/wp\/v2\/posts\/7721","targetHints":{"allow":["GET"]}}],"collection":[{"href":"https:\/\/sincomavi.org.br\/index.php?rest_route=\/wp\/v2\/posts"}],"about":[{"href":"https:\/\/sincomavi.org.br\/index.php?rest_route=\/wp\/v2\/types\/post"}],"author":[{"embeddable":true,"href":"https:\/\/sincomavi.org.br\/index.php?rest_route=\/wp\/v2\/users\/1"}],"replies":[{"embeddable":true,"href":"https:\/\/sincomavi.org.br\/index.php?rest_route=%2Fwp%2Fv2%2Fcomments&post=7721"}],"version-history":[{"count":1,"href":"https:\/\/sincomavi.org.br\/index.php?rest_route=\/wp\/v2\/posts\/7721\/revisions"}],"predecessor-version":[{"id":7723,"href":"https:\/\/sincomavi.org.br\/index.php?rest_route=\/wp\/v2\/posts\/7721\/revisions\/7723"}],"wp:featuredmedia":[{"embeddable":true,"href":"https:\/\/sincomavi.org.br\/index.php?rest_route=\/wp\/v2\/media\/7722"}],"wp:attachment":[{"href":"https:\/\/sincomavi.org.br\/index.php?rest_route=%2Fwp%2Fv2%2Fmedia&parent=7721"}],"wp:term":[{"taxonomy":"category","embeddable":true,"href":"https:\/\/sincomavi.org.br\/index.php?rest_route=%2Fwp%2Fv2%2Fcategories&post=7721"},{"taxonomy":"post_tag","embeddable":true,"href":"https:\/\/sincomavi.org.br\/index.php?rest_route=%2Fwp%2Fv2%2Ftags&post=7721"}],"curies":[{"name":"wp","href":"https:\/\/api.w.org\/{rel}","templated":true}]}}