{"id":7695,"date":"2022-02-17T08:24:00","date_gmt":"2022-02-17T11:24:00","guid":{"rendered":"https:\/\/sincomavi.org.br\/?p=7695"},"modified":"2022-02-16T08:25:21","modified_gmt":"2022-02-16T11:25:21","slug":"madeira-e-produtos-derivados-tambem-recebem-fiscalizacao-especial","status":"publish","type":"post","link":"https:\/\/sincomavi.org.br\/?p=7695","title":{"rendered":"Madeira e produtos derivados tamb\u00e9m recebem fiscaliza\u00e7\u00e3o especial"},"content":{"rendered":"<style>.wp-block-kadence-spacer.kt-block-spacer-_b606b1-4c .kt-block-spacer{height:60px;}.wp-block-kadence-spacer.kt-block-spacer-_b606b1-4c .kt-divider{border-top-width:1px;height:1px;border-top-color:#eee;width:80%;border-top-style:solid;}<\/style>\n<div class=\"wp-block-kadence-spacer aligncenter kt-block-spacer-_b606b1-4c\"><div class=\"kt-block-spacer kt-block-spacer-halign-center\" style=\"height:60px\"><hr class=\"kt-divider\" style=\"border-top-color:#eee;border-top-width:1px;width:80%;border-top-style:solid\"\/><\/div><\/div>\n\n\n\n<p>Com a cria\u00e7\u00e3o do Procon-SP Ambiental, em meados do ano passado, foi refor\u00e7ado o controle sobre as opera\u00e7\u00f5es dos comerciantes que trabalham com madeira nativa. Com o apoio de agentes da Pol\u00edcia Militar Ambiental e da Secretaria de Infraestrutura e Meio Ambiente (SIMA), as a\u00e7\u00f5es s\u00e3o realizadas principalmente, mas n\u00e3o somente, nos estabelecimentos especializados (madeireiras). Por essa raz\u00e3o, os varejos que possuem produtos dessa linha precisam ter aten\u00e7\u00e3o sobre a proced\u00eancia da mat\u00e9ria-prima, pois as irregularidades est\u00e3o sujeitas a multas e puni\u00e7\u00f5es na esfera criminal.<\/p>\n\n\n\n<p>Existe ainda a expectativa do Procon-SP Ambiental ter uma atua\u00e7\u00e3o mais efetiva na fiscaliza\u00e7\u00e3o em quest\u00f5es que envolvem o tratamento de res\u00edduos s\u00f3lidos. Num primeiro momento esse trabalho estar\u00e1 calcado em a\u00e7\u00f5es educativas e na emiss\u00e3o de selo de compromisso ambiental dirigida \u00e0s empresas que, segundo comunicado do Governo do Estado de S\u00e3o Paulo, \u201caderirem aos termos volunt\u00e1rios de compromisso para iniciativas, como expans\u00e3o de pontos de coleta de produtos, incentivos ambientais ao consumidor e planos de comunica\u00e7\u00e3o para divulga\u00e7\u00e3o de a\u00e7\u00f5es de conscientiza\u00e7\u00e3o ambiental\u201d.<\/p>\n\n\n\n<p>Vale lembrar que a fiscaliza\u00e7\u00e3o dessa nova unidade do Procon-SP j\u00e1 teve in\u00edcio e as opera\u00e7\u00f5es devem se intensificar nos pr\u00f3ximos meses em raz\u00e3o da regulamenta\u00e7\u00e3o de legisla\u00e7\u00e3o de cunho ambiental.<\/p>\n\n\n\n<div style=\"height:8px\" aria-hidden=\"true\" class=\"wp-block-spacer\"><\/div>\n\n\n\n<ul class=\"wp-block-list\"><li><strong>Fa\u00e7a o download da Cartilha de Log\u00edstica Reversa do Sincomavi<\/strong><\/li><\/ul>\n\n\n<style>.wp-block-kadence-advancedbtn.kb-btns_8e52f3-72{gap:var(--global-kb-gap-xs, 0.5rem );justify-content:center;align-items:center;}.kt-btns_8e52f3-72 .kt-button{font-weight:normal;font-style:normal;}.kt-btns_8e52f3-72 .kt-btn-wrap-0{margin-right:5px;}.wp-block-kadence-advancedbtn.kt-btns_8e52f3-72 .kt-btn-wrap-0 .kt-button{color:#555555;border-color:#555555;}.wp-block-kadence-advancedbtn.kt-btns_8e52f3-72 .kt-btn-wrap-0 .kt-button:hover, .wp-block-kadence-advancedbtn.kt-btns_8e52f3-72 .kt-btn-wrap-0 .kt-button:focus{color:#ffffff;border-color:#444444;}.wp-block-kadence-advancedbtn.kt-btns_8e52f3-72 .kt-btn-wrap-0 .kt-button::before{display:none;}.wp-block-kadence-advancedbtn.kt-btns_8e52f3-72 .kt-btn-wrap-0 .kt-button:hover, .wp-block-kadence-advancedbtn.kt-btns_8e52f3-72 .kt-btn-wrap-0 .kt-button:focus{background:#444444;}<\/style>\n<div class=\"wp-block-kadence-advancedbtn kt-btn-align-center kt-btn-tablet-align-inherit kt-btn-mobile-align-inherit kt-btns-wrap kt-btns_8e52f3-72\"><div class=\"kt-btn-wrap kt-btn-wrap-0\"><a class=\"kt-button button kt-btn-0-action kt-btn-size-standard kt-btn-style-basic kt-btn-svg-show-always kt-btn-has-text-true kt-btn-has-svg-false\" href=\"https:\/\/sincomavi.org.br\/wp-content\/uploads\/2022\/02\/MANUAL_LOGISTICA_REVERSA_2022-1.pdf\" target=\"_blank\" rel=\"noreferrer noopener\"><span class=\"kt-btn-inner-text\">CLIQUE AQUI<\/span><\/a><\/div><\/div>\n\n\n<style>.wp-block-kadence-spacer.kt-block-spacer-_c8df17-5b .kt-block-spacer{height:60px;}.wp-block-kadence-spacer.kt-block-spacer-_c8df17-5b .kt-divider{border-top-width:1px;height:1px;border-top-color:#eee;width:80%;border-top-style:solid;}<\/style>\n<div class=\"wp-block-kadence-spacer aligncenter kt-block-spacer-_c8df17-5b\"><div class=\"kt-block-spacer kt-block-spacer-halign-center\" style=\"height:60px\"><hr class=\"kt-divider\" style=\"border-top-color:#eee;border-top-width:1px;width:80%;border-top-style:solid\"\/><\/div><\/div>\n","protected":false},"excerpt":{"rendered":"<p>Com a cria\u00e7\u00e3o do Procon-SP Ambiental, em meados do ano passado, foi refor\u00e7ado o controle sobre as opera\u00e7\u00f5es dos comerciantes que trabalham com madeira nativa. Com o apoio de agentes da Pol\u00edcia Militar Ambiental e da Secretaria de Infraestrutura e Meio Ambiente (SIMA), as a\u00e7\u00f5es s\u00e3o realizadas principalmente, mas n\u00e3o somente, nos estabelecimentos especializados (madeireiras). [&hellip;]<\/p>\n","protected":false},"author":1,"featured_media":7696,"comment_status":"closed","ping_status":"open","sticky":false,"template":"","format":"standard","meta":{"tdm_status":"","tdm_grid_status":"","footnotes":""},"categories":[153],"tags":[199,96,434,158,71,746,200],"class_list":["post-7695","post","type-post","status-publish","format-standard","has-post-thumbnail","hentry","category-noticias","tag-comercio","tag-fiscalizacao","tag-madeira","tag-material-de-construcao","tag-procon","tag-procon-sp-ambiental","tag-varejo"],"amp_enabled":true,"_links":{"self":[{"href":"https:\/\/sincomavi.org.br\/index.php?rest_route=\/wp\/v2\/posts\/7695","targetHints":{"allow":["GET"]}}],"collection":[{"href":"https:\/\/sincomavi.org.br\/index.php?rest_route=\/wp\/v2\/posts"}],"about":[{"href":"https:\/\/sincomavi.org.br\/index.php?rest_route=\/wp\/v2\/types\/post"}],"author":[{"embeddable":true,"href":"https:\/\/sincomavi.org.br\/index.php?rest_route=\/wp\/v2\/users\/1"}],"replies":[{"embeddable":true,"href":"https:\/\/sincomavi.org.br\/index.php?rest_route=%2Fwp%2Fv2%2Fcomments&post=7695"}],"version-history":[{"count":1,"href":"https:\/\/sincomavi.org.br\/index.php?rest_route=\/wp\/v2\/posts\/7695\/revisions"}],"predecessor-version":[{"id":7697,"href":"https:\/\/sincomavi.org.br\/index.php?rest_route=\/wp\/v2\/posts\/7695\/revisions\/7697"}],"wp:featuredmedia":[{"embeddable":true,"href":"https:\/\/sincomavi.org.br\/index.php?rest_route=\/wp\/v2\/media\/7696"}],"wp:attachment":[{"href":"https:\/\/sincomavi.org.br\/index.php?rest_route=%2Fwp%2Fv2%2Fmedia&parent=7695"}],"wp:term":[{"taxonomy":"category","embeddable":true,"href":"https:\/\/sincomavi.org.br\/index.php?rest_route=%2Fwp%2Fv2%2Fcategories&post=7695"},{"taxonomy":"post_tag","embeddable":true,"href":"https:\/\/sincomavi.org.br\/index.php?rest_route=%2Fwp%2Fv2%2Ftags&post=7695"}],"curies":[{"name":"wp","href":"https:\/\/api.w.org\/{rel}","templated":true}]}}