{"id":7649,"date":"2022-02-10T09:31:59","date_gmt":"2022-02-10T12:31:59","guid":{"rendered":"https:\/\/sincomavi.org.br\/?p=7649"},"modified":"2022-09-23T10:07:12","modified_gmt":"2022-09-23T13:07:12","slug":"sao-paulo-vendas-de-materiais-de-construcao-desaceleram-em-2021","status":"publish","type":"post","link":"https:\/\/sincomavi.org.br\/?p=7649","title":{"rendered":"S\u00e3o Paulo:  vendas de material de constru\u00e7\u00e3o desaceleraram em 2021"},"content":{"rendered":"<style>.wp-block-kadence-spacer.kt-block-spacer-_2257ad-5a .kt-block-spacer{height:60px;}.wp-block-kadence-spacer.kt-block-spacer-_2257ad-5a .kt-divider{border-top-width:1px;height:1px;border-top-color:#eee;width:80%;border-top-style:solid;}<\/style>\n<div class=\"wp-block-kadence-spacer aligncenter kt-block-spacer-_2257ad-5a\"><div class=\"kt-block-spacer kt-block-spacer-halign-center\"><hr class=\"kt-divider\"\/><\/div><\/div>\n\n\n\n<p>O volume de vendas do com\u00e9rcio de material de constru\u00e7\u00e3o paulista encerrou o m\u00eas de dezembro com queda de 7,5% em rela\u00e7\u00e3o ao mesmo per\u00edodo do ano anterior. O recuo \u00e9 mais ameno que o indicador visto no \u00e2mbito nacional (-8,3%), mas \u00e9 mais agudo que o registrado em novembro\/21, quando apresentou uma queda de 6,2% na compara\u00e7\u00e3o interanual.<\/p>\n\n\n\n<p><strong>Evolu\u00e7\u00e3o mensal do \u00edndice de volume de vendas do com\u00e9rcio de material de constru\u00e7\u00e3o \u2013 M\u00eas contra mesmo m\u00eas do ano anterior<\/strong><\/p>\n\n\n\n<figure class=\"wp-block-image size-full\"><img loading=\"lazy\" decoding=\"async\" width=\"889\" height=\"508\" src=\"https:\/\/sincomavi.org.br\/wp-content\/uploads\/2022\/02\/image-5.png\" alt=\"\" class=\"wp-image-7650\" srcset=\"https:\/\/sincomavi.org.br\/wp-content\/uploads\/2022\/02\/image-5.png 889w, https:\/\/sincomavi.org.br\/wp-content\/uploads\/2022\/02\/image-5-300x171.png 300w, https:\/\/sincomavi.org.br\/wp-content\/uploads\/2022\/02\/image-5-768x439.png 768w, https:\/\/sincomavi.org.br\/wp-content\/uploads\/2022\/02\/image-5-735x420.png 735w, https:\/\/sincomavi.org.br\/wp-content\/uploads\/2022\/02\/image-5-640x366.png 640w, https:\/\/sincomavi.org.br\/wp-content\/uploads\/2022\/02\/image-5-681x389.png 681w\" sizes=\"auto, (max-width: 889px) 100vw, 889px\" \/><figcaption>Fonte: PMC\/IBGE<\/figcaption><\/figure>\n\n\n\n<p>Ao se observar o desempenho acumulado no ano, que \u00e9 o mesmo do \u00edndice em doze meses, houve novo arrefecimento do volume de vendas do segmento comercial em quest\u00e3o. Depois de ter avan\u00e7ado 15,5% em 2020, em rela\u00e7\u00e3o a 2019, houve desacelera\u00e7\u00e3o de 5,4% em contraposi\u00e7\u00e3o ao ano anterior. Importante destacar que a taxa de doze meses j\u00e1 chegou a apresentar evolu\u00e7\u00e3o de 27,8% em maio de 2021, em rela\u00e7\u00e3o aos doze meses anteriores.<\/p>\n\n\n\n<p><strong>Evolu\u00e7\u00e3o mensal do \u00edndice de volume de vendas do com\u00e9rcio de materiais de constru\u00e7\u00e3o no Estado de SP \u2013 Acumulado no ano e taxa de 12 meses<\/strong><\/p>\n\n\n\n<figure class=\"wp-block-image size-full\"><img loading=\"lazy\" decoding=\"async\" width=\"751\" height=\"451\" src=\"https:\/\/sincomavi.org.br\/wp-content\/uploads\/2022\/02\/image-6.png\" alt=\"\" class=\"wp-image-7651\" srcset=\"https:\/\/sincomavi.org.br\/wp-content\/uploads\/2022\/02\/image-6.png 751w, https:\/\/sincomavi.org.br\/wp-content\/uploads\/2022\/02\/image-6-300x180.png 300w, https:\/\/sincomavi.org.br\/wp-content\/uploads\/2022\/02\/image-6-699x420.png 699w, https:\/\/sincomavi.org.br\/wp-content\/uploads\/2022\/02\/image-6-640x384.png 640w, https:\/\/sincomavi.org.br\/wp-content\/uploads\/2022\/02\/image-6-681x409.png 681w\" sizes=\"auto, (max-width: 751px) 100vw, 751px\" \/><figcaption>Fonte: PMC\/IBGE<\/figcaption><\/figure>\n\n\n\n<p>Enquanto em 2020 o desempenho do com\u00e9rcio de material de constru\u00e7\u00e3o apresentou no Estado de S\u00e3o Paulo a segunda melhor evolu\u00e7\u00e3o de vendas dentre os segmentos comerciais, com +15,5% e inferior somente ao segmento de m\u00f3veis (+21,4%), em 2021 arrefeceu para 5,4%. Isso pode n\u00e3o ter significado uma queda t\u00e3o significativa de posi\u00e7\u00f5es \u2013 ficou em 3\u00aa lugar atr\u00e1s de artigos de uso pessoal e dom\u00e9stico (+12,3%) e tecidos, vestu\u00e1rio e cal\u00e7ados (+12,9%) \u2013 mas \u00e9 um crescimento de praticamente 1\/3 do que apresentado no ano anterior.<\/p>\n\n\n\n<p>\u201cEsta desacelera\u00e7\u00e3o \u00e9 um movimento natural, pois se comparam os dados de 2021 a uma base forte, devido ao significativo avan\u00e7o visto no ano anterior\u201d, ressalta o economista Jaime Vasconcellos. E complementa: \u201cal\u00e9m desta quest\u00e3o estat\u00edstica, a reabertura das atividades restringidas pelo Plano S\u00e3o Paulo gerou retorno da concorr\u00eancia setorial e aliando este cen\u00e1rio a uma piora da conjuntura econ\u00f4mica, com aumento dos pre\u00e7os (gerais e setoriais), dos juros aos consumidores e do pr\u00f3prio endividamento familiar, est\u00e1 justificado o menor ritmo positivo de vendas\u201d. Como esta conjuntura, vista principalmente no segundo semestre de 2021, deve se manter em 2022 e ser\u00e1 agravada com o aumento das incertezas pelo pr\u00f3prio per\u00edodo eleitoral e pela cautela com novas variantes do Coronavir\u00fas, a tend\u00eancia para o ano \u00e9 reequil\u00edbrio das vendas em patamares mais t\u00edmidos, ainda que se mantenham positivos.<\/p>\n\n\n<style>.wp-block-kadence-spacer.kt-block-spacer-_c573bb-fd .kt-block-spacer{height:60px;}.wp-block-kadence-spacer.kt-block-spacer-_c573bb-fd .kt-divider{border-top-width:1px;height:1px;border-top-color:#eee;width:80%;border-top-style:solid;}<\/style>\n<div class=\"wp-block-kadence-spacer aligncenter kt-block-spacer-_c573bb-fd\"><div class=\"kt-block-spacer kt-block-spacer-halign-center\"><hr class=\"kt-divider\"\/><\/div><\/div>\n","protected":false},"excerpt":{"rendered":"<p>O volume de vendas do com\u00e9rcio de material de constru\u00e7\u00e3o paulista encerrou o m\u00eas de dezembro com queda de 7,5% em rela\u00e7\u00e3o ao mesmo per\u00edodo do ano anterior. O recuo \u00e9 mais ameno que o indicador visto no \u00e2mbito nacional (-8,3%), mas \u00e9 mais agudo que o registrado em novembro\/21, quando apresentou uma queda de [&hellip;]<\/p>\n","protected":false},"author":1,"featured_media":7652,"comment_status":"closed","ping_status":"open","sticky":false,"template":"","format":"standard","meta":{"tdm_status":"","tdm_grid_status":"","footnotes":""},"categories":[153],"tags":[199,632,620,158,665,200,75],"class_list":["post-7649","post","type-post","status-publish","format-standard","has-post-thumbnail","hentry","category-noticias","tag-comercio","tag-estudo-setorial","tag-levantamento","tag-material-de-construcao","tag-pesquisa-mensal-do-comercio","tag-varejo","tag-vendas"],"amp_enabled":true,"_links":{"self":[{"href":"https:\/\/sincomavi.org.br\/index.php?rest_route=\/wp\/v2\/posts\/7649","targetHints":{"allow":["GET"]}}],"collection":[{"href":"https:\/\/sincomavi.org.br\/index.php?rest_route=\/wp\/v2\/posts"}],"about":[{"href":"https:\/\/sincomavi.org.br\/index.php?rest_route=\/wp\/v2\/types\/post"}],"author":[{"embeddable":true,"href":"https:\/\/sincomavi.org.br\/index.php?rest_route=\/wp\/v2\/users\/1"}],"replies":[{"embeddable":true,"href":"https:\/\/sincomavi.org.br\/index.php?rest_route=%2Fwp%2Fv2%2Fcomments&post=7649"}],"version-history":[{"count":4,"href":"https:\/\/sincomavi.org.br\/index.php?rest_route=\/wp\/v2\/posts\/7649\/revisions"}],"predecessor-version":[{"id":8831,"href":"https:\/\/sincomavi.org.br\/index.php?rest_route=\/wp\/v2\/posts\/7649\/revisions\/8831"}],"wp:featuredmedia":[{"embeddable":true,"href":"https:\/\/sincomavi.org.br\/index.php?rest_route=\/wp\/v2\/media\/7652"}],"wp:attachment":[{"href":"https:\/\/sincomavi.org.br\/index.php?rest_route=%2Fwp%2Fv2%2Fmedia&parent=7649"}],"wp:term":[{"taxonomy":"category","embeddable":true,"href":"https:\/\/sincomavi.org.br\/index.php?rest_route=%2Fwp%2Fv2%2Fcategories&post=7649"},{"taxonomy":"post_tag","embeddable":true,"href":"https:\/\/sincomavi.org.br\/index.php?rest_route=%2Fwp%2Fv2%2Ftags&post=7649"}],"curies":[{"name":"wp","href":"https:\/\/api.w.org\/{rel}","templated":true}]}}