{"id":7601,"date":"2022-02-02T09:39:01","date_gmt":"2022-02-02T12:39:01","guid":{"rendered":"https:\/\/sincomavi.org.br\/?p=7601"},"modified":"2022-02-02T09:39:02","modified_gmt":"2022-02-02T12:39:02","slug":"carnaval-esclarecimentos-2","status":"publish","type":"post","link":"https:\/\/sincomavi.org.br\/?p=7601","title":{"rendered":"Carnaval: esclarecimentos"},"content":{"rendered":"<style>.wp-block-kadence-spacer.kt-block-spacer-_c9bfc9-84 .kt-block-spacer{height:60px;}.wp-block-kadence-spacer.kt-block-spacer-_c9bfc9-84 .kt-divider{border-top-width:1px;height:1px;border-top-color:#eee;width:80%;border-top-style:solid;}<\/style>\n<div class=\"wp-block-kadence-spacer aligncenter kt-block-spacer-_c9bfc9-84\"><div class=\"kt-block-spacer kt-block-spacer-halign-center\" style=\"height:60px\"><hr class=\"kt-divider\" style=\"border-top-color:#eee;border-top-width:1px;width:80%;border-top-style:solid\"\/><\/div><\/div>\n\n\n\n<p>01\/02\/2022 | Tendo em vista o grande n\u00famero de consultas, o Sincomavi novamente lembra que o Carnaval, embora sendo uma festa popular comemorada em todo o Brasil, n\u00e3o \u00e9 feriado nacional.<\/p>\n\n\n\n<p>At\u00e9 a presente data, somente o Estado do Rio de Janeiro decretou a ter\u00e7a-feira de carnaval como feriado estadual. No Estado de S\u00e3o Paulo somente \u00e9 feriado em duas cidades: Terra Roxa e Lins.<\/p>\n\n\n\n<p>Ocorre que muitas autoridades &#8211; federais, estaduais ou municipais &#8211; declaram esse per\u00edodo como ponto facultativo, que s\u00f3 se aplica ao funcionalismo p\u00fablico. Existem muitas outras datas que s\u00e3o pontos facultativos, tais como dia do professor, dia do funcion\u00e1rio p\u00fablico, dia da Justi\u00e7a etc. Nem por isso essas datas s\u00e3o \u201cferiados\u201d.<\/p>\n\n\n\n<p>Estabelecida a diferen\u00e7a entre feriado e ponto facultativo, \u00e9 poss\u00edvel esclarecer que as empresas, quanto ao trabalho, dever\u00e3o&nbsp;continuar a seguir o procedimento adotado nos carnavais de anos anteriores, ou seja:<\/p>\n\n\n\n<p>a) Dever\u00e3o liberar os empregados se a empresa costumeiramente adota esse principio, pois a Justi\u00e7a do Trabalho considera essa dispensa como direito adquirido.<\/p>\n\n\n\n<p>b) Se n\u00e3o existe a libera\u00e7\u00e3o costumeira, as empresas poder\u00e3o adotar um dos procedimentos a seguir:<\/p>\n\n\n\n<ul class=\"wp-block-list\"><li>exigir o trabalho normal dos empregados, que ser\u00e3o remunerados sem qualquer acr\u00e9scimo.<\/li><li>negociar, com alguns ou todos os empregados, a dispensa do trabalho, mediante acordo de compensa\u00e7\u00e3o, limitada a duas horas di\u00e1rias ou utiliza\u00e7\u00e3o do banco de horas, nas condi\u00e7\u00f5es previstas nas Conven\u00e7\u00f5es Coletivas de Trabalho (CCTs) firmadas pelo Sincomavi.<\/li><li>dispensar o empregado esse ano, por mera liberalidade.<\/li><\/ul>\n\n\n\n<p>Nas duas \u00faltimas hip\u00f3teses, compensa\u00e7\u00e3o ou dispensa esse ano, o empregador deve observar a possibilidade desses procedimentos tamb\u00e9m se tornarem habituais, pela sua pr\u00e1tica reiterada.<\/p>\n\n\n<style>.wp-block-kadence-spacer.kt-block-spacer-_ebaa45-e8 .kt-block-spacer{height:60px;}.wp-block-kadence-spacer.kt-block-spacer-_ebaa45-e8 .kt-divider{border-top-width:1px;height:1px;border-top-color:#eee;width:80%;border-top-style:solid;}<\/style>\n<div class=\"wp-block-kadence-spacer aligncenter kt-block-spacer-_ebaa45-e8\"><div class=\"kt-block-spacer kt-block-spacer-halign-center\" style=\"height:60px\"><hr class=\"kt-divider\" style=\"border-top-color:#eee;border-top-width:1px;width:80%;border-top-style:solid\"\/><\/div><\/div>\n","protected":false},"excerpt":{"rendered":"<p>01\/02\/2022 | Tendo em vista o grande n\u00famero de consultas, o Sincomavi novamente lembra que o Carnaval, embora sendo uma festa popular comemorada em todo o Brasil, n\u00e3o \u00e9 feriado nacional. At\u00e9 a presente data, somente o Estado do Rio de Janeiro decretou a ter\u00e7a-feira de carnaval como feriado estadual. No Estado de S\u00e3o Paulo [&hellip;]<\/p>\n","protected":false},"author":1,"featured_media":7602,"comment_status":"closed","ping_status":"open","sticky":false,"template":"","format":"standard","meta":{"tdm_status":"","tdm_grid_status":"","footnotes":""},"categories":[157],"tags":[865,658,297,864,659],"class_list":["post-7601","post","type-post","status-publish","format-standard","has-post-thumbnail","hentry","category-alerta","tag-banco-de-horas","tag-carnaval","tag-feriado","tag-orientacao","tag-ponto-facultativo"],"amp_enabled":true,"_links":{"self":[{"href":"https:\/\/sincomavi.org.br\/index.php?rest_route=\/wp\/v2\/posts\/7601","targetHints":{"allow":["GET"]}}],"collection":[{"href":"https:\/\/sincomavi.org.br\/index.php?rest_route=\/wp\/v2\/posts"}],"about":[{"href":"https:\/\/sincomavi.org.br\/index.php?rest_route=\/wp\/v2\/types\/post"}],"author":[{"embeddable":true,"href":"https:\/\/sincomavi.org.br\/index.php?rest_route=\/wp\/v2\/users\/1"}],"replies":[{"embeddable":true,"href":"https:\/\/sincomavi.org.br\/index.php?rest_route=%2Fwp%2Fv2%2Fcomments&post=7601"}],"version-history":[{"count":1,"href":"https:\/\/sincomavi.org.br\/index.php?rest_route=\/wp\/v2\/posts\/7601\/revisions"}],"predecessor-version":[{"id":7603,"href":"https:\/\/sincomavi.org.br\/index.php?rest_route=\/wp\/v2\/posts\/7601\/revisions\/7603"}],"wp:featuredmedia":[{"embeddable":true,"href":"https:\/\/sincomavi.org.br\/index.php?rest_route=\/wp\/v2\/media\/7602"}],"wp:attachment":[{"href":"https:\/\/sincomavi.org.br\/index.php?rest_route=%2Fwp%2Fv2%2Fmedia&parent=7601"}],"wp:term":[{"taxonomy":"category","embeddable":true,"href":"https:\/\/sincomavi.org.br\/index.php?rest_route=%2Fwp%2Fv2%2Fcategories&post=7601"},{"taxonomy":"post_tag","embeddable":true,"href":"https:\/\/sincomavi.org.br\/index.php?rest_route=%2Fwp%2Fv2%2Ftags&post=7601"}],"curies":[{"name":"wp","href":"https:\/\/api.w.org\/{rel}","templated":true}]}}