{"id":7596,"date":"2022-02-01T11:17:20","date_gmt":"2022-02-01T14:17:20","guid":{"rendered":"https:\/\/sincomavi.org.br\/?p=7596"},"modified":"2022-02-01T11:17:21","modified_gmt":"2022-02-01T14:17:21","slug":"queda-no-movimento-do-comercio-em-2021","status":"publish","type":"post","link":"https:\/\/sincomavi.org.br\/?p=7596","title":{"rendered":"Queda no movimento do com\u00e9rcio em 2021"},"content":{"rendered":"<style>.wp-block-kadence-spacer.kt-block-spacer-_b77e7c-74 .kt-block-spacer{height:60px;}.wp-block-kadence-spacer.kt-block-spacer-_b77e7c-74 .kt-divider{border-top-width:1px;height:1px;border-top-color:#eee;width:80%;border-top-style:solid;}<\/style>\n<div class=\"wp-block-kadence-spacer aligncenter kt-block-spacer-_b77e7c-74\"><div class=\"kt-block-spacer kt-block-spacer-halign-center\" style=\"height:60px\"><hr class=\"kt-divider\" style=\"border-top-color:#eee;border-top-width:1px;width:80%;border-top-style:solid\"\/><\/div><\/div>\n\n\n\n<p>O indicador antecedente da Boa Vista de Movimento do Com\u00e9rcio, que acompanha o desempenho das vendas no varejo em todo territ\u00f3rio nacional, sofreu uma queda de 0,5% em 2021, tendo como refer\u00eancia o ano anterior. Foi registrado varia\u00e7\u00e3o negativa tamb\u00e9m na compara\u00e7\u00e3o mensal dos dados dessazonalizados do indicador, novembro para dezembro: de &#8211; 0,4%. J\u00e1 a compara\u00e7\u00e3o interanual do \u00edndice contou com recuo de 4,8%, o que contribuiu para o resultado no ano.<\/p>\n\n\n\n<div class=\"wp-block-image\"><figure class=\"aligncenter size-full\"><img loading=\"lazy\" decoding=\"async\" width=\"500\" height=\"219\" src=\"https:\/\/sincomavi.org.br\/wp-content\/uploads\/2022\/02\/image.png\" alt=\"\" class=\"wp-image-7597\" srcset=\"https:\/\/sincomavi.org.br\/wp-content\/uploads\/2022\/02\/image.png 500w, https:\/\/sincomavi.org.br\/wp-content\/uploads\/2022\/02\/image-300x131.png 300w\" sizes=\"auto, (max-width: 500px) 100vw, 500px\" \/><\/figure><\/div>\n\n\n\n<p>Os analistas da Boa Vista avaliam que o cen\u00e1rio n\u00e3o ser\u00e1 muito diferente em 2022. Isso em raz\u00e3o da tend\u00eancia de alta nos juros, mesmo que ocorra a esperada desacelara\u00e7\u00e3o da infla\u00e7\u00e3o. \u201cAs proje\u00e7\u00f5es mais recentes apontam para um n\u00famero ainda acima do teto da meta de infla\u00e7\u00e3o para este ano, que \u00e9 de 5%. Um fator que poderia ditar um novo rumo para o varejo este ano seria o mercado de trabalho, que vem apresentando n\u00fameros melhores, mas que passam longe de convencer um mercado pouco otimista com a economia brasileira\u201d.<\/p>\n\n\n<style>.wp-block-kadence-spacer.kt-block-spacer-_12c80b-83 .kt-block-spacer{height:60px;}.wp-block-kadence-spacer.kt-block-spacer-_12c80b-83 .kt-divider{border-top-width:1px;height:1px;border-top-color:#eee;width:80%;border-top-style:solid;}<\/style>\n<div class=\"wp-block-kadence-spacer aligncenter kt-block-spacer-_12c80b-83\"><div class=\"kt-block-spacer kt-block-spacer-halign-center\" style=\"height:60px\"><hr class=\"kt-divider\" style=\"border-top-color:#eee;border-top-width:1px;width:80%;border-top-style:solid\"\/><\/div><\/div>\n","protected":false},"excerpt":{"rendered":"<p>O indicador antecedente da Boa Vista de Movimento do Com\u00e9rcio, que acompanha o desempenho das vendas no varejo em todo territ\u00f3rio nacional, sofreu uma queda de 0,5% em 2021, tendo como refer\u00eancia o ano anterior. Foi registrado varia\u00e7\u00e3o negativa tamb\u00e9m na compara\u00e7\u00e3o mensal dos dados dessazonalizados do indicador, novembro para dezembro: de &#8211; 0,4%. J\u00e1 [&hellip;]<\/p>\n","protected":false},"author":1,"featured_media":7598,"comment_status":"closed","ping_status":"open","sticky":false,"template":"","format":"standard","meta":{"tdm_status":"","tdm_grid_status":"","footnotes":""},"categories":[153],"tags":[199,620,160,200,75],"class_list":["post-7596","post","type-post","status-publish","format-standard","has-post-thumbnail","hentry","category-noticias","tag-comercio","tag-levantamento","tag-pesquisa","tag-varejo","tag-vendas"],"amp_enabled":true,"_links":{"self":[{"href":"https:\/\/sincomavi.org.br\/index.php?rest_route=\/wp\/v2\/posts\/7596","targetHints":{"allow":["GET"]}}],"collection":[{"href":"https:\/\/sincomavi.org.br\/index.php?rest_route=\/wp\/v2\/posts"}],"about":[{"href":"https:\/\/sincomavi.org.br\/index.php?rest_route=\/wp\/v2\/types\/post"}],"author":[{"embeddable":true,"href":"https:\/\/sincomavi.org.br\/index.php?rest_route=\/wp\/v2\/users\/1"}],"replies":[{"embeddable":true,"href":"https:\/\/sincomavi.org.br\/index.php?rest_route=%2Fwp%2Fv2%2Fcomments&post=7596"}],"version-history":[{"count":1,"href":"https:\/\/sincomavi.org.br\/index.php?rest_route=\/wp\/v2\/posts\/7596\/revisions"}],"predecessor-version":[{"id":7599,"href":"https:\/\/sincomavi.org.br\/index.php?rest_route=\/wp\/v2\/posts\/7596\/revisions\/7599"}],"wp:featuredmedia":[{"embeddable":true,"href":"https:\/\/sincomavi.org.br\/index.php?rest_route=\/wp\/v2\/media\/7598"}],"wp:attachment":[{"href":"https:\/\/sincomavi.org.br\/index.php?rest_route=%2Fwp%2Fv2%2Fmedia&parent=7596"}],"wp:term":[{"taxonomy":"category","embeddable":true,"href":"https:\/\/sincomavi.org.br\/index.php?rest_route=%2Fwp%2Fv2%2Fcategories&post=7596"},{"taxonomy":"post_tag","embeddable":true,"href":"https:\/\/sincomavi.org.br\/index.php?rest_route=%2Fwp%2Fv2%2Ftags&post=7596"}],"curies":[{"name":"wp","href":"https:\/\/api.w.org\/{rel}","templated":true}]}}