{"id":7583,"date":"2022-01-27T08:42:00","date_gmt":"2022-01-27T11:42:00","guid":{"rendered":"https:\/\/sincomavi.org.br\/?p=7583"},"modified":"2022-01-27T13:49:26","modified_gmt":"2022-01-27T16:49:26","slug":"feicon-2022-credenciamento-ja-esta-aberto","status":"publish","type":"post","link":"https:\/\/sincomavi.org.br\/?p=7583","title":{"rendered":"Feicon 2022: credenciamento j\u00e1 est\u00e1 aberto"},"content":{"rendered":"<style>.wp-block-kadence-spacer.kt-block-spacer-_341412-ce .kt-block-spacer{height:60px;}.wp-block-kadence-spacer.kt-block-spacer-_341412-ce .kt-divider{border-top-width:1px;height:1px;border-top-color:#eee;width:80%;border-top-style:solid;}<\/style>\n<div class=\"wp-block-kadence-spacer aligncenter kt-block-spacer-_341412-ce\"><div class=\"kt-block-spacer kt-block-spacer-halign-center\" style=\"height:60px\"><hr class=\"kt-divider\" style=\"border-top-color:#eee;border-top-width:1px;width:80%;border-top-style:solid\"\/><\/div><\/div>\n\n\n\n<p>Prevista para ser realizada entre os dias 29 de mar\u00e7o e 1\u00ba de abril de 2022, no Pavilh\u00e3o do S\u00e3o Paulo Expo, em S\u00e3o Paulo (SP), a 26\u00aa edi\u00e7\u00e3o da Feicon ser\u00e1 em formato presencial ap\u00f3s dois anos e ter\u00e1 como pano de fundo o bom momento que a constru\u00e7\u00e3o civil viveu no per\u00edodo. Al\u00e9m da \u00e1rea de exposi\u00e7\u00e3o, o evento contar\u00e1 com conte\u00fados especiais, como o Simp\u00f3sio Sincomavi, palestras e workshops.<\/p>\n\n\n\n<p>L\u00facia Mourad, gerente da Feicon, lembra que al\u00e9m de apresentar resultados positivos para a economia nos \u00faltimos dois anos, a constru\u00e7\u00e3o civil passa por um momento de transforma\u00e7\u00e3o, com a digitaliza\u00e7\u00e3o do varejo, as tecnologias que est\u00e3o ganhando espa\u00e7o nos projetos, os sistemas construtivos que est\u00e3o acelerando as opera\u00e7\u00f5es, a dissemina\u00e7\u00e3o das pol\u00edticas de ESG, entre outros fatores. \u201cEste \u00e9 o momento perfeito para reunirmos os profissionais para apresenta\u00e7\u00e3o e debates sobre tend\u00eancias, inova\u00e7\u00f5es e dicas de mercado. Assim, seguimos como maior e principal vitrine de neg\u00f3cios desta ind\u00fastria para a Am\u00e9rica Latina\u201d, ressalta.<\/p>\n\n\n\n<p>Organizada pela RX Brasil, a exposi\u00e7\u00e3o contar\u00e1 com quatro \u00e1reas principais: acabamentos, estruturas, instala\u00e7\u00f5es e externos, que incluir\u00e3o lan\u00e7amentos de produtos, decora\u00e7\u00f5es, seguran\u00e7a, hidr\u00e1ulica, sistemas el\u00e9tricos, inova\u00e7\u00f5es, tecnologias para projetos e sistemas construtivos, bem como produtos voltados para sustentabilidade, entre outros.<\/p>\n\n\n\n<p>Fa\u00e7a hoje mesmo sua inscri\u00e7\u00e3o na Feicon 2022.<\/p>\n\n\n\n<div style=\"height:39px\" aria-hidden=\"true\" class=\"wp-block-spacer\"><\/div>\n\n\n<style>.wp-block-kadence-advancedbtn.kb-btns_f7ad63-00{gap:var(--global-kb-gap-xs, 0.5rem );justify-content:center;align-items:center;}.kt-btns_f7ad63-00 .kt-button{font-weight:normal;font-style:normal;}.kt-btns_f7ad63-00 .kt-btn-wrap-0{margin-right:5px;}.wp-block-kadence-advancedbtn.kt-btns_f7ad63-00 .kt-btn-wrap-0 .kt-button{color:#555555;border-color:#555555;}.wp-block-kadence-advancedbtn.kt-btns_f7ad63-00 .kt-btn-wrap-0 .kt-button:hover, .wp-block-kadence-advancedbtn.kt-btns_f7ad63-00 .kt-btn-wrap-0 .kt-button:focus{color:#ffffff;border-color:#444444;}.wp-block-kadence-advancedbtn.kt-btns_f7ad63-00 .kt-btn-wrap-0 .kt-button::before{display:none;}.wp-block-kadence-advancedbtn.kt-btns_f7ad63-00 .kt-btn-wrap-0 .kt-button:hover, .wp-block-kadence-advancedbtn.kt-btns_f7ad63-00 .kt-btn-wrap-0 .kt-button:focus{background:#444444;}<\/style>\n<div class=\"wp-block-kadence-advancedbtn kt-btn-align-center kt-btn-tablet-align-inherit kt-btn-mobile-align-inherit kt-btns-wrap kt-btns_f7ad63-00\"><div class=\"kt-btn-wrap kt-btn-wrap-0\"><a class=\"kt-button button kt-btn-0-action kt-btn-size-standard kt-btn-style-basic kt-btn-svg-show-always kt-btn-has-text-true kt-btn-has-svg-false\" href=\"https:\/\/www.feicon.com.br\/pt-br\/credenciamento.html\" target=\"_blank\" rel=\"noreferrer noopener\"><span class=\"kt-btn-inner-text\">CLIQUE AQUI<\/span><\/a><\/div><\/div>\n\n\n<style>.wp-block-kadence-spacer.kt-block-spacer-_db566d-9d .kt-block-spacer{height:60px;}.wp-block-kadence-spacer.kt-block-spacer-_db566d-9d .kt-divider{border-top-width:1px;height:1px;border-top-color:#eee;width:80%;border-top-style:solid;}<\/style>\n<div class=\"wp-block-kadence-spacer aligncenter kt-block-spacer-_db566d-9d\"><div class=\"kt-block-spacer kt-block-spacer-halign-center\" style=\"height:60px\"><hr class=\"kt-divider\" style=\"border-top-color:#eee;border-top-width:1px;width:80%;border-top-style:solid\"\/><\/div><\/div>\n","protected":false},"excerpt":{"rendered":"<p>Prevista para ser realizada entre os dias 29 de mar\u00e7o e 1\u00ba de abril de 2022, no Pavilh\u00e3o do S\u00e3o Paulo Expo, em S\u00e3o Paulo (SP), a 26\u00aa edi\u00e7\u00e3o da Feicon ser\u00e1 em formato presencial ap\u00f3s dois anos e ter\u00e1 como pano de fundo o bom momento que a constru\u00e7\u00e3o civil viveu no per\u00edodo. Al\u00e9m [&hellip;]<\/p>\n","protected":false},"author":1,"featured_media":7584,"comment_status":"closed","ping_status":"open","sticky":false,"template":"","format":"standard","meta":{"tdm_status":"","tdm_grid_status":"","footnotes":""},"categories":[153],"tags":[181,684,259],"class_list":["post-7583","post","type-post","status-publish","format-standard","has-post-thumbnail","hentry","category-noticias","tag-evento","tag-feicon","tag-simposio-sincomavi"],"amp_enabled":true,"_links":{"self":[{"href":"https:\/\/sincomavi.org.br\/index.php?rest_route=\/wp\/v2\/posts\/7583","targetHints":{"allow":["GET"]}}],"collection":[{"href":"https:\/\/sincomavi.org.br\/index.php?rest_route=\/wp\/v2\/posts"}],"about":[{"href":"https:\/\/sincomavi.org.br\/index.php?rest_route=\/wp\/v2\/types\/post"}],"author":[{"embeddable":true,"href":"https:\/\/sincomavi.org.br\/index.php?rest_route=\/wp\/v2\/users\/1"}],"replies":[{"embeddable":true,"href":"https:\/\/sincomavi.org.br\/index.php?rest_route=%2Fwp%2Fv2%2Fcomments&post=7583"}],"version-history":[{"count":1,"href":"https:\/\/sincomavi.org.br\/index.php?rest_route=\/wp\/v2\/posts\/7583\/revisions"}],"predecessor-version":[{"id":7585,"href":"https:\/\/sincomavi.org.br\/index.php?rest_route=\/wp\/v2\/posts\/7583\/revisions\/7585"}],"wp:featuredmedia":[{"embeddable":true,"href":"https:\/\/sincomavi.org.br\/index.php?rest_route=\/wp\/v2\/media\/7584"}],"wp:attachment":[{"href":"https:\/\/sincomavi.org.br\/index.php?rest_route=%2Fwp%2Fv2%2Fmedia&parent=7583"}],"wp:term":[{"taxonomy":"category","embeddable":true,"href":"https:\/\/sincomavi.org.br\/index.php?rest_route=%2Fwp%2Fv2%2Fcategories&post=7583"},{"taxonomy":"post_tag","embeddable":true,"href":"https:\/\/sincomavi.org.br\/index.php?rest_route=%2Fwp%2Fv2%2Ftags&post=7583"}],"curies":[{"name":"wp","href":"https:\/\/api.w.org\/{rel}","templated":true}]}}