{"id":7578,"date":"2022-01-27T09:36:43","date_gmt":"2022-01-27T12:36:43","guid":{"rendered":"https:\/\/sincomavi.org.br\/?p=7578"},"modified":"2022-01-27T09:36:44","modified_gmt":"2022-01-27T12:36:44","slug":"fiscalizacao-2022-exige-atencao-redobrada-dos-empresarios","status":"publish","type":"post","link":"https:\/\/sincomavi.org.br\/?p=7578","title":{"rendered":"Fiscaliza\u00e7\u00e3o: 2022 exige aten\u00e7\u00e3o redobrada dos empres\u00e1rios"},"content":{"rendered":"\n<p>27\/01\/2022 | A publica\u00e7\u00e3o do <a href=\"https:\/\/www.in.gov.br\/en\/web\/dou\/-\/decreto-n-10.887-de-7-de-dezembro-de-2021-365395151\" target=\"_blank\" rel=\"noreferrer noopener\"><strong>decreto 10.887\/2021<\/strong><\/a> no Di\u00e1rio Oficial da Uni\u00e3o, em 08 de dezembro do ano passado, trouxe esperan\u00e7a aos empres\u00e1rios do varejo numa poss\u00edvel uniformiza\u00e7\u00e3o da fiscaliza\u00e7\u00e3o das rela\u00e7\u00f5es de consumo, realizada sobretudo pelos Procons, em todo o pa\u00eds. O referido decreto teve como objetivo, segundo a administra\u00e7\u00e3o federal, tornar os mecanismos mais transparentes, padronizados e com maior n\u00edvel de seguran\u00e7a jur\u00eddica.<\/p>\n\n\n\n<p>As principais mudan\u00e7as ocorreram nos seguintes pontos: normas gerais de aplica\u00e7\u00e3o de puni\u00e7\u00f5es, como o detalhamento do processo administrativo; procedimentos administrativos, abrindo a possibilidade inclusive da realiza\u00e7\u00e3o de notifica\u00e7\u00f5es e intima\u00e7\u00f5es por via eletr\u00f4nica; par\u00e2metros mais objetivos, como forma de evitar abusos e ilegalidades pela fiscaliza\u00e7\u00e3o; e a necessidade da aplica\u00e7\u00e3o de penaliza\u00e7\u00f5es somente na segunda visita em atividades classificadas como de risco leve. O decreto abre ainda a possibilidade da celebra\u00e7\u00e3o de um Termo de Ajustamento de Conduta (TAC) pelo fornecedor para a repara\u00e7\u00e3o mais r\u00e1pida de casos controversos.<\/p>\n\n\n\n<p>No entanto, cabe destacar, muitos \u00f3rg\u00e3os de defesa do consumidor n\u00e3o receberam a novidade com muito entusiasmo e j\u00e1 se mostram contr\u00e1rios \u00e0s mudan\u00e7as. No caso do Estado de S\u00e3o Paulo, que j\u00e1 possui regras espec\u00edficas, como a <a href=\"https:\/\/www.procon.sp.gov.br\/portaria-normativa-no-051\/#:~:text=Regula%2C%20no%20que%20%C3%A9%20pertinente,de%20risco%20seja%20considerado%20alto\" target=\"_blank\" rel=\"noreferrer noopener\"><strong>Portaria Normativa 051<\/strong><\/a> sobre fiscaliza\u00e7\u00e3o orientadora, a recomenda\u00e7\u00e3o \u00e9 que os comerciantes continuem seguindo as normas estaduais, consideradas mais r\u00edgidas.<\/p>\n\n\n\n<p>Num ano que dever\u00e1 ser marcado por sobressaltos &#8211; pandemia, elei\u00e7\u00e3o, infla\u00e7\u00e3o e queda na arrecada\u00e7\u00e3o, o empres\u00e1rio precisa ter aten\u00e7\u00e3o aos pontos mais sujeitos \u00e0 fiscaliza\u00e7\u00e3o, como: a afixa\u00e7\u00e3o de placas e cartazes obrigat\u00f3rios (confira a rela\u00e7\u00e3o completa <a href=\"https:\/\/sincomavi.org.br\/placas-e-cartazes\/\" target=\"_blank\" rel=\"noreferrer noopener\"><strong>aqui<\/strong><\/a>); disponibilidade para consulta por parte do cliente de edi\u00e7\u00e3o atualizada do C\u00f3digo de Defesa do Consumidor (fa\u00e7a o <a href=\"https:\/\/sincomavi.org.br\/wp-content\/uploads\/2021\/07\/CDC_ATUALIZADO_26JUL2021.pdf\" target=\"_blank\" rel=\"noreferrer noopener\"><strong>download<\/strong><\/a>); clareza na exposi\u00e7\u00e3o de pre\u00e7os (confira a <a href=\"https:\/\/sincomavi.org.br\/wp-content\/uploads\/2020\/07\/CARTILHA-AFIXA%C3%87%C3%83O-DE-PRE%C3%87OS.pdf\" target=\"_blank\" rel=\"noreferrer noopener\"><strong>cartilha <\/strong><\/a>da FecomercioSP sobre o tema); e controle r\u00edgido sobre produtos com <a href=\"http:\/\/registro.inmetro.gov.br\/objetos\/\" target=\"_blank\" rel=\"noreferrer noopener\"><strong>certifica\u00e7\u00e3o e etiquetagem compuls\u00f3rios<\/strong><\/a>, bem como aqueles controlados e sujeitos \u00e0 fiscaliza\u00e7\u00e3o especial (<a href=\"https:\/\/sincomavi.org.br\/wp-content\/uploads\/2019\/10\/LISTA-DE-PRODUTOS-SUJEITOS-%C3%80-FISCALIZA%C3%87%C3%83O-E-CONTROLE-DOS-%C3%93RG%C3%83OS.pdf\" target=\"_blank\" rel=\"noreferrer noopener\"><strong>clique aqui<\/strong><\/a> para ter acesso \u00e0 lista completa).<\/p>\n\n\n\n<p>Todas orienta\u00e7\u00f5es divulgadas pelo Sincomavi est\u00e3o baseadas nas normas vigentes na data de sua publica\u00e7\u00e3o e, portanto, sujeitas \u00e0s altera\u00e7\u00f5es posteriores promovidas pelos \u00f3rg\u00e3os competentes.<\/p>\n\n\n<style>.wp-block-kadence-spacer.kt-block-spacer-_7351f2-63 .kt-block-spacer{height:60px;}.wp-block-kadence-spacer.kt-block-spacer-_7351f2-63 .kt-divider{border-top-width:1px;height:1px;border-top-color:#eee;width:80%;border-top-style:solid;}<\/style>\n<div class=\"wp-block-kadence-spacer aligncenter kt-block-spacer-_7351f2-63\"><div class=\"kt-block-spacer kt-block-spacer-halign-center\" style=\"height:60px\"><hr class=\"kt-divider\" style=\"border-top-color:#eee;border-top-width:1px;width:80%;border-top-style:solid\"\/><\/div><\/div>\n","protected":false},"excerpt":{"rendered":"<p>27\/01\/2022 | A publica\u00e7\u00e3o do decreto 10.887\/2021 no Di\u00e1rio Oficial da Uni\u00e3o, em 08 de dezembro do ano passado, trouxe esperan\u00e7a aos empres\u00e1rios do varejo numa poss\u00edvel uniformiza\u00e7\u00e3o da fiscaliza\u00e7\u00e3o das rela\u00e7\u00f5es de consumo, realizada sobretudo pelos Procons, em todo o pa\u00eds. O referido decreto teve como objetivo, segundo a administra\u00e7\u00e3o federal, tornar os mecanismos [&hellip;]<\/p>\n","protected":false},"author":1,"featured_media":7579,"comment_status":"closed","ping_status":"open","sticky":false,"template":"","format":"standard","meta":{"tdm_status":"","tdm_grid_status":"","footnotes":""},"categories":[153],"tags":[70,40,69,860,862,96,861,71,383],"class_list":["post-7578","post","type-post","status-publish","format-standard","has-post-thumbnail","hentry","category-noticias","tag-cdc","tag-certificacao","tag-codigo-de-defesa-do-consumidor","tag-decreto-10887-2021","tag-etiquetagem","tag-fiscalizacao","tag-portaria-normativa-51","tag-procon","tag-relacoes-de-consumo"],"amp_enabled":true,"_links":{"self":[{"href":"https:\/\/sincomavi.org.br\/index.php?rest_route=\/wp\/v2\/posts\/7578","targetHints":{"allow":["GET"]}}],"collection":[{"href":"https:\/\/sincomavi.org.br\/index.php?rest_route=\/wp\/v2\/posts"}],"about":[{"href":"https:\/\/sincomavi.org.br\/index.php?rest_route=\/wp\/v2\/types\/post"}],"author":[{"embeddable":true,"href":"https:\/\/sincomavi.org.br\/index.php?rest_route=\/wp\/v2\/users\/1"}],"replies":[{"embeddable":true,"href":"https:\/\/sincomavi.org.br\/index.php?rest_route=%2Fwp%2Fv2%2Fcomments&post=7578"}],"version-history":[{"count":1,"href":"https:\/\/sincomavi.org.br\/index.php?rest_route=\/wp\/v2\/posts\/7578\/revisions"}],"predecessor-version":[{"id":7580,"href":"https:\/\/sincomavi.org.br\/index.php?rest_route=\/wp\/v2\/posts\/7578\/revisions\/7580"}],"wp:featuredmedia":[{"embeddable":true,"href":"https:\/\/sincomavi.org.br\/index.php?rest_route=\/wp\/v2\/media\/7579"}],"wp:attachment":[{"href":"https:\/\/sincomavi.org.br\/index.php?rest_route=%2Fwp%2Fv2%2Fmedia&parent=7578"}],"wp:term":[{"taxonomy":"category","embeddable":true,"href":"https:\/\/sincomavi.org.br\/index.php?rest_route=%2Fwp%2Fv2%2Fcategories&post=7578"},{"taxonomy":"post_tag","embeddable":true,"href":"https:\/\/sincomavi.org.br\/index.php?rest_route=%2Fwp%2Fv2%2Ftags&post=7578"}],"curies":[{"name":"wp","href":"https:\/\/api.w.org\/{rel}","templated":true}]}}