{"id":7574,"date":"2022-01-27T08:57:43","date_gmt":"2022-01-27T11:57:43","guid":{"rendered":"https:\/\/sincomavi.org.br\/?p=7574"},"modified":"2022-01-27T08:58:12","modified_gmt":"2022-01-27T11:58:12","slug":"construcao-precos-sobem-e-confianca-cai","status":"publish","type":"post","link":"https:\/\/sincomavi.org.br\/?p=7574","title":{"rendered":"Constru\u00e7\u00e3o: pre\u00e7os sobem e confian\u00e7a cai"},"content":{"rendered":"<style>.wp-block-kadence-spacer.kt-block-spacer-_571ec6-0b .kt-block-spacer{height:60px;}.wp-block-kadence-spacer.kt-block-spacer-_571ec6-0b .kt-divider{border-top-width:1px;height:1px;border-top-color:#eee;width:80%;border-top-style:solid;}<\/style>\n<div class=\"wp-block-kadence-spacer aligncenter kt-block-spacer-_571ec6-0b\"><div class=\"kt-block-spacer kt-block-spacer-halign-center\" style=\"height:60px\"><hr class=\"kt-divider\" style=\"border-top-color:#eee;border-top-width:1px;width:80%;border-top-style:solid\"\/><\/div><\/div>\n\n\n\n<p>A Funda\u00e7\u00e3o Getulio Vargas divulgou dois importantes indicadores nesta quarta-feira (26) referentes \u00e0 ind\u00fastria da constru\u00e7\u00e3o. O \u00cdndice Nacional de Custo da Constru\u00e7\u00e3o (INCC) contou com uma varia\u00e7\u00e3o positiva em janeiro de 0,64%. O resultado no acumulado dos \u00faltimos doze meses j\u00e1 alcan\u00e7a os 13,70%.<\/p>\n\n\n\n<p>A maior influ\u00eancia para o desempenho registrado foi do segmento de materiais e equipamentos, que teve aumento de 1,05% no per\u00edodo. Dentro dessa categoria, as familias de produtos que sofreram as maiores altas s\u00e3o: pedras ornamentais (2,60%), revestimentos, lou\u00e7as e pisos (1,93%), material para pintura (1,69%) e madeira para acabamento (1,50%). J\u00e1 em rela\u00e7\u00e3o aos itens, as principais varia\u00e7\u00f5es positivas ficaram por conta de argamassa (2,63%, ), elevador (2,22%), massa de concreto (1,90%) e cimento portland comum (1,42%). A pesquisa tamb\u00e9m destaca o recuo nos pre\u00e7os de tubos e conex\u00f5es de ferro e a\u00e7o (-0,56%), compensados (-0,38%) e vergalh\u00f5es e arames de a\u00e7o ao carbono (-0,20%).<\/p>\n\n\n\n<h3 class=\"wp-block-heading\">Ladeira abaixo<\/h3>\n\n\n\n<p>J\u00e1 o \u00cdndice de Confian\u00e7a da Ind\u00fastria (ICI) do FGV IBRE caiu pelo 6\u00ba m\u00eas consecutivo. Em janeiro, ocorreu uma queda de 1,7 ponto, o que fez o indicador chegar aos 98,4 pontos &#8211; o menor n\u00edvel desde julho de 2020 (89,8 pontos). Em m\u00e9dias m\u00f3veis trimestrais, o ICI manteve a tend\u00eancia negativa ao perder 2,3 pontos.<\/p>\n\n\n\n<p>Claudia Perdig\u00e3o, economista da FGV IBRE, comenta que o setor industrial inicia 2022 com recuo disseminado da confian\u00e7a entre os segmentos, pesando sobre esse resultado as incertezas em decorr\u00eancia do aumento nos casos de Covid-19 que tem levado a redu\u00e7\u00f5es no quadro de funcion\u00e1rios e a amplia\u00e7\u00e3o das restri\u00e7\u00f5es em por pa\u00edses que sentiram o recrudescimento da pandemia. \u201cNesse sentido, tanto as perspectivas sobre o ritmo da atividade produtiva, quanto sobre a evolu\u00e7\u00e3o da demanda foram comprometidas. A sequ\u00eancia de quedas n\u00e3o \u00e9 observada desde 2014, quando foram registrados 8 meses consecutivos de retra\u00e7\u00e3o. A redu\u00e7\u00e3o gradual dos gargalos que v\u00eam pressionando a ind\u00fastria, como a escassez de insumos, podem colaborar para a recupera\u00e7\u00e3o do setor no decorrer de 2022\u201d, avalia.<\/p>\n\n\n<style>.wp-block-kadence-spacer.kt-block-spacer-_38c0d0-55 .kt-block-spacer{height:60px;}.wp-block-kadence-spacer.kt-block-spacer-_38c0d0-55 .kt-divider{border-top-width:1px;height:1px;border-top-color:#eee;width:80%;border-top-style:solid;}<\/style>\n<div class=\"wp-block-kadence-spacer aligncenter kt-block-spacer-_38c0d0-55\"><div class=\"kt-block-spacer kt-block-spacer-halign-center\" style=\"height:60px\"><hr class=\"kt-divider\" style=\"border-top-color:#eee;border-top-width:1px;width:80%;border-top-style:solid\"\/><\/div><\/div>\n","protected":false},"excerpt":{"rendered":"<p>A Funda\u00e7\u00e3o Getulio Vargas divulgou dois importantes indicadores nesta quarta-feira (26) referentes \u00e0 ind\u00fastria da constru\u00e7\u00e3o. O \u00cdndice Nacional de Custo da Constru\u00e7\u00e3o (INCC) contou com uma varia\u00e7\u00e3o positiva em janeiro de 0,64%. O resultado no acumulado dos \u00faltimos doze meses j\u00e1 alcan\u00e7a os 13,70%. A maior influ\u00eancia para o desempenho registrado foi do segmento [&hellip;]<\/p>\n","protected":false},"author":1,"featured_media":7575,"comment_status":"closed","ping_status":"open","sticky":false,"template":"","format":"standard","meta":{"tdm_status":"","tdm_grid_status":"","footnotes":""},"categories":[153],"tags":[204,754,859,330,620,158,160,237],"class_list":["post-7574","post","type-post","status-publish","format-standard","has-post-thumbnail","hentry","category-noticias","tag-confianca","tag-fgv-ibre","tag-ici","tag-incc","tag-levantamento","tag-material-de-construcao","tag-pesquisa","tag-precos"],"amp_enabled":true,"_links":{"self":[{"href":"https:\/\/sincomavi.org.br\/index.php?rest_route=\/wp\/v2\/posts\/7574","targetHints":{"allow":["GET"]}}],"collection":[{"href":"https:\/\/sincomavi.org.br\/index.php?rest_route=\/wp\/v2\/posts"}],"about":[{"href":"https:\/\/sincomavi.org.br\/index.php?rest_route=\/wp\/v2\/types\/post"}],"author":[{"embeddable":true,"href":"https:\/\/sincomavi.org.br\/index.php?rest_route=\/wp\/v2\/users\/1"}],"replies":[{"embeddable":true,"href":"https:\/\/sincomavi.org.br\/index.php?rest_route=%2Fwp%2Fv2%2Fcomments&post=7574"}],"version-history":[{"count":2,"href":"https:\/\/sincomavi.org.br\/index.php?rest_route=\/wp\/v2\/posts\/7574\/revisions"}],"predecessor-version":[{"id":7577,"href":"https:\/\/sincomavi.org.br\/index.php?rest_route=\/wp\/v2\/posts\/7574\/revisions\/7577"}],"wp:featuredmedia":[{"embeddable":true,"href":"https:\/\/sincomavi.org.br\/index.php?rest_route=\/wp\/v2\/media\/7575"}],"wp:attachment":[{"href":"https:\/\/sincomavi.org.br\/index.php?rest_route=%2Fwp%2Fv2%2Fmedia&parent=7574"}],"wp:term":[{"taxonomy":"category","embeddable":true,"href":"https:\/\/sincomavi.org.br\/index.php?rest_route=%2Fwp%2Fv2%2Fcategories&post=7574"},{"taxonomy":"post_tag","embeddable":true,"href":"https:\/\/sincomavi.org.br\/index.php?rest_route=%2Fwp%2Fv2%2Ftags&post=7574"}],"curies":[{"name":"wp","href":"https:\/\/api.w.org\/{rel}","templated":true}]}}