{"id":7537,"date":"2022-01-17T15:16:58","date_gmt":"2022-01-17T18:16:58","guid":{"rendered":"https:\/\/sincomavi.org.br\/?p=7537"},"modified":"2022-01-17T15:17:09","modified_gmt":"2022-01-17T18:17:09","slug":"feriado-de-25-de-janeiro-em-sao-paulo-foi-antecipado","status":"publish","type":"post","link":"https:\/\/sincomavi.org.br\/?p=7537","title":{"rendered":"Feriado de 25 de janeiro  em S\u00e3o Paulo foi antecipado"},"content":{"rendered":"<style>.wp-block-kadence-spacer.kt-block-spacer-_11681b-8b .kt-block-spacer{height:60px;}.wp-block-kadence-spacer.kt-block-spacer-_11681b-8b .kt-divider{border-top-width:1px;height:1px;border-top-color:#eee;width:80%;border-top-style:solid;}<\/style>\n<div class=\"wp-block-kadence-spacer aligncenter kt-block-spacer-_11681b-8b\"><div class=\"kt-block-spacer kt-block-spacer-halign-center\" style=\"height:60px\"><hr class=\"kt-divider\" style=\"border-top-color:#eee;border-top-width:1px;width:80%;border-top-style:solid\"\/><\/div><\/div>\n\n\n\n<p>Em 18 de mar\u00e7o de 2021, a Prefeitura Municipal de S\u00e3o Paulo estabeleceu v\u00e1rias medidas com o objetivo de aumentar o isolamento social e combater a dissemina\u00e7\u00e3o da Covid-19, entre elas a antecipa\u00e7\u00e3o da comemora\u00e7\u00e3o de feriados municipais de 2021 e 2022.<\/p>\n\n\n\n<p>Por essa raz\u00e3o, o feriado de funda\u00e7\u00e3o da cidade de S\u00e3o Paulo teve sua celebra\u00e7\u00e3o antecipada e o tratamento dado por cada empresa para esse pr\u00f3ximo dia 25 de janeiro ser\u00e1 baseado na pol\u00edtica adotada na \u00e9poca, conforme detalhamento abaixo:<\/p>\n\n\n\n<p><strong>a) com\u00e9rcios que optaram por antecipar o feriado:<\/strong><\/p>\n\n\n\n<p>\u2013 25 de janeiro dever\u00e1 ser considerada data comercial normal.<\/p>\n\n\n\n<p><strong>b) com\u00e9rcios que operaram normalmente (n\u00e3o anteciparam):<\/strong><\/p>\n\n\n\n<p>\u2013 25 de janeiro dever\u00e1 ser considerado feriado.<\/p>\n\n\n\n<p>Vale destacar mais uma vez que essa medida foi estabelecida pela prefeitura da capital e possui validade somente em seu territ\u00f3rio. Outros munic\u00edpios podem ter tomado, ou n\u00e3o, medida semelhante e para melhor elucida\u00e7\u00e3o se mostra necess\u00e1rio consultar a legisla\u00e7\u00e3o local.<\/p>\n\n\n<style>.wp-block-kadence-spacer.kt-block-spacer-_7f4d37-8d .kt-block-spacer{height:60px;}.wp-block-kadence-spacer.kt-block-spacer-_7f4d37-8d .kt-divider{border-top-width:1px;height:1px;border-top-color:#eee;width:80%;border-top-style:solid;}<\/style>\n<div class=\"wp-block-kadence-spacer aligncenter kt-block-spacer-_7f4d37-8d\"><div class=\"kt-block-spacer kt-block-spacer-halign-center\" style=\"height:60px\"><hr class=\"kt-divider\" style=\"border-top-color:#eee;border-top-width:1px;width:80%;border-top-style:solid\"\/><\/div><\/div>\n","protected":false},"excerpt":{"rendered":"<p>Em 18 de mar\u00e7o de 2021, a Prefeitura Municipal de S\u00e3o Paulo estabeleceu v\u00e1rias medidas com o objetivo de aumentar o isolamento social e combater a dissemina\u00e7\u00e3o da Covid-19, entre elas a antecipa\u00e7\u00e3o da comemora\u00e7\u00e3o de feriados municipais de 2021 e 2022. Por essa raz\u00e3o, o feriado de funda\u00e7\u00e3o da cidade de S\u00e3o Paulo teve [&hellip;]<\/p>\n","protected":false},"author":1,"featured_media":7538,"comment_status":"closed","ping_status":"open","sticky":false,"template":"","format":"standard","meta":{"tdm_status":"","tdm_grid_status":"","footnotes":""},"categories":[153],"tags":[857,349,397,297],"class_list":["post-7537","post","type-post","status-publish","format-standard","has-post-thumbnail","hentry","category-noticias","tag-antecipacao","tag-coronavirus","tag-covid-19","tag-feriado"],"amp_enabled":true,"_links":{"self":[{"href":"https:\/\/sincomavi.org.br\/index.php?rest_route=\/wp\/v2\/posts\/7537","targetHints":{"allow":["GET"]}}],"collection":[{"href":"https:\/\/sincomavi.org.br\/index.php?rest_route=\/wp\/v2\/posts"}],"about":[{"href":"https:\/\/sincomavi.org.br\/index.php?rest_route=\/wp\/v2\/types\/post"}],"author":[{"embeddable":true,"href":"https:\/\/sincomavi.org.br\/index.php?rest_route=\/wp\/v2\/users\/1"}],"replies":[{"embeddable":true,"href":"https:\/\/sincomavi.org.br\/index.php?rest_route=%2Fwp%2Fv2%2Fcomments&post=7537"}],"version-history":[{"count":1,"href":"https:\/\/sincomavi.org.br\/index.php?rest_route=\/wp\/v2\/posts\/7537\/revisions"}],"predecessor-version":[{"id":7539,"href":"https:\/\/sincomavi.org.br\/index.php?rest_route=\/wp\/v2\/posts\/7537\/revisions\/7539"}],"wp:featuredmedia":[{"embeddable":true,"href":"https:\/\/sincomavi.org.br\/index.php?rest_route=\/wp\/v2\/media\/7538"}],"wp:attachment":[{"href":"https:\/\/sincomavi.org.br\/index.php?rest_route=%2Fwp%2Fv2%2Fmedia&parent=7537"}],"wp:term":[{"taxonomy":"category","embeddable":true,"href":"https:\/\/sincomavi.org.br\/index.php?rest_route=%2Fwp%2Fv2%2Fcategories&post=7537"},{"taxonomy":"post_tag","embeddable":true,"href":"https:\/\/sincomavi.org.br\/index.php?rest_route=%2Fwp%2Fv2%2Ftags&post=7537"}],"curies":[{"name":"wp","href":"https:\/\/api.w.org\/{rel}","templated":true}]}}