{"id":7526,"date":"2022-01-14T15:09:42","date_gmt":"2022-01-14T18:09:42","guid":{"rendered":"https:\/\/sincomavi.org.br\/?p=7526"},"modified":"2022-09-23T11:12:07","modified_gmt":"2022-09-23T14:12:07","slug":"pelo-5-mes-seguido-vendas-de-materiais-de-construcao-tem-queda-em-relacao-a-2020","status":"publish","type":"post","link":"https:\/\/sincomavi.org.br\/?p=7526","title":{"rendered":"Material de constru\u00e7\u00e3o: nova queda nas vendas em rela\u00e7\u00e3o a 2020"},"content":{"rendered":"<style>.wp-block-kadence-spacer.kt-block-spacer-_70cf24-8c .kt-block-spacer{height:60px;}.wp-block-kadence-spacer.kt-block-spacer-_70cf24-8c .kt-divider{border-top-width:1px;height:1px;border-top-color:#eee;width:80%;border-top-style:solid;}<\/style>\n<div class=\"wp-block-kadence-spacer aligncenter kt-block-spacer-_70cf24-8c\"><div class=\"kt-block-spacer kt-block-spacer-halign-center\"><hr class=\"kt-divider\"\/><\/div><\/div>\n\n\n\n<p>O volume de vendas do com\u00e9rcio de material de constru\u00e7\u00e3o paulista novamente apresentou retra\u00e7\u00e3o de vendas na compara\u00e7\u00e3o interanual, segundo dados da Pesquisa Mensal do Com\u00e9rcio (PMC), do Instituto Brasileiro de Geografia e Estat\u00edstica (IBGE). Em novembro de 2021 a queda foi de 6,2% em rela\u00e7\u00e3o ao mesmo m\u00eas do ano anterior. \u00c9 o quinto recuo seguido e mais uma vez o desempenho negativo das vendas na economia paulista foi mais agudo que no \u00e2mbito nacional (-4,1%). Ainda assim, as varia\u00e7\u00f5es apresentadas em novembro se mostram menos acentuadas que as registradas nos meses anteriores, tanto no mercado do Estado de S\u00e3o Paulo como no nacional.<\/p>\n\n\n\n<p><strong>Evolu\u00e7\u00e3o mensal do \u00edndice de volume de vendas do com\u00e9rcio de material de constru\u00e7\u00e3o \u2013 M\u00eas contra mesmo m\u00eas do ano anterior<\/strong><\/p>\n\n\n\n<div class=\"wp-block-image\"><figure class=\"aligncenter size-full\"><img loading=\"lazy\" decoding=\"async\" width=\"904\" height=\"568\" src=\"https:\/\/sincomavi.org.br\/wp-content\/uploads\/2022\/01\/image-7.png\" alt=\"\" class=\"wp-image-7527\" srcset=\"https:\/\/sincomavi.org.br\/wp-content\/uploads\/2022\/01\/image-7.png 904w, https:\/\/sincomavi.org.br\/wp-content\/uploads\/2022\/01\/image-7-300x188.png 300w, https:\/\/sincomavi.org.br\/wp-content\/uploads\/2022\/01\/image-7-768x483.png 768w, https:\/\/sincomavi.org.br\/wp-content\/uploads\/2022\/01\/image-7-668x420.png 668w, https:\/\/sincomavi.org.br\/wp-content\/uploads\/2022\/01\/image-7-640x402.png 640w, https:\/\/sincomavi.org.br\/wp-content\/uploads\/2022\/01\/image-7-681x428.png 681w\" sizes=\"auto, (max-width: 904px) 100vw, 904px\" \/><figcaption>Fonte: IBGE<\/figcaption><\/figure><\/div>\n\n\n\n<p>O economista Jaime Vasconcellos comenta que ao ser observado o desempenho acumulado no ano e nos doze meses, at\u00e9 o m\u00eas de novembro, h\u00e1 const\u00e2ncia no arrefecimento do volume de vendas do segmento comercial em quest\u00e3o. \u201cNo Estado de S\u00e3o Paulo este indicador se mant\u00e9m positivo em +6,6% em rela\u00e7\u00e3o ao per\u00edodo janeiro-novembro de 2020, ao mesmo tempo que cresce 8,0% no acumulado do in\u00edcio de dezembro de 2020 ao fim de novembro de 2021\u201d, detalha.<\/p>\n\n\n\n<p><strong>Evolu\u00e7\u00e3o mensal do \u00edndice de volume de vendas do com\u00e9rcio de material de constru\u00e7\u00e3o no Estado de SP \u2013 Acumulado no ano e taxa de 12 meses<\/strong><\/p>\n\n\n\n<div class=\"wp-block-image\"><figure class=\"aligncenter size-full\"><img loading=\"lazy\" decoding=\"async\" width=\"750\" height=\"450\" src=\"https:\/\/sincomavi.org.br\/wp-content\/uploads\/2022\/01\/image-8.png\" alt=\"\" class=\"wp-image-7528\" srcset=\"https:\/\/sincomavi.org.br\/wp-content\/uploads\/2022\/01\/image-8.png 750w, https:\/\/sincomavi.org.br\/wp-content\/uploads\/2022\/01\/image-8-300x180.png 300w, https:\/\/sincomavi.org.br\/wp-content\/uploads\/2022\/01\/image-8-700x420.png 700w, https:\/\/sincomavi.org.br\/wp-content\/uploads\/2022\/01\/image-8-640x384.png 640w, https:\/\/sincomavi.org.br\/wp-content\/uploads\/2022\/01\/image-8-681x409.png 681w\" sizes=\"auto, (max-width: 750px) 100vw, 750px\" \/><figcaption>Fonte: IBGE<\/figcaption><\/figure><\/div>\n\n\n\n<p>Ele acredita ser dif\u00edcil, bem como incorreto, comemorar um desempenho mensal negativo de vendas, mas a informa\u00e7\u00e3o trazida sobre o volume do com\u00e9rcio de material de constru\u00e7\u00e3o do Estado de S\u00e3o Paulo em novembro precisa ser contextualizada para um olhar em que a queda apresentada foi menos aguda que as observadas em setembro e outubro. \u201cAo mesmo tempo, essa performance freia um processo de agravamento deste quadro visto desde o in\u00edcio do semestre\u201d. Em sua opini\u00e3o, o cen\u00e1rio est\u00e1 longe do ideal. No entanto, pode representar um sinal do in\u00edcio de um processo de reequil\u00edbrio do setor, dado que as informa\u00e7\u00f5es do segundo semestre de 2021 s\u00e3o comparadas a uma base forte, com a segunda metade de 2020. \u201cEnquanto os efeitos estat\u00edsticos trazidos pelos desdobramentos in\u00e9ditos da pandemia existirem, ser\u00e1 dif\u00edcil observar mais as tend\u00eancias setoriais. Todavia, em novembro o desempenho do setor pode ter sido aliviado pela inje\u00e7\u00e3o da primeira parcela do d\u00e9cimo terceiro sal\u00e1rio na economia, o que ajuda a justificar esta fotografia\u201d, finaliza.<\/p>\n\n\n<style>.wp-block-kadence-spacer.kt-block-spacer-_decfe3-be .kt-block-spacer{height:60px;}.wp-block-kadence-spacer.kt-block-spacer-_decfe3-be .kt-divider{border-top-width:1px;height:1px;border-top-color:#eee;width:80%;border-top-style:solid;}<\/style>\n<div class=\"wp-block-kadence-spacer aligncenter kt-block-spacer-_decfe3-be\"><div class=\"kt-block-spacer kt-block-spacer-halign-center\"><hr class=\"kt-divider\"\/><\/div><\/div>\n","protected":false},"excerpt":{"rendered":"<p>O volume de vendas do com\u00e9rcio de material de constru\u00e7\u00e3o paulista novamente apresentou retra\u00e7\u00e3o de vendas na compara\u00e7\u00e3o interanual, segundo dados da Pesquisa Mensal do Com\u00e9rcio (PMC), do Instituto Brasileiro de Geografia e Estat\u00edstica (IBGE). Em novembro de 2021 a queda foi de 6,2% em rela\u00e7\u00e3o ao mesmo m\u00eas do ano anterior. \u00c9 o quinto [&hellip;]<\/p>\n","protected":false},"author":1,"featured_media":7529,"comment_status":"closed","ping_status":"open","sticky":false,"template":"","format":"standard","meta":{"tdm_status":"","tdm_grid_status":"","footnotes":""},"categories":[153],"tags":[199,161,158,665,162,200,75],"class_list":["post-7526","post","type-post","status-publish","format-standard","has-post-thumbnail","hentry","category-noticias","tag-comercio","tag-ibge","tag-material-de-construcao","tag-pesquisa-mensal-do-comercio","tag-pmc","tag-varejo","tag-vendas"],"amp_enabled":true,"_links":{"self":[{"href":"https:\/\/sincomavi.org.br\/index.php?rest_route=\/wp\/v2\/posts\/7526","targetHints":{"allow":["GET"]}}],"collection":[{"href":"https:\/\/sincomavi.org.br\/index.php?rest_route=\/wp\/v2\/posts"}],"about":[{"href":"https:\/\/sincomavi.org.br\/index.php?rest_route=\/wp\/v2\/types\/post"}],"author":[{"embeddable":true,"href":"https:\/\/sincomavi.org.br\/index.php?rest_route=\/wp\/v2\/users\/1"}],"replies":[{"embeddable":true,"href":"https:\/\/sincomavi.org.br\/index.php?rest_route=%2Fwp%2Fv2%2Fcomments&post=7526"}],"version-history":[{"count":3,"href":"https:\/\/sincomavi.org.br\/index.php?rest_route=\/wp\/v2\/posts\/7526\/revisions"}],"predecessor-version":[{"id":8880,"href":"https:\/\/sincomavi.org.br\/index.php?rest_route=\/wp\/v2\/posts\/7526\/revisions\/8880"}],"wp:featuredmedia":[{"embeddable":true,"href":"https:\/\/sincomavi.org.br\/index.php?rest_route=\/wp\/v2\/media\/7529"}],"wp:attachment":[{"href":"https:\/\/sincomavi.org.br\/index.php?rest_route=%2Fwp%2Fv2%2Fmedia&parent=7526"}],"wp:term":[{"taxonomy":"category","embeddable":true,"href":"https:\/\/sincomavi.org.br\/index.php?rest_route=%2Fwp%2Fv2%2Fcategories&post=7526"},{"taxonomy":"post_tag","embeddable":true,"href":"https:\/\/sincomavi.org.br\/index.php?rest_route=%2Fwp%2Fv2%2Ftags&post=7526"}],"curies":[{"name":"wp","href":"https:\/\/api.w.org\/{rel}","templated":true}]}}