{"id":7514,"date":"2022-01-11T10:05:17","date_gmt":"2022-01-11T13:05:17","guid":{"rendered":"https:\/\/sincomavi.org.br\/?p=7514"},"modified":"2022-01-11T10:25:31","modified_gmt":"2022-01-11T13:25:31","slug":"carta-de-conjuntura-janeiro-de-2022","status":"publish","type":"post","link":"https:\/\/sincomavi.org.br\/?p=7514","title":{"rendered":"Carta de Conjuntura | janeiro de 2022"},"content":{"rendered":"<style>.wp-block-kadence-spacer.kt-block-spacer-_ec1526-4d .kt-block-spacer{height:60px;}.wp-block-kadence-spacer.kt-block-spacer-_ec1526-4d .kt-divider{border-top-width:1px;height:1px;border-top-color:#eee;width:80%;border-top-style:solid;}<\/style>\n<div class=\"wp-block-kadence-spacer aligncenter kt-block-spacer-_ec1526-4d\"><div class=\"kt-block-spacer kt-block-spacer-halign-center\" style=\"height:60px\"><hr class=\"kt-divider\" style=\"border-top-color:#eee;border-top-width:1px;width:80%;border-top-style:solid\"\/><\/div><\/div>\n\n\n\n<p><strong>Por Jaime Vasconcellos, economista.<\/strong><\/p>\n\n\n\n<p>2022 come\u00e7ou em compasso de espera e com certa apreens\u00e3o, principalmente devido \u00e0s not\u00edcias de avan\u00e7o da variante \u00f4micron do novo coronav\u00edrus e pelo impacto que ela, conjuntamente ao avan\u00e7o da gripe H3N2, tem causado na economia e especialmente no ritmo de funcionamento das empresas. Tem sido comum avistarmos informa\u00e7\u00f5es cotidianas sobre a quantidade de afastamentos de colaboradores por motivos de sa\u00fade, relacionados aos v\u00edrus j\u00e1 citados. Estamos falando desde o setor a\u00e9reo at\u00e9 restaurantes. Do com\u00e9rcio varejista aos pr\u00f3prios profissionais de sa\u00fade.<\/p>\n\n\n\n<p>Este cen\u00e1rio de certa paraliza\u00e7\u00e3o das atividades, ou de insufici\u00eancia de atendimento, preocupa e interfere ainda mais em uma conjuntura social e econ\u00f4mica j\u00e1 de muita dificuldade ao atual ano, no qual se espera p\u00edfio crescimento das nossas riquezas, bastante volatilidade devido ao pleito eleitoral e dificuldades \u00e0s fam\u00edlias, que amargam infla\u00e7\u00e3o elevada, desemprego persistente e altos \u00edndices de endividamento. Fora o mais importante disso tudo, que \u00e9 a sa\u00fade da popula\u00e7\u00e3o com o acometimento em s\u00e9rie de novas e conhecidas mazelas.<\/p>\n\n\n\n<p>Essa sensa\u00e7\u00e3o de \u201c<em>deja v\u00fa<\/em>\u201d leva (com raz\u00e3o) para empres\u00e1rios e consumidores um clima de marasmo e pessimismo a um ano que j\u00e1 se esperava ser de supera\u00e7\u00e3o da pandemia. Creio que n\u00e3o podemos excluir esta possibilidade, por\u00e9m est\u00e1 claro que ainda vivenciaremos persistente influ\u00eancia em nossas rotinas com a Covid-19. Este cen\u00e1rio obriga a todos agirmos com a mesma ou maior cautela em rela\u00e7\u00e3o aos protocolos sanit\u00e1rios para n\u00e3o propaga\u00e7\u00e3o do v\u00edrus, sobretudo para continuarmos seguros e, ao mesmo tempo, possibilitar permanecer ativos os fluxos econ\u00f4micos neste momento de reconstru\u00e7\u00e3o de estabelecimentos e postos de trabalho.<\/p>\n\n\n\n<p>Os pr\u00f3ximos dias se mostram muito relevantes para entendermos como ser\u00e1 o impacto do aumento de casos das doen\u00e7as em rela\u00e7\u00e3o \u00e0 capacidade hospitalar de atendimento emergencial, ambulatorial e intensivo de nossos hospitais. Por enquanto n\u00e3o nos parece que h\u00e1 maiores impactos na utiliza\u00e7\u00e3o de leitos de UTI, o que \u00e9 uma boa not\u00edcia quanto a capacidade das vacinas em salvaguardar-nos de casos mais s\u00e9rios da doen\u00e7a. Todavia, os desafios se mant\u00eam elevados, seja em nossos cuidados di\u00e1rios dentro e fora do lar, seja no dia a dia empresarial de tentar trabalhar com equipes desfalcadas, buscando manter o processo de retomada de nossas vidas.<\/p>\n\n\n\n<p>Seguem nossas proje\u00e7\u00f5es macroecon\u00f4micas para o ano de 2022:<\/p>\n\n\n\n<p>\u2022 <strong>PIB<\/strong>: +0,5%&nbsp;&nbsp;&nbsp;&nbsp;&nbsp;&nbsp;&nbsp;&nbsp;&nbsp;&nbsp;&nbsp;&nbsp;&nbsp; &nbsp;&nbsp;&nbsp;&nbsp;&nbsp;&nbsp;&nbsp;&nbsp;&nbsp;&nbsp;&nbsp;&nbsp;&nbsp;&nbsp;&nbsp;&nbsp;&nbsp;&nbsp;&nbsp;&nbsp;&nbsp;&nbsp;&nbsp;&nbsp;&nbsp;&nbsp;&nbsp;&nbsp;&nbsp;&nbsp;&nbsp;&nbsp;&nbsp;&nbsp;&nbsp;&nbsp;&nbsp;&nbsp;&nbsp;<\/p>\n\n\n\n<p>\u2022 <strong>IPCA<\/strong>: 5,5%&nbsp;&nbsp;&nbsp;&nbsp;&nbsp;&nbsp;&nbsp;&nbsp;&nbsp;&nbsp;&nbsp;&nbsp;&nbsp;&nbsp;&nbsp;&nbsp;&nbsp;&nbsp;&nbsp;&nbsp;&nbsp;&nbsp;&nbsp;&nbsp;&nbsp;&nbsp;&nbsp;&nbsp;&nbsp;&nbsp;&nbsp;&nbsp;&nbsp;&nbsp;&nbsp;&nbsp;&nbsp;&nbsp;&nbsp;&nbsp;&nbsp;&nbsp;&nbsp;&nbsp;&nbsp;&nbsp;&nbsp;&nbsp;&nbsp;&nbsp;&nbsp;&nbsp;<\/p>\n\n\n\n<p>\u2022 <strong>SELIC<\/strong>: 11,5%&nbsp;&nbsp;&nbsp;&nbsp;&nbsp;&nbsp;&nbsp;&nbsp;&nbsp;&nbsp;&nbsp;&nbsp;&nbsp;<\/p>\n\n\n\n<p>\u2022 <strong>Taxa de C\u00e2mbio:<\/strong> 5,60&nbsp;&nbsp;&nbsp;&nbsp;&nbsp;&nbsp;&nbsp;&nbsp;&nbsp;&nbsp;&nbsp;&nbsp;&nbsp;<\/p>\n\n\n\n<p>\u2022 <strong>Balan\u00e7a comercial<\/strong>: + US$ 60 bi<\/p>\n\n\n\n<p>\u2022 <strong>Vendas do varejo<\/strong>: +1,0%<\/p>\n\n\n\n<p>\u2022 <strong>Volume dos servi\u00e7os<\/strong>: +1,5%<\/p>\n\n\n<style>.wp-block-kadence-spacer.kt-block-spacer-_8309ac-e5 .kt-block-spacer{height:60px;}.wp-block-kadence-spacer.kt-block-spacer-_8309ac-e5 .kt-divider{border-top-width:1px;height:1px;border-top-color:#eee;width:80%;border-top-style:solid;}<\/style>\n<div class=\"wp-block-kadence-spacer aligncenter kt-block-spacer-_8309ac-e5\"><div class=\"kt-block-spacer kt-block-spacer-halign-center\" style=\"height:60px\"><hr class=\"kt-divider\" style=\"border-top-color:#eee;border-top-width:1px;width:80%;border-top-style:solid\"\/><\/div><\/div>\n","protected":false},"excerpt":{"rendered":"<p>Por Jaime Vasconcellos, economista. 2022 come\u00e7ou em compasso de espera e com certa apreens\u00e3o, principalmente devido \u00e0s not\u00edcias de avan\u00e7o da variante \u00f4micron do novo coronav\u00edrus e pelo impacto que ela, conjuntamente ao avan\u00e7o da gripe H3N2, tem causado na economia e especialmente no ritmo de funcionamento das empresas. Tem sido comum avistarmos informa\u00e7\u00f5es cotidianas [&hellip;]<\/p>\n","protected":false},"author":1,"featured_media":7515,"comment_status":"closed","ping_status":"open","sticky":false,"template":"","format":"standard","meta":{"tdm_status":"","tdm_grid_status":"","footnotes":""},"categories":[210],"tags":[275,156,273,202,203,417,274,200,75],"class_list":["post-7514","post","type-post","status-publish","format-standard","has-post-thumbnail","hentry","category-artigos","tag-balanca-comercial","tag-economia","tag-ipca","tag-pib","tag-selic","tag-servicos","tag-taxa-de-cambio","tag-varejo","tag-vendas"],"amp_enabled":true,"_links":{"self":[{"href":"https:\/\/sincomavi.org.br\/index.php?rest_route=\/wp\/v2\/posts\/7514","targetHints":{"allow":["GET"]}}],"collection":[{"href":"https:\/\/sincomavi.org.br\/index.php?rest_route=\/wp\/v2\/posts"}],"about":[{"href":"https:\/\/sincomavi.org.br\/index.php?rest_route=\/wp\/v2\/types\/post"}],"author":[{"embeddable":true,"href":"https:\/\/sincomavi.org.br\/index.php?rest_route=\/wp\/v2\/users\/1"}],"replies":[{"embeddable":true,"href":"https:\/\/sincomavi.org.br\/index.php?rest_route=%2Fwp%2Fv2%2Fcomments&post=7514"}],"version-history":[{"count":2,"href":"https:\/\/sincomavi.org.br\/index.php?rest_route=\/wp\/v2\/posts\/7514\/revisions"}],"predecessor-version":[{"id":7517,"href":"https:\/\/sincomavi.org.br\/index.php?rest_route=\/wp\/v2\/posts\/7514\/revisions\/7517"}],"wp:featuredmedia":[{"embeddable":true,"href":"https:\/\/sincomavi.org.br\/index.php?rest_route=\/wp\/v2\/media\/7515"}],"wp:attachment":[{"href":"https:\/\/sincomavi.org.br\/index.php?rest_route=%2Fwp%2Fv2%2Fmedia&parent=7514"}],"wp:term":[{"taxonomy":"category","embeddable":true,"href":"https:\/\/sincomavi.org.br\/index.php?rest_route=%2Fwp%2Fv2%2Fcategories&post=7514"},{"taxonomy":"post_tag","embeddable":true,"href":"https:\/\/sincomavi.org.br\/index.php?rest_route=%2Fwp%2Fv2%2Ftags&post=7514"}],"curies":[{"name":"wp","href":"https:\/\/api.w.org\/{rel}","templated":true}]}}