{"id":7482,"date":"2021-12-21T07:30:36","date_gmt":"2021-12-21T10:30:36","guid":{"rendered":"https:\/\/sincomavi.org.br\/?p=7482"},"modified":"2021-12-21T07:30:37","modified_gmt":"2021-12-21T10:30:37","slug":"decreto-altera-regras-sobre-aplicacao-de-sancoes-administrativa-nas-relacoes-de-consumo","status":"publish","type":"post","link":"https:\/\/sincomavi.org.br\/?p=7482","title":{"rendered":"Decreto altera regras sobre aplica\u00e7\u00e3o de san\u00e7\u00f5es administrativa nas rela\u00e7\u00f5es de consumo"},"content":{"rendered":"<style>.wp-block-kadence-spacer.kt-block-spacer-_b03088-33 .kt-block-spacer{height:60px;}.wp-block-kadence-spacer.kt-block-spacer-_b03088-33 .kt-divider{border-top-width:1px;height:1px;border-top-color:#eee;width:80%;border-top-style:solid;}<\/style>\n<div class=\"wp-block-kadence-spacer aligncenter kt-block-spacer-_b03088-33\"><div class=\"kt-block-spacer kt-block-spacer-halign-center\" style=\"height:60px\"><hr class=\"kt-divider\" style=\"border-top-color:#eee;border-top-width:1px;width:80%;border-top-style:solid\"\/><\/div><\/div>\n\n\n\n<p>17\/12\/2021 &#8211; Foi publicado o Decreto n\u00ba 10.887\/2021, alterando as normas sobre a organiza\u00e7\u00e3o do Sistema Nacional de Defesa do Consumidor &#8211; SNDC.&nbsp;A medida busca atender reclama\u00e7\u00f5es sobre a exist\u00eancia de diferentes m\u00e9todos de aplica\u00e7\u00e3o de san\u00e7\u00f5es administrativas e elevar a seguran\u00e7a jur\u00eddica.<\/p>\n\n\n\n<p>Entre as principais altera\u00e7\u00f5es est\u00e3o o detalhamento das etapas do processo administrativo sancionat\u00f3rio e a maior transpar\u00eancia e tem como foco evitar decis\u00f5es conflitantes, uma vez que torna o entendimento sobre os processos mais uniformes.&nbsp;&nbsp;<\/p>\n\n\n\n<p>As altera\u00e7\u00f5es tamb\u00e9m preveem medidas mais objetivas na aplica\u00e7\u00e3o de penas \u00e0s infra\u00e7\u00f5es das rela\u00e7\u00f5es de consumo, evitando abusos ou ilegalidades por parte de determinado \u00f3rg\u00e3o.&nbsp;Seguindo a pr\u00e1tica de boa parte dos Procons, quando a atividade econ\u00f4mica for classificada como de risco leve, irrelevante ou inexistente, a autua\u00e7\u00e3o, como regra, ocorrer\u00e1 ap\u00f3s a segunda visita, salvo casos de reincid\u00eancia, fraude ou resist\u00eancia \u00e0 fiscaliza\u00e7\u00e3o.&nbsp; Tamb\u00e9m ser\u00e1 poss\u00edvel celebrar Termo de Ajustamento de Conduta (TAC) no qual o fornecedor poder\u00e1 reparar o dano causado aos consumidores de forma a encerrar mais rapidamente a controv\u00e9rsia.&nbsp;<\/p>\n\n\n\n<p>A Secretaria Nacional do Consumidor (Senacon) adotar\u00e1 iniciativas de di\u00e1logo e capacita\u00e7\u00e3o dos membros do Sistema Nacional de Defesa do Consumidor com o objetivo de facilitar a adequada implementa\u00e7\u00e3o do novo Decreto e pretende realizar outras iniciativas para a avalia\u00e7\u00e3o de melhorias que atendam \u00e0s demandas dos \u00f3rg\u00e3os que atuam na prote\u00e7\u00e3o e defesa do consumidor.&nbsp;<\/p>\n\n\n\n<p>A norma muda drasticamente a rotina dos Procons: ela define o c\u00e1lculo para o valor de uma&nbsp;<a href=\"https:\/\/www.consumidormoderno.com.br\/?s=multa\">multa<\/a><strong>&nbsp;<\/strong>contra fornecedores, exige posturas dos \u00f3rg\u00e3os na hora de fiscalizar (tais como proibir a multa em alguns casos a aplica\u00e7\u00e3o de uma multa na primeira visita) e exige a observa\u00e7\u00e3o das regras do Conselho Nacional de Autorregula\u00e7\u00e3o Publicit\u00e1ria (<strong>Conar<\/strong>). Mais do que isso, a secretaria daria a palavra final sobre alguns temas, inclusive as pr\u00f3prias multas.&nbsp;<\/p>\n\n\n\n<p>Com isso, formou-se um posicionamento contr\u00e1rio dos PROCONs e demais entidades civis que defendem os consumidores, pois o decreto atribuiria uma subordina\u00e7\u00e3o inexistente dos Procons para com a Senacon. O motivo, segundo essas entidades, \u00e9 que o decreto fere princ\u00edpios constitucionais ligados \u00e0 liberdade e a autonomia do regime federativo.<\/p>\n\n\n\n<p>O IDEC, por exemplo, entende que o decreto da Senacon \u00e9 inconstitucional e faz duas previs\u00f5es sombrias sobre o decreto: ele vai aumentar a judicializa\u00e7\u00e3o sobre as multas aplicadas nos estados e poderia provocar uma corrida nas assembleias legislativas estaduais para a aprova\u00e7\u00e3o de leis estaduais com regras para as rotinas dos Procons. Um dos motivos seria a necessidade de garantir a autonomia de um PROCON estadual contra uma norma de \u00e2mbito federal.<\/p>\n\n\n\n<p>Alguns Estados, como S\u00e3o Paulo por exemplo, j\u00e1 possuem uma norma e, ao que tudo indica, n\u00e3o dever\u00e1 seguir o que determina o decreto da secretaria.<\/p>\n\n\n\n<p>Segundo nota, Procons e entidades civis de defesa do consumidor estudam ingressar no judici\u00e1rio contra o Decreto.<\/p>\n\n\n\n<p><strong>Fonte: Assessoria T\u00e9cnica FecomercioSP<\/strong><\/p>\n\n\n<style>.wp-block-kadence-spacer.kt-block-spacer-_4bc52d-de .kt-block-spacer{height:60px;}.wp-block-kadence-spacer.kt-block-spacer-_4bc52d-de .kt-divider{border-top-width:1px;height:1px;border-top-color:#eee;width:80%;border-top-style:solid;}<\/style>\n<div class=\"wp-block-kadence-spacer aligncenter kt-block-spacer-_4bc52d-de\"><div class=\"kt-block-spacer kt-block-spacer-halign-center\" style=\"height:60px\"><hr class=\"kt-divider\" style=\"border-top-color:#eee;border-top-width:1px;width:80%;border-top-style:solid\"\/><\/div><\/div>\n","protected":false},"excerpt":{"rendered":"<p>17\/12\/2021 &#8211; Foi publicado o Decreto n\u00ba 10.887\/2021, alterando as normas sobre a organiza\u00e7\u00e3o do Sistema Nacional de Defesa do Consumidor &#8211; SNDC.&nbsp;A medida busca atender reclama\u00e7\u00f5es sobre a exist\u00eancia de diferentes m\u00e9todos de aplica\u00e7\u00e3o de san\u00e7\u00f5es administrativas e elevar a seguran\u00e7a jur\u00eddica. Entre as principais altera\u00e7\u00f5es est\u00e3o o detalhamento das etapas do processo administrativo [&hellip;]<\/p>\n","protected":false},"author":1,"featured_media":7483,"comment_status":"closed","ping_status":"open","sticky":false,"template":"","format":"standard","meta":{"tdm_status":"","tdm_grid_status":"","footnotes":""},"categories":[157],"tags":[205,71,383],"class_list":["post-7482","post","type-post","status-publish","format-standard","has-post-thumbnail","hentry","category-alerta","tag-consumidor","tag-procon","tag-relacoes-de-consumo"],"amp_enabled":true,"_links":{"self":[{"href":"https:\/\/sincomavi.org.br\/index.php?rest_route=\/wp\/v2\/posts\/7482","targetHints":{"allow":["GET"]}}],"collection":[{"href":"https:\/\/sincomavi.org.br\/index.php?rest_route=\/wp\/v2\/posts"}],"about":[{"href":"https:\/\/sincomavi.org.br\/index.php?rest_route=\/wp\/v2\/types\/post"}],"author":[{"embeddable":true,"href":"https:\/\/sincomavi.org.br\/index.php?rest_route=\/wp\/v2\/users\/1"}],"replies":[{"embeddable":true,"href":"https:\/\/sincomavi.org.br\/index.php?rest_route=%2Fwp%2Fv2%2Fcomments&post=7482"}],"version-history":[{"count":2,"href":"https:\/\/sincomavi.org.br\/index.php?rest_route=\/wp\/v2\/posts\/7482\/revisions"}],"predecessor-version":[{"id":7547,"href":"https:\/\/sincomavi.org.br\/index.php?rest_route=\/wp\/v2\/posts\/7482\/revisions\/7547"}],"wp:featuredmedia":[{"embeddable":true,"href":"https:\/\/sincomavi.org.br\/index.php?rest_route=\/wp\/v2\/media\/7483"}],"wp:attachment":[{"href":"https:\/\/sincomavi.org.br\/index.php?rest_route=%2Fwp%2Fv2%2Fmedia&parent=7482"}],"wp:term":[{"taxonomy":"category","embeddable":true,"href":"https:\/\/sincomavi.org.br\/index.php?rest_route=%2Fwp%2Fv2%2Fcategories&post=7482"},{"taxonomy":"post_tag","embeddable":true,"href":"https:\/\/sincomavi.org.br\/index.php?rest_route=%2Fwp%2Fv2%2Ftags&post=7482"}],"curies":[{"name":"wp","href":"https:\/\/api.w.org\/{rel}","templated":true}]}}